{"id":2005,"date":"2019-01-21T20:39:38","date_gmt":"2019-01-21T19:39:38","guid":{"rendered":"http:\/\/agora.xtec.cat\/esc-musica-parets\/?p=2005"},"modified":"2019-01-21T20:56:52","modified_gmt":"2019-01-21T19:56:52","slug":"medalles-de-la-vila-2018","status":"publish","type":"post","link":"https:\/\/agora.xtec.cat\/esc-musica-parets\/general\/medalles-de-la-vila-2018\/","title":{"rendered":"Medalles de la Vila 2018"},"content":{"rendered":"<p>Amb motiu de l&#8217;acte &#8220;Medalles de la Vila 2018&#8221;, el proper <strong>divendres 25 de gener a les 20h<\/strong>, es podr\u00e0 escoltar al teatre Can Rajoler de Parets del Vall\u00e8s al TRIO SPICCATO, format per Oleg Sort (viol\u00ed), Dmitry Dolganov (cello) i Jordi Azagra (piano) els quals interpretaran un repertori variat i adaptat a la gala. Les peces de presentaci\u00f3 i clausura respondran a un marcat estil cl\u00e0ssic, mentre que les peces que il\u00b7lustraran els v\u00eddeos dels guardonats estaran basades en bandes sonores molt conegudes. Aquest trio ja havia actuat anteriorment amb motiu de l&#8217;acte de les medalles del 2016.<a href=\"https:\/\/agora.xtec.cat\/esc-musica-parets\/wp-content\/uploads\/usu1283\/2019\/01\/Cartell-medalles_2018.jpg\"><img loading=\"lazy\" decoding=\"async\" class=\" wp-image-2003 aligncenter\" src=\"https:\/\/agora.xtec.cat\/esc-musica-parets\/wp-content\/uploads\/usu1283\/2019\/01\/Cartell-medalles_2018-724x1024.jpg\" alt=\"\" width=\"447\" height=\"632\" \/><\/a><\/p>\n","protected":false},"excerpt":{"rendered":"<p>Amb motiu de l&#8217;acte &#8220;Medalles de la Vila 2018&#8221;, el proper divendres 25 de gener a les 20h, es podr\u00e0 escoltar al teatre Can Rajoler de Parets del Vall\u00e8s al TRIO SPICCATO, format per Oleg Sort (viol\u00ed), Dmitry Dolganov (cello) i Jordi Azagra (piano) els&hellip;  <a href=\"https:\/\/agora.xtec.cat\/esc-musica-parets\/general\/medalles-de-la-vila-2018\/\" title=\"Read Medalles de la Vila 2018\">Llegeix m\u00e9s\u00bb<\/a><\/p>\n","protected":false},"author":1,"featured_media":2010,"comment_status":"open","ping_status":"closed","sticky":false,"template":"","format":"standard","meta":{"_bbp_topic_count":0,"_bbp_reply_count":0,"_bbp_total_topic_count":0,"_bbp_total_reply_count":0,"_bbp_voice_count":0,"_bbp_anonymous_reply_count":0,"_bbp_topic_count_hidden":0,"_bbp_reply_count_hidden":0,"_bbp_forum_subforum_count":0,"footnotes":""},"categories":[1,29],"tags":[151,150,149,77,152],"class_list":["post-2005","post","type-post","status-publish","format-standard","has-post-thumbnail","hentry","category-general","category-portada","tag-emm-parets","tag-escola-musica","tag-musica","tag-noticies","tag-professors"],"post_mailing_queue_ids":[],"_links":{"self":[{"href":"https:\/\/agora.xtec.cat\/esc-musica-parets\/wp-json\/wp\/v2\/posts\/2005","targetHints":{"allow":["GET"]}}],"collection":[{"href":"https:\/\/agora.xtec.cat\/esc-musica-parets\/wp-json\/wp\/v2\/posts"}],"about":[{"href":"https:\/\/agora.xtec.cat\/esc-musica-parets\/wp-json\/wp\/v2\/types\/post"}],"author":[{"embeddable":true,"href":"https:\/\/agora.xtec.cat\/esc-musica-parets\/wp-json\/wp\/v2\/users\/1"}],"replies":[{"embeddable":true,"href":"https:\/\/agora.xtec.cat\/esc-musica-parets\/wp-json\/wp\/v2\/comments?post=2005"}],"version-history":[{"count":3,"href":"https:\/\/agora.xtec.cat\/esc-musica-parets\/wp-json\/wp\/v2\/posts\/2005\/revisions"}],"predecessor-version":[{"id":2012,"href":"https:\/\/agora.xtec.cat\/esc-musica-parets\/wp-json\/wp\/v2\/posts\/2005\/revisions\/2012"}],"wp:featuredmedia":[{"embeddable":true,"href":"https:\/\/agora.xtec.cat\/esc-musica-parets\/wp-json\/wp\/v2\/media\/2010"}],"wp:attachment":[{"href":"https:\/\/agora.xtec.cat\/esc-musica-parets\/wp-json\/wp\/v2\/media?parent=2005"}],"wp:term":[{"taxonomy":"category","embeddable":true,"href":"https:\/\/agora.xtec.cat\/esc-musica-parets\/wp-json\/wp\/v2\/categories?post=2005"},{"taxonomy":"post_tag","embeddable":true,"href":"https:\/\/agora.xtec.cat\/esc-musica-parets\/wp-json\/wp\/v2\/tags?post=2005"}],"curies":[{"name":"wp","href":"https:\/\/api.w.org\/{rel}","templated":true}]}}