{"id":1976,"date":"2018-12-14T20:48:34","date_gmt":"2018-12-14T19:48:34","guid":{"rendered":"http:\/\/agora.xtec.cat\/esc-musica-parets\/?p=1976"},"modified":"2018-12-20T19:38:39","modified_gmt":"2018-12-20T18:38:39","slug":"concert-de-nadal-al-teatre-can-rajoler","status":"publish","type":"post","link":"https:\/\/agora.xtec.cat\/esc-musica-parets\/general\/concert-de-nadal-al-teatre-can-rajoler\/","title":{"rendered":"Concert de Nadal al teatre Can Rajoler"},"content":{"rendered":"<p>Dijous <strong>13 de desembre a les 19h<\/strong>, va tenir lloc el tradicional <strong>CONCERT DE NADAL<\/strong> al teatre Can Rajoler a c\u00e0rrec d&#8217;alumnes i professors de l&#8217;escola.<\/p>\n<p>El concert va comptar, com en altres ocasions, amb les formacions instrumentals i vocals del centre. Aix\u00ed doncs van actuar l&#8217;orquestra de guitarres, el conjunt de cambra, el combo modern i les tres corals: infantil, junior i adults. Enguany vam comptar amb la participaci\u00f3 dels alumnes de llenguatge musical B\u00e0sic 1 i B\u00e0sic 2 donada l&#8217;excel\u00b7lent feina que estan fent a conjunt instrumental, i van ser acompanyats per professors i professores a mode conjunt de cambra.<\/p>\n<p>Com a cloenda del concert es va fer la presentaci\u00f3 del nou projecte de curs, el <strong>MACRO-COR<\/strong>. Despr\u00e9s de cinc anys d&#8217;\u00e8xits amb la MACRO-ORQUESTRA, aquest curs s&#8217;ha posat en marxa una nova experi\u00e8ncia creant un cor mixt, amb veus blanques i adultes, donant cabuda a una gran representaci\u00f3 de l&#8217;alumnat de llenguatge musical i instrument del centre. Per aquesta ocasi\u00f3 i, en forma de presentaci\u00f3, el MACRO-COR va interpretar tres temes gospel molt canyeros i coneguts. De la mateixa manera que la Macro-Orquestra volia ser un punt de trobada de tots els alumnes d&#8217;instrument amb la finalitat d&#8217;assolir un objectiu com\u00fa, la interpretaci\u00f3 de una pe\u00e7a musical, el Macro-Cor vol aconseguir el mateix objectiu per\u00f2 a trav\u00e9s de la veu. El resultat va ser tot un \u00e8xit i la resposta per part del p\u00fablic assistent va ser sensacional.<\/p>\n<p>Us deixem unes fotografies, per\u00f2 podeu veure el recull que es va fer del concert al seg\u00fcent <strong><a href=\"http:\/\/ow.ly\/z3cJ30mZaMp\">enlla\u00e7<\/a><\/strong>.<\/p>\n<p>Com es diu que val m\u00e9s una imatge que mil paraules, tamb\u00e9 us deixem un petit v\u00eddeo resum de l&#8217;actuaci\u00f3 del Macro-Cor.<\/p>\n\n\t\t<style type=\"text\/css\">\n\t\t\t#gallery-1 {\n\t\t\t\tmargin: auto;\n\t\t\t}\n\t\t\t#gallery-1 .gallery-item {\n\t\t\t\tfloat: left;\n\t\t\t\tmargin-top: 10px;\n\t\t\t\ttext-align: center;\n\t\t\t\twidth: 20%;\n\t\t\t}\n\t\t\t#gallery-1 img {\n\t\t\t\tborder: 2px solid #cfcfcf;\n\t\t\t}\n\t\t\t#gallery-1 .gallery-caption {\n\t\t\t\tmargin-left: 0;\n\t\t\t}\n\t\t\t\/* see gallery_shortcode() in wp-includes\/media.php *\/\n\t\t<\/style>\n\t\t<div id='gallery-1' class='gallery galleryid-1976 gallery-columns-5 gallery-size-large'><dl class='gallery-item'>\n\t\t\t<dt class='gallery-icon landscape'>\n\t\t\t\t<a href='https:\/\/agora.xtec.cat\/esc-musica-parets\/general\/concert-de-nadal-al-teatre-can-rajoler\/attachment\/181213-concert-de-nadal-escola-de-musica-web12_46261096562_o\/'><img loading=\"lazy\" decoding=\"async\" width=\"1024\" height=\"620\" src=\"https:\/\/agora.xtec.cat\/esc-musica-parets\/wp-content\/uploads\/usu1283\/2018\/12\/181213-concert-de-nadal-escola-de-musica-web12_46261096562_o-1024x620.jpg\" class=\"attachment-large size-large\" alt=\"\" srcset=\"https:\/\/agora.xtec.cat\/esc-musica-parets\/wp-content\/uploads\/usu1283\/2018\/12\/181213-concert-de-nadal-escola-de-musica-web12_46261096562_o-1024x620.jpg 1024w, https:\/\/agora.xtec.cat\/esc-musica-parets\/wp-content\/uploads\/usu1283\/2018\/12\/181213-concert-de-nadal-escola-de-musica-web12_46261096562_o-300x182.jpg 300w, https:\/\/agora.xtec.cat\/esc-musica-parets\/wp-content\/uploads\/usu1283\/2018\/12\/181213-concert-de-nadal-escola-de-musica-web12_46261096562_o-768x465.jpg 768w, https:\/\/agora.xtec.cat\/esc-musica-parets\/wp-content\/uploads\/usu1283\/2018\/12\/181213-concert-de-nadal-escola-de-musica-web12_46261096562_o.jpg 1200w\" sizes=\"auto, (max-width: 1024px) 100vw, 1024px\" \/><\/a>\n\t\t\t<\/dt><\/dl><dl class='gallery-item'>\n\t\t\t<dt class='gallery-icon landscape'>\n\t\t\t\t<a href='https:\/\/agora.xtec.cat\/esc-musica-parets\/general\/concert-de-nadal-al-teatre-can-rajoler\/attachment\/181213-concert-de-nadal-escola-de-musica-web4_45398566875_o\/'><img loading=\"lazy\" decoding=\"async\" width=\"1024\" height=\"683\" src=\"https:\/\/agora.xtec.cat\/esc-musica-parets\/wp-content\/uploads\/usu1283\/2018\/12\/181213-concert-de-nadal-escola-de-musica-web4_45398566875_o-1024x683.jpg\" class=\"attachment-large size-large\" alt=\"\" srcset=\"https:\/\/agora.xtec.cat\/esc-musica-parets\/wp-content\/uploads\/usu1283\/2018\/12\/181213-concert-de-nadal-escola-de-musica-web4_45398566875_o-1024x683.jpg 1024w, https:\/\/agora.xtec.cat\/esc-musica-parets\/wp-content\/uploads\/usu1283\/2018\/12\/181213-concert-de-nadal-escola-de-musica-web4_45398566875_o-300x200.jpg 300w, https:\/\/agora.xtec.cat\/esc-musica-parets\/wp-content\/uploads\/usu1283\/2018\/12\/181213-concert-de-nadal-escola-de-musica-web4_45398566875_o-768x512.jpg 768w, https:\/\/agora.xtec.cat\/esc-musica-parets\/wp-content\/uploads\/usu1283\/2018\/12\/181213-concert-de-nadal-escola-de-musica-web4_45398566875_o.jpg 1200w\" sizes=\"auto, (max-width: 1024px) 100vw, 1024px\" \/><\/a>\n\t\t\t<\/dt><\/dl><dl class='gallery-item'>\n\t\t\t<dt class='gallery-icon landscape'>\n\t\t\t\t<a href='https:\/\/agora.xtec.cat\/esc-musica-parets\/general\/concert-de-nadal-al-teatre-can-rajoler\/attachment\/181213-concert-de-nadal-escola-de-musica-web13_44494494050_o\/'><img loading=\"lazy\" decoding=\"async\" width=\"1024\" height=\"683\" src=\"https:\/\/agora.xtec.cat\/esc-musica-parets\/wp-content\/uploads\/usu1283\/2018\/12\/181213-concert-de-nadal-escola-de-musica-web13_44494494050_o-1024x683.jpg\" class=\"attachment-large size-large\" alt=\"\" srcset=\"https:\/\/agora.xtec.cat\/esc-musica-parets\/wp-content\/uploads\/usu1283\/2018\/12\/181213-concert-de-nadal-escola-de-musica-web13_44494494050_o-1024x683.jpg 1024w, https:\/\/agora.xtec.cat\/esc-musica-parets\/wp-content\/uploads\/usu1283\/2018\/12\/181213-concert-de-nadal-escola-de-musica-web13_44494494050_o-300x200.jpg 300w, https:\/\/agora.xtec.cat\/esc-musica-parets\/wp-content\/uploads\/usu1283\/2018\/12\/181213-concert-de-nadal-escola-de-musica-web13_44494494050_o-768x512.jpg 768w, https:\/\/agora.xtec.cat\/esc-musica-parets\/wp-content\/uploads\/usu1283\/2018\/12\/181213-concert-de-nadal-escola-de-musica-web13_44494494050_o.jpg 1200w\" sizes=\"auto, (max-width: 1024px) 100vw, 1024px\" \/><\/a>\n\t\t\t<\/dt><\/dl><dl class='gallery-item'>\n\t\t\t<dt class='gallery-icon landscape'>\n\t\t\t\t<a href='https:\/\/agora.xtec.cat\/esc-musica-parets\/general\/concert-de-nadal-al-teatre-can-rajoler\/attachment\/181213-concert-de-nadal-escola-de-musica-web24_46261098662_o\/'><img loading=\"lazy\" decoding=\"async\" width=\"1024\" height=\"683\" src=\"https:\/\/agora.xtec.cat\/esc-musica-parets\/wp-content\/uploads\/usu1283\/2018\/12\/181213-concert-de-nadal-escola-de-musica-web24_46261098662_o-1024x683.jpg\" class=\"attachment-large size-large\" alt=\"\" srcset=\"https:\/\/agora.xtec.cat\/esc-musica-parets\/wp-content\/uploads\/usu1283\/2018\/12\/181213-concert-de-nadal-escola-de-musica-web24_46261098662_o-1024x683.jpg 1024w, https:\/\/agora.xtec.cat\/esc-musica-parets\/wp-content\/uploads\/usu1283\/2018\/12\/181213-concert-de-nadal-escola-de-musica-web24_46261098662_o-300x200.jpg 300w, https:\/\/agora.xtec.cat\/esc-musica-parets\/wp-content\/uploads\/usu1283\/2018\/12\/181213-concert-de-nadal-escola-de-musica-web24_46261098662_o-768x512.jpg 768w, https:\/\/agora.xtec.cat\/esc-musica-parets\/wp-content\/uploads\/usu1283\/2018\/12\/181213-concert-de-nadal-escola-de-musica-web24_46261098662_o.jpg 1200w\" sizes=\"auto, (max-width: 1024px) 100vw, 1024px\" \/><\/a>\n\t\t\t<\/dt><\/dl><dl class='gallery-item'>\n\t\t\t<dt class='gallery-icon landscape'>\n\t\t\t\t<a href='https:\/\/agora.xtec.cat\/esc-musica-parets\/general\/concert-de-nadal-al-teatre-can-rajoler\/attachment\/181213-concert-de-nadal-escola-de-musica-web27_31372366477_o\/'><img loading=\"lazy\" decoding=\"async\" width=\"1024\" height=\"706\" src=\"https:\/\/agora.xtec.cat\/esc-musica-parets\/wp-content\/uploads\/usu1283\/2018\/12\/181213-concert-de-nadal-escola-de-musica-web27_31372366477_o-1024x706.jpg\" class=\"attachment-large size-large\" alt=\"\" srcset=\"https:\/\/agora.xtec.cat\/esc-musica-parets\/wp-content\/uploads\/usu1283\/2018\/12\/181213-concert-de-nadal-escola-de-musica-web27_31372366477_o-1024x706.jpg 1024w, https:\/\/agora.xtec.cat\/esc-musica-parets\/wp-content\/uploads\/usu1283\/2018\/12\/181213-concert-de-nadal-escola-de-musica-web27_31372366477_o-300x207.jpg 300w, https:\/\/agora.xtec.cat\/esc-musica-parets\/wp-content\/uploads\/usu1283\/2018\/12\/181213-concert-de-nadal-escola-de-musica-web27_31372366477_o-768x529.jpg 768w, https:\/\/agora.xtec.cat\/esc-musica-parets\/wp-content\/uploads\/usu1283\/2018\/12\/181213-concert-de-nadal-escola-de-musica-web27_31372366477_o.jpg 1161w\" sizes=\"auto, (max-width: 1024px) 100vw, 1024px\" \/><\/a>\n\t\t\t<\/dt><\/dl><br style=\"clear: both\" \/><dl class='gallery-item'>\n\t\t\t<dt class='gallery-icon landscape'>\n\t\t\t\t<a href='https:\/\/agora.xtec.cat\/esc-musica-parets\/general\/concert-de-nadal-al-teatre-can-rajoler\/attachment\/181213-concert-de-nadal-escola-de-musica-web33_45398568065_o\/'><img loading=\"lazy\" decoding=\"async\" width=\"1024\" height=\"683\" src=\"https:\/\/agora.xtec.cat\/esc-musica-parets\/wp-content\/uploads\/usu1283\/2018\/12\/181213-concert-de-nadal-escola-de-musica-web33_45398568065_o-1024x683.jpg\" class=\"attachment-large size-large\" alt=\"\" srcset=\"https:\/\/agora.xtec.cat\/esc-musica-parets\/wp-content\/uploads\/usu1283\/2018\/12\/181213-concert-de-nadal-escola-de-musica-web33_45398568065_o-1024x683.jpg 1024w, https:\/\/agora.xtec.cat\/esc-musica-parets\/wp-content\/uploads\/usu1283\/2018\/12\/181213-concert-de-nadal-escola-de-musica-web33_45398568065_o-300x200.jpg 300w, https:\/\/agora.xtec.cat\/esc-musica-parets\/wp-content\/uploads\/usu1283\/2018\/12\/181213-concert-de-nadal-escola-de-musica-web33_45398568065_o-768x512.jpg 768w, https:\/\/agora.xtec.cat\/esc-musica-parets\/wp-content\/uploads\/usu1283\/2018\/12\/181213-concert-de-nadal-escola-de-musica-web33_45398568065_o.jpg 1200w\" sizes=\"auto, (max-width: 1024px) 100vw, 1024px\" \/><\/a>\n\t\t\t<\/dt><\/dl><dl class='gallery-item'>\n\t\t\t<dt class='gallery-icon landscape'>\n\t\t\t\t<a href='https:\/\/agora.xtec.cat\/esc-musica-parets\/general\/concert-de-nadal-al-teatre-can-rajoler\/attachment\/181213-concert-de-nadal-escola-de-musica-web43_45587919174_o\/'><img loading=\"lazy\" decoding=\"async\" width=\"1024\" height=\"683\" src=\"https:\/\/agora.xtec.cat\/esc-musica-parets\/wp-content\/uploads\/usu1283\/2018\/12\/181213-concert-de-nadal-escola-de-musica-web43_45587919174_o-1024x683.jpg\" class=\"attachment-large size-large\" alt=\"\" srcset=\"https:\/\/agora.xtec.cat\/esc-musica-parets\/wp-content\/uploads\/usu1283\/2018\/12\/181213-concert-de-nadal-escola-de-musica-web43_45587919174_o-1024x683.jpg 1024w, https:\/\/agora.xtec.cat\/esc-musica-parets\/wp-content\/uploads\/usu1283\/2018\/12\/181213-concert-de-nadal-escola-de-musica-web43_45587919174_o-300x200.jpg 300w, https:\/\/agora.xtec.cat\/esc-musica-parets\/wp-content\/uploads\/usu1283\/2018\/12\/181213-concert-de-nadal-escola-de-musica-web43_45587919174_o-768x512.jpg 768w, https:\/\/agora.xtec.cat\/esc-musica-parets\/wp-content\/uploads\/usu1283\/2018\/12\/181213-concert-de-nadal-escola-de-musica-web43_45587919174_o.jpg 1200w\" sizes=\"auto, (max-width: 1024px) 100vw, 1024px\" \/><\/a>\n\t\t\t<\/dt><\/dl><dl class='gallery-item'>\n\t\t\t<dt class='gallery-icon landscape'>\n\t\t\t\t<a href='https:\/\/agora.xtec.cat\/esc-musica-parets\/general\/concert-de-nadal-al-teatre-can-rajoler\/attachment\/181213-concert-de-nadal-escola-de-musica-web48_45587918914_o\/'><img loading=\"lazy\" decoding=\"async\" width=\"1024\" height=\"683\" src=\"https:\/\/agora.xtec.cat\/esc-musica-parets\/wp-content\/uploads\/usu1283\/2018\/12\/181213-concert-de-nadal-escola-de-musica-web48_45587918914_o-1024x683.jpg\" class=\"attachment-large size-large\" alt=\"\" srcset=\"https:\/\/agora.xtec.cat\/esc-musica-parets\/wp-content\/uploads\/usu1283\/2018\/12\/181213-concert-de-nadal-escola-de-musica-web48_45587918914_o-1024x683.jpg 1024w, https:\/\/agora.xtec.cat\/esc-musica-parets\/wp-content\/uploads\/usu1283\/2018\/12\/181213-concert-de-nadal-escola-de-musica-web48_45587918914_o-300x200.jpg 300w, https:\/\/agora.xtec.cat\/esc-musica-parets\/wp-content\/uploads\/usu1283\/2018\/12\/181213-concert-de-nadal-escola-de-musica-web48_45587918914_o-768x512.jpg 768w, https:\/\/agora.xtec.cat\/esc-musica-parets\/wp-content\/uploads\/usu1283\/2018\/12\/181213-concert-de-nadal-escola-de-musica-web48_45587918914_o.jpg 1200w\" sizes=\"auto, (max-width: 1024px) 100vw, 1024px\" \/><\/a>\n\t\t\t<\/dt><\/dl><dl class='gallery-item'>\n\t\t\t<dt class='gallery-icon landscape'>\n\t\t\t\t<a href='https:\/\/agora.xtec.cat\/esc-musica-parets\/general\/concert-de-nadal-al-teatre-can-rajoler\/attachment\/181213-concert-de-nadal-escola-de-musica-web63_45398567115_o\/'><img loading=\"lazy\" decoding=\"async\" width=\"1024\" height=\"683\" src=\"https:\/\/agora.xtec.cat\/esc-musica-parets\/wp-content\/uploads\/usu1283\/2018\/12\/181213-concert-de-nadal-escola-de-musica-web63_45398567115_o-1024x683.jpg\" class=\"attachment-large size-large\" alt=\"\" srcset=\"https:\/\/agora.xtec.cat\/esc-musica-parets\/wp-content\/uploads\/usu1283\/2018\/12\/181213-concert-de-nadal-escola-de-musica-web63_45398567115_o-1024x683.jpg 1024w, https:\/\/agora.xtec.cat\/esc-musica-parets\/wp-content\/uploads\/usu1283\/2018\/12\/181213-concert-de-nadal-escola-de-musica-web63_45398567115_o-300x200.jpg 300w, https:\/\/agora.xtec.cat\/esc-musica-parets\/wp-content\/uploads\/usu1283\/2018\/12\/181213-concert-de-nadal-escola-de-musica-web63_45398567115_o-768x512.jpg 768w, https:\/\/agora.xtec.cat\/esc-musica-parets\/wp-content\/uploads\/usu1283\/2018\/12\/181213-concert-de-nadal-escola-de-musica-web63_45398567115_o.jpg 1200w\" sizes=\"auto, (max-width: 1024px) 100vw, 1024px\" \/><\/a>\n\t\t\t<\/dt><\/dl><dl class='gallery-item'>\n\t\t\t<dt class='gallery-icon landscape'>\n\t\t\t\t<a href='https:\/\/agora.xtec.cat\/esc-musica-parets\/general\/concert-de-nadal-al-teatre-can-rajoler\/attachment\/181213-concert-de-nadal-escola-de-musica-web61_45398567135_o\/'><img loading=\"lazy\" decoding=\"async\" width=\"1024\" height=\"683\" src=\"https:\/\/agora.xtec.cat\/esc-musica-parets\/wp-content\/uploads\/usu1283\/2018\/12\/181213-concert-de-nadal-escola-de-musica-web61_45398567135_o-1024x683.jpg\" class=\"attachment-large size-large\" alt=\"\" srcset=\"https:\/\/agora.xtec.cat\/esc-musica-parets\/wp-content\/uploads\/usu1283\/2018\/12\/181213-concert-de-nadal-escola-de-musica-web61_45398567135_o-1024x683.jpg 1024w, https:\/\/agora.xtec.cat\/esc-musica-parets\/wp-content\/uploads\/usu1283\/2018\/12\/181213-concert-de-nadal-escola-de-musica-web61_45398567135_o-300x200.jpg 300w, https:\/\/agora.xtec.cat\/esc-musica-parets\/wp-content\/uploads\/usu1283\/2018\/12\/181213-concert-de-nadal-escola-de-musica-web61_45398567135_o-768x512.jpg 768w, https:\/\/agora.xtec.cat\/esc-musica-parets\/wp-content\/uploads\/usu1283\/2018\/12\/181213-concert-de-nadal-escola-de-musica-web61_45398567135_o.jpg 1200w\" sizes=\"auto, (max-width: 1024px) 100vw, 1024px\" \/><\/a>\n\t\t\t<\/dt><\/dl><br style=\"clear: both\" \/>\n\t\t<\/div>\n\n<p><iframe loading=\"lazy\" title=\"MACRO-COR. Concert de Nadal 2018\" width=\"500\" height=\"281\" src=\"https:\/\/www.youtube.com\/embed\/KeG4PqTXQN4?feature=oembed\" frameborder=\"0\" allow=\"accelerometer; autoplay; clipboard-write; encrypted-media; gyroscope; picture-in-picture; web-share\" referrerpolicy=\"strict-origin-when-cross-origin\" allowfullscreen><\/iframe><\/p>\n","protected":false},"excerpt":{"rendered":"<p>Dijous 13 de desembre a les 19h, va tenir lloc el tradicional CONCERT DE NADAL al teatre Can Rajoler a c\u00e0rrec d&#8217;alumnes i professors de l&#8217;escola.<br \/>\nEl concert va comptar, com en altres ocasions, amb les formacions instrumentals i vocals del centre. Aix\u00ed doncs van actuar&hellip;  <a href=\"https:\/\/agora.xtec.cat\/esc-musica-parets\/general\/concert-de-nadal-al-teatre-can-rajoler\/\" title=\"Read Concert de Nadal al teatre Can Rajoler\">Llegeix m\u00e9s\u00bb<\/a><\/p>\n","protected":false},"author":1,"featured_media":1987,"comment_status":"open","ping_status":"closed","sticky":false,"template":"","format":"standard","meta":{"_bbp_topic_count":0,"_bbp_reply_count":0,"_bbp_total_topic_count":0,"_bbp_total_reply_count":0,"_bbp_voice_count":0,"_bbp_anonymous_reply_count":0,"_bbp_topic_count_hidden":0,"_bbp_reply_count_hidden":0,"_bbp_forum_subforum_count":0,"footnotes":""},"categories":[1,29],"tags":[100,162,80,83,143,151,150,164,163,133,77,152],"class_list":["post-1976","post","type-post","status-publish","format-standard","has-post-thumbnail","hentry","category-general","category-portada","tag-audicions","tag-basics-1","tag-concert-fi-de-curs","tag-corals","tag-curs","tag-emm-parets","tag-escola-musica","tag-gospel","tag-macro-cor","tag-nadal","tag-noticies","tag-professors"],"post_mailing_queue_ids":[],"_links":{"self":[{"href":"https:\/\/agora.xtec.cat\/esc-musica-parets\/wp-json\/wp\/v2\/posts\/1976","targetHints":{"allow":["GET"]}}],"collection":[{"href":"https:\/\/agora.xtec.cat\/esc-musica-parets\/wp-json\/wp\/v2\/posts"}],"about":[{"href":"https:\/\/agora.xtec.cat\/esc-musica-parets\/wp-json\/wp\/v2\/types\/post"}],"author":[{"embeddable":true,"href":"https:\/\/agora.xtec.cat\/esc-musica-parets\/wp-json\/wp\/v2\/users\/1"}],"replies":[{"embeddable":true,"href":"https:\/\/agora.xtec.cat\/esc-musica-parets\/wp-json\/wp\/v2\/comments?post=1976"}],"version-history":[{"count":3,"href":"https:\/\/agora.xtec.cat\/esc-musica-parets\/wp-json\/wp\/v2\/posts\/1976\/revisions"}],"predecessor-version":[{"id":2002,"href":"https:\/\/agora.xtec.cat\/esc-musica-parets\/wp-json\/wp\/v2\/posts\/1976\/revisions\/2002"}],"wp:featuredmedia":[{"embeddable":true,"href":"https:\/\/agora.xtec.cat\/esc-musica-parets\/wp-json\/wp\/v2\/media\/1987"}],"wp:attachment":[{"href":"https:\/\/agora.xtec.cat\/esc-musica-parets\/wp-json\/wp\/v2\/media?parent=1976"}],"wp:term":[{"taxonomy":"category","embeddable":true,"href":"https:\/\/agora.xtec.cat\/esc-musica-parets\/wp-json\/wp\/v2\/categories?post=1976"},{"taxonomy":"post_tag","embeddable":true,"href":"https:\/\/agora.xtec.cat\/esc-musica-parets\/wp-json\/wp\/v2\/tags?post=1976"}],"curies":[{"name":"wp","href":"https:\/\/api.w.org\/{rel}","templated":true}]}}