{"id":1932,"date":"2018-11-05T18:25:00","date_gmt":"2018-11-05T17:25:00","guid":{"rendered":"http:\/\/agora.xtec.cat\/esc-musica-parets\/?p=1932"},"modified":"2018-11-05T18:35:07","modified_gmt":"2018-11-05T17:35:07","slug":"concert-en-el-cementiri-el-dia-de-tots-sants","status":"publish","type":"post","link":"https:\/\/agora.xtec.cat\/esc-musica-parets\/general\/concert-en-el-cementiri-el-dia-de-tots-sants\/","title":{"rendered":"Concert al cementiri el dia de Tots Sants"},"content":{"rendered":"<p>Com cada any, l&#8217;Ajuntament de Parets del Vall\u00e8s va organitzar una jornada cultural al voltant del dia de Tots Sants al cementiri de la poblaci\u00f3. Despr\u00e9s de la preg\u00e0ria que va oferir el moss\u00e8n de la parr\u00f2quia als assistents que van voler participar, el seguit d&#8217;actes es va obrir amb una benvinguda a c\u00e0rrec de Pepi Volart. Tot seguit, es va procedir a la descoberta de la placa en homenatge al rapsode local Joan Navarro i el seu poema &#8220;La nau del silenci&#8221;. A continuaci\u00f3, tot un recital de poemes a c\u00e0rrec de diferents integrants del Niu d&#8217;Art Po\u00e8tic de Parets. I per acabar els actes, va tenir lloc un concert a c\u00e0rrec d&#8217;Esther Ribot (soprano), Adolf Gassol (viol\u00ed) i Jordi Azagra (piano), que van interpretar un repertori format per temes cl\u00e0ssics de la l\u00edrica universal i temes de m\u00fasica catalana.<\/p>\n\n\t\t<style type=\"text\/css\">\n\t\t\t#gallery-1 {\n\t\t\t\tmargin: auto;\n\t\t\t}\n\t\t\t#gallery-1 .gallery-item {\n\t\t\t\tfloat: left;\n\t\t\t\tmargin-top: 10px;\n\t\t\t\ttext-align: center;\n\t\t\t\twidth: 50%;\n\t\t\t}\n\t\t\t#gallery-1 img {\n\t\t\t\tborder: 2px solid #cfcfcf;\n\t\t\t}\n\t\t\t#gallery-1 .gallery-caption {\n\t\t\t\tmargin-left: 0;\n\t\t\t}\n\t\t\t\/* see gallery_shortcode() in wp-includes\/media.php *\/\n\t\t<\/style>\n\t\t<div id='gallery-1' class='gallery galleryid-1932 gallery-columns-2 gallery-size-medium'><dl class='gallery-item'>\n\t\t\t<dt class='gallery-icon landscape'>\n\t\t\t\t<a href='https:\/\/agora.xtec.cat\/esc-musica-parets\/general\/concert-en-el-cementiri-el-dia-de-tots-sants\/attachment\/45270536_2219536541626421_4243974875871444992_n\/'><img loading=\"lazy\" decoding=\"async\" width=\"300\" height=\"225\" src=\"https:\/\/agora.xtec.cat\/esc-musica-parets\/wp-content\/uploads\/usu1283\/2018\/11\/45270536_2219536541626421_4243974875871444992_n-300x225.jpg\" class=\"attachment-medium size-medium\" alt=\"\" srcset=\"https:\/\/agora.xtec.cat\/esc-musica-parets\/wp-content\/uploads\/usu1283\/2018\/11\/45270536_2219536541626421_4243974875871444992_n-300x225.jpg 300w, https:\/\/agora.xtec.cat\/esc-musica-parets\/wp-content\/uploads\/usu1283\/2018\/11\/45270536_2219536541626421_4243974875871444992_n-200x150.jpg 200w, https:\/\/agora.xtec.cat\/esc-musica-parets\/wp-content\/uploads\/usu1283\/2018\/11\/45270536_2219536541626421_4243974875871444992_n.jpg 750w\" sizes=\"auto, (max-width: 300px) 100vw, 300px\" \/><\/a>\n\t\t\t<\/dt><\/dl><dl class='gallery-item'>\n\t\t\t<dt class='gallery-icon landscape'>\n\t\t\t\t<a href='https:\/\/agora.xtec.cat\/esc-musica-parets\/general\/concert-en-el-cementiri-el-dia-de-tots-sants\/attachment\/img_20181101_124634_burst001_cover\/'><img loading=\"lazy\" decoding=\"async\" width=\"300\" height=\"225\" src=\"https:\/\/agora.xtec.cat\/esc-musica-parets\/wp-content\/uploads\/usu1283\/2018\/11\/IMG_20181101_124634_BURST001_COVER-300x225.jpg\" class=\"attachment-medium size-medium\" alt=\"\" srcset=\"https:\/\/agora.xtec.cat\/esc-musica-parets\/wp-content\/uploads\/usu1283\/2018\/11\/IMG_20181101_124634_BURST001_COVER-300x225.jpg 300w, https:\/\/agora.xtec.cat\/esc-musica-parets\/wp-content\/uploads\/usu1283\/2018\/11\/IMG_20181101_124634_BURST001_COVER-768x576.jpg 768w, https:\/\/agora.xtec.cat\/esc-musica-parets\/wp-content\/uploads\/usu1283\/2018\/11\/IMG_20181101_124634_BURST001_COVER-1024x768.jpg 1024w, https:\/\/agora.xtec.cat\/esc-musica-parets\/wp-content\/uploads\/usu1283\/2018\/11\/IMG_20181101_124634_BURST001_COVER-200x150.jpg 200w\" sizes=\"auto, (max-width: 300px) 100vw, 300px\" \/><\/a>\n\t\t\t<\/dt><\/dl><br style=\"clear: both\" \/><dl class='gallery-item'>\n\t\t\t<dt class='gallery-icon landscape'>\n\t\t\t\t<a href='https:\/\/agora.xtec.cat\/esc-musica-parets\/general\/concert-en-el-cementiri-el-dia-de-tots-sants\/attachment\/img_20181101_125515_burst001_cover2\/'><img loading=\"lazy\" decoding=\"async\" width=\"300\" height=\"225\" src=\"https:\/\/agora.xtec.cat\/esc-musica-parets\/wp-content\/uploads\/usu1283\/2018\/11\/IMG_20181101_125515_BURST001_COVER2-300x225.jpg\" class=\"attachment-medium size-medium\" alt=\"\" srcset=\"https:\/\/agora.xtec.cat\/esc-musica-parets\/wp-content\/uploads\/usu1283\/2018\/11\/IMG_20181101_125515_BURST001_COVER2-300x225.jpg 300w, https:\/\/agora.xtec.cat\/esc-musica-parets\/wp-content\/uploads\/usu1283\/2018\/11\/IMG_20181101_125515_BURST001_COVER2-768x576.jpg 768w, https:\/\/agora.xtec.cat\/esc-musica-parets\/wp-content\/uploads\/usu1283\/2018\/11\/IMG_20181101_125515_BURST001_COVER2-1024x768.jpg 1024w, https:\/\/agora.xtec.cat\/esc-musica-parets\/wp-content\/uploads\/usu1283\/2018\/11\/IMG_20181101_125515_BURST001_COVER2-200x150.jpg 200w\" sizes=\"auto, (max-width: 300px) 100vw, 300px\" \/><\/a>\n\t\t\t<\/dt><\/dl><dl class='gallery-item'>\n\t\t\t<dt class='gallery-icon portrait'>\n\t\t\t\t<a href='https:\/\/agora.xtec.cat\/esc-musica-parets\/general\/concert-en-el-cementiri-el-dia-de-tots-sants\/attachment\/45087799_2173021799432781_7275449169475534848_n\/'><img loading=\"lazy\" decoding=\"async\" width=\"227\" height=\"300\" src=\"https:\/\/agora.xtec.cat\/esc-musica-parets\/wp-content\/uploads\/usu1283\/2018\/11\/45087799_2173021799432781_7275449169475534848_n-227x300.jpg\" class=\"attachment-medium size-medium\" alt=\"\" srcset=\"https:\/\/agora.xtec.cat\/esc-musica-parets\/wp-content\/uploads\/usu1283\/2018\/11\/45087799_2173021799432781_7275449169475534848_n-227x300.jpg 227w, https:\/\/agora.xtec.cat\/esc-musica-parets\/wp-content\/uploads\/usu1283\/2018\/11\/45087799_2173021799432781_7275449169475534848_n.jpg 725w\" sizes=\"auto, (max-width: 227px) 100vw, 227px\" \/><\/a>\n\t\t\t<\/dt><\/dl><br style=\"clear: both\" \/>\n\t\t<\/div>\n\n","protected":false},"excerpt":{"rendered":"<p>Com cada any, l&#8217;Ajuntament de Parets del Vall\u00e8s va organitzar una jornada cultural al voltant del dia de Tots Sants al cementiri de la poblaci\u00f3. Despr\u00e9s de la preg\u00e0ria que va oferir el moss\u00e8n de la parr\u00f2quia als assistents que van voler participar, el seguit&hellip;  <a href=\"https:\/\/agora.xtec.cat\/esc-musica-parets\/general\/concert-en-el-cementiri-el-dia-de-tots-sants\/\" title=\"Read Concert al cementiri el dia de Tots Sants\">Llegeix m\u00e9s\u00bb<\/a><\/p>\n","protected":false},"author":1,"featured_media":1937,"comment_status":"open","ping_status":"closed","sticky":false,"template":"","format":"standard","meta":{"_bbp_topic_count":0,"_bbp_reply_count":0,"_bbp_total_topic_count":0,"_bbp_total_reply_count":0,"_bbp_voice_count":0,"_bbp_anonymous_reply_count":0,"_bbp_topic_count_hidden":0,"_bbp_reply_count_hidden":0,"_bbp_forum_subforum_count":0,"footnotes":""},"categories":[1,29],"tags":[151,150,77,152,148],"class_list":["post-1932","post","type-post","status-publish","format-standard","has-post-thumbnail","hentry","category-general","category-portada","tag-emm-parets","tag-escola-musica","tag-noticies","tag-professors","tag-tots-sants"],"post_mailing_queue_ids":[],"_links":{"self":[{"href":"https:\/\/agora.xtec.cat\/esc-musica-parets\/wp-json\/wp\/v2\/posts\/1932","targetHints":{"allow":["GET"]}}],"collection":[{"href":"https:\/\/agora.xtec.cat\/esc-musica-parets\/wp-json\/wp\/v2\/posts"}],"about":[{"href":"https:\/\/agora.xtec.cat\/esc-musica-parets\/wp-json\/wp\/v2\/types\/post"}],"author":[{"embeddable":true,"href":"https:\/\/agora.xtec.cat\/esc-musica-parets\/wp-json\/wp\/v2\/users\/1"}],"replies":[{"embeddable":true,"href":"https:\/\/agora.xtec.cat\/esc-musica-parets\/wp-json\/wp\/v2\/comments?post=1932"}],"version-history":[{"count":3,"href":"https:\/\/agora.xtec.cat\/esc-musica-parets\/wp-json\/wp\/v2\/posts\/1932\/revisions"}],"predecessor-version":[{"id":1943,"href":"https:\/\/agora.xtec.cat\/esc-musica-parets\/wp-json\/wp\/v2\/posts\/1932\/revisions\/1943"}],"wp:featuredmedia":[{"embeddable":true,"href":"https:\/\/agora.xtec.cat\/esc-musica-parets\/wp-json\/wp\/v2\/media\/1937"}],"wp:attachment":[{"href":"https:\/\/agora.xtec.cat\/esc-musica-parets\/wp-json\/wp\/v2\/media?parent=1932"}],"wp:term":[{"taxonomy":"category","embeddable":true,"href":"https:\/\/agora.xtec.cat\/esc-musica-parets\/wp-json\/wp\/v2\/categories?post=1932"},{"taxonomy":"post_tag","embeddable":true,"href":"https:\/\/agora.xtec.cat\/esc-musica-parets\/wp-json\/wp\/v2\/tags?post=1932"}],"curies":[{"name":"wp","href":"https:\/\/api.w.org\/{rel}","templated":true}]}}