{"id":1923,"date":"2018-10-16T18:39:53","date_gmt":"2018-10-16T16:39:53","guid":{"rendered":"http:\/\/agora.xtec.cat\/esc-musica-parets\/?p=1923"},"modified":"2018-10-22T21:24:03","modified_gmt":"2018-10-22T19:24:03","slug":"acte-en-homenatge-a-lluis-companys","status":"publish","type":"post","link":"https:\/\/agora.xtec.cat\/esc-musica-parets\/general\/acte-en-homenatge-a-lluis-companys\/","title":{"rendered":"Acte institucional en homenatge al president Llu\u00eds Companys"},"content":{"rendered":"<p>&#8220;Per Catalunya!&#8221;. Aquestes van ser les darreres paraules que va pronunciar el President Llu\u00eds Companys abans de ser afusellat al Castell de Montju\u00efc de Barcelona, la matinada del 15 d&#8217;octubre de 1940. Ahir feia 78 anys i, per aquest motiu, l&#8217;Ajuntament de Parets del Vall\u00e8s i la Taula de la Mem\u00f2ria Hist\u00f2rica l&#8217;han tornat a homenatjar a la sala d&#8217;exposicions de Can Rajoler en un acte emotiu, amb les veus del Niu d&#8217;Art Po\u00e8tic paret\u00e0 (a c\u00e0rrec de la Ram<span class=\"text_exposed_show\">ona i Gemma Arim\u00f3n, l&#8217;Isidre Oller i la Maria Pujol) i amb acompanyament musical a c\u00e0rrec d&#8217;Ernesto Brice\u00f1o (viol\u00ed) i Jordi Azagra (piano).<br \/>\n<\/span><\/p>\n<div class=\"text_exposed_show\">\n\n\t\t<style type=\"text\/css\">\n\t\t\t#gallery-1 {\n\t\t\t\tmargin: auto;\n\t\t\t}\n\t\t\t#gallery-1 .gallery-item {\n\t\t\t\tfloat: left;\n\t\t\t\tmargin-top: 10px;\n\t\t\t\ttext-align: center;\n\t\t\t\twidth: 50%;\n\t\t\t}\n\t\t\t#gallery-1 img {\n\t\t\t\tborder: 2px solid #cfcfcf;\n\t\t\t}\n\t\t\t#gallery-1 .gallery-caption {\n\t\t\t\tmargin-left: 0;\n\t\t\t}\n\t\t\t\/* see gallery_shortcode() in wp-includes\/media.php *\/\n\t\t<\/style>\n\t\t<div id='gallery-1' class='gallery galleryid-1923 gallery-columns-2 gallery-size-full'><dl class='gallery-item'>\n\t\t\t<dt class='gallery-icon landscape'>\n\t\t\t\t<a href='https:\/\/agora.xtec.cat\/esc-musica-parets\/general\/acte-en-homenatge-a-lluis-companys\/attachment\/44110970_2210115389235203_2162119749788499968_n\/'><img loading=\"lazy\" decoding=\"async\" width=\"960\" height=\"720\" src=\"https:\/\/agora.xtec.cat\/esc-musica-parets\/wp-content\/uploads\/usu1283\/2018\/10\/44110970_2210115389235203_2162119749788499968_n.jpg\" class=\"attachment-full size-full\" alt=\"\" srcset=\"https:\/\/agora.xtec.cat\/esc-musica-parets\/wp-content\/uploads\/usu1283\/2018\/10\/44110970_2210115389235203_2162119749788499968_n.jpg 960w, https:\/\/agora.xtec.cat\/esc-musica-parets\/wp-content\/uploads\/usu1283\/2018\/10\/44110970_2210115389235203_2162119749788499968_n-300x225.jpg 300w, https:\/\/agora.xtec.cat\/esc-musica-parets\/wp-content\/uploads\/usu1283\/2018\/10\/44110970_2210115389235203_2162119749788499968_n-768x576.jpg 768w, https:\/\/agora.xtec.cat\/esc-musica-parets\/wp-content\/uploads\/usu1283\/2018\/10\/44110970_2210115389235203_2162119749788499968_n-200x150.jpg 200w\" sizes=\"auto, (max-width: 960px) 100vw, 960px\" \/><\/a>\n\t\t\t<\/dt><\/dl><dl class='gallery-item'>\n\t\t\t<dt class='gallery-icon landscape'>\n\t\t\t\t<a href='https:\/\/agora.xtec.cat\/esc-musica-parets\/general\/acte-en-homenatge-a-lluis-companys\/attachment\/44158468_1366519730151022_1319279954646532096_n\/'><img loading=\"lazy\" decoding=\"async\" width=\"960\" height=\"720\" src=\"https:\/\/agora.xtec.cat\/esc-musica-parets\/wp-content\/uploads\/usu1283\/2018\/10\/44158468_1366519730151022_1319279954646532096_n.jpg\" class=\"attachment-full size-full\" alt=\"\" srcset=\"https:\/\/agora.xtec.cat\/esc-musica-parets\/wp-content\/uploads\/usu1283\/2018\/10\/44158468_1366519730151022_1319279954646532096_n.jpg 960w, https:\/\/agora.xtec.cat\/esc-musica-parets\/wp-content\/uploads\/usu1283\/2018\/10\/44158468_1366519730151022_1319279954646532096_n-300x225.jpg 300w, https:\/\/agora.xtec.cat\/esc-musica-parets\/wp-content\/uploads\/usu1283\/2018\/10\/44158468_1366519730151022_1319279954646532096_n-768x576.jpg 768w, https:\/\/agora.xtec.cat\/esc-musica-parets\/wp-content\/uploads\/usu1283\/2018\/10\/44158468_1366519730151022_1319279954646532096_n-200x150.jpg 200w\" sizes=\"auto, (max-width: 960px) 100vw, 960px\" \/><\/a>\n\t\t\t<\/dt><\/dl><br style=\"clear: both\" \/><dl class='gallery-item'>\n\t\t\t<dt class='gallery-icon portrait'>\n\t\t\t\t<a href='https:\/\/agora.xtec.cat\/esc-musica-parets\/general\/acte-en-homenatge-a-lluis-companys\/attachment\/43763452_2208327309414011_1032237712477782016_n\/'><img loading=\"lazy\" decoding=\"async\" width=\"687\" height=\"909\" src=\"https:\/\/agora.xtec.cat\/esc-musica-parets\/wp-content\/uploads\/usu1283\/2018\/10\/43763452_2208327309414011_1032237712477782016_n.jpg\" class=\"attachment-full size-full\" alt=\"\" srcset=\"https:\/\/agora.xtec.cat\/esc-musica-parets\/wp-content\/uploads\/usu1283\/2018\/10\/43763452_2208327309414011_1032237712477782016_n.jpg 687w, https:\/\/agora.xtec.cat\/esc-musica-parets\/wp-content\/uploads\/usu1283\/2018\/10\/43763452_2208327309414011_1032237712477782016_n-227x300.jpg 227w\" sizes=\"auto, (max-width: 687px) 100vw, 687px\" \/><\/a>\n\t\t\t<\/dt><\/dl>\n\t\t\t<br style='clear: both' \/>\n\t\t<\/div>\n\n<\/div>\n","protected":false},"excerpt":{"rendered":"<p>&#8220;Per Catalunya!&#8221;. Aquestes van ser les darreres paraules que va pronunciar el President Llu\u00eds Companys abans de ser afusellat al Castell de Montju\u00efc de Barcelona, la matinada del 15 d&#8217;octubre de 1940. Ahir feia 78 anys i, per aquest motiu, l&#8217;Ajuntament de Parets del Vall\u00e8s&hellip;  <a href=\"https:\/\/agora.xtec.cat\/esc-musica-parets\/general\/acte-en-homenatge-a-lluis-companys\/\" title=\"Read Acte institucional en homenatge al president Llu\u00eds Companys\">Llegeix m\u00e9s\u00bb<\/a><\/p>\n","protected":false},"author":1,"featured_media":1926,"comment_status":"open","ping_status":"closed","sticky":false,"template":"","format":"standard","meta":{"_bbp_topic_count":0,"_bbp_reply_count":0,"_bbp_total_topic_count":0,"_bbp_total_reply_count":0,"_bbp_voice_count":0,"_bbp_anonymous_reply_count":0,"_bbp_topic_count_hidden":0,"_bbp_reply_count_hidden":0,"_bbp_forum_subforum_count":0,"footnotes":""},"categories":[1,29],"tags":[151,150,121,77],"class_list":["post-1923","post","type-post","status-publish","format-standard","has-post-thumbnail","hentry","category-general","category-portada","tag-emm-parets","tag-escola-musica","tag-memoria","tag-noticies"],"post_mailing_queue_ids":[],"_links":{"self":[{"href":"https:\/\/agora.xtec.cat\/esc-musica-parets\/wp-json\/wp\/v2\/posts\/1923","targetHints":{"allow":["GET"]}}],"collection":[{"href":"https:\/\/agora.xtec.cat\/esc-musica-parets\/wp-json\/wp\/v2\/posts"}],"about":[{"href":"https:\/\/agora.xtec.cat\/esc-musica-parets\/wp-json\/wp\/v2\/types\/post"}],"author":[{"embeddable":true,"href":"https:\/\/agora.xtec.cat\/esc-musica-parets\/wp-json\/wp\/v2\/users\/1"}],"replies":[{"embeddable":true,"href":"https:\/\/agora.xtec.cat\/esc-musica-parets\/wp-json\/wp\/v2\/comments?post=1923"}],"version-history":[{"count":3,"href":"https:\/\/agora.xtec.cat\/esc-musica-parets\/wp-json\/wp\/v2\/posts\/1923\/revisions"}],"predecessor-version":[{"id":1931,"href":"https:\/\/agora.xtec.cat\/esc-musica-parets\/wp-json\/wp\/v2\/posts\/1923\/revisions\/1931"}],"wp:featuredmedia":[{"embeddable":true,"href":"https:\/\/agora.xtec.cat\/esc-musica-parets\/wp-json\/wp\/v2\/media\/1926"}],"wp:attachment":[{"href":"https:\/\/agora.xtec.cat\/esc-musica-parets\/wp-json\/wp\/v2\/media?parent=1923"}],"wp:term":[{"taxonomy":"category","embeddable":true,"href":"https:\/\/agora.xtec.cat\/esc-musica-parets\/wp-json\/wp\/v2\/categories?post=1923"},{"taxonomy":"post_tag","embeddable":true,"href":"https:\/\/agora.xtec.cat\/esc-musica-parets\/wp-json\/wp\/v2\/tags?post=1923"}],"curies":[{"name":"wp","href":"https:\/\/api.w.org\/{rel}","templated":true}]}}