{"id":1757,"date":"2018-05-14T20:04:38","date_gmt":"2018-05-14T18:04:38","guid":{"rendered":"http:\/\/agora.xtec.cat\/esc-musica-parets\/?p=1757"},"modified":"2018-05-14T20:23:49","modified_gmt":"2018-05-14T18:23:49","slug":"la-coral-junior-als-premis-valles-visio-8a-edicio","status":"publish","type":"post","link":"https:\/\/agora.xtec.cat\/esc-musica-parets\/general\/la-coral-junior-als-premis-valles-visio-8a-edicio\/","title":{"rendered":"La coral junior als &#8220;Premis Vall\u00e8s Visi\u00f3&#8221;, 8a edici\u00f3"},"content":{"rendered":"<p>&nbsp;<\/p>\n<p><a href=\"http:\/\/agora.xtec.cat\/esc-musica-parets\/wp-content\/uploads\/usu1283\/2018\/05\/DSCN7287_redu\u00efda.jpg\"><img loading=\"lazy\" decoding=\"async\" class=\"alignnone wp-image-1758\" src=\"http:\/\/agora.xtec.cat\/esc-musica-parets\/wp-content\/uploads\/usu1283\/2018\/05\/DSCN7287_redu\u00efda-1024x768.jpg\" alt=\"\" width=\"919\" height=\"689\" srcset=\"https:\/\/agora.xtec.cat\/esc-musica-parets\/wp-content\/uploads\/usu1283\/2018\/05\/DSCN7287_redu\u00efda-1024x768.jpg 1024w, https:\/\/agora.xtec.cat\/esc-musica-parets\/wp-content\/uploads\/usu1283\/2018\/05\/DSCN7287_redu\u00efda-300x225.jpg 300w, https:\/\/agora.xtec.cat\/esc-musica-parets\/wp-content\/uploads\/usu1283\/2018\/05\/DSCN7287_redu\u00efda-768x576.jpg 768w, https:\/\/agora.xtec.cat\/esc-musica-parets\/wp-content\/uploads\/usu1283\/2018\/05\/DSCN7287_redu\u00efda-200x150.jpg 200w\" sizes=\"auto, (max-width: 919px) 100vw, 919px\" \/><\/a><\/p>\n<p>El Teatre Can Rajoler de Parets es va omplir divendres passat per celebrar el 8\u00e8 aniversari dels Premis Vall\u00e8s Visi\u00f3. La festa, condu\u00efda pel responsable d\u2019informatius de la televisi\u00f3 Albert Maspons, es va poder veure en directe per Vall\u00e8s Visi\u00f3. A banda del lliurament de premis, a la festa tamb\u00e9 hi va haver lloc per les actuacions musicals, la dansa aix\u00ed com imatges de la cara m\u00e9s \u2018desconeguda\u2019 del canal.<\/p>\n<p>La part art\u00edstica de la gala va anar de la m\u00e0 d&#8217;actuacions d\u2019Elite Dance, de la banda <em>Friday Mood <\/em>del CEM Maria Grever, de Patrick Ressende, guanyador en la categoria senior del Talent Parets 2017 i del grup <em>Background Noise<\/em>, de l\u2019Escola Municipal de M\u00fasica de Parets, tamb\u00e9 guanyadors del Talent Parets 2017 en la categoria teens.<\/p>\n<p>Us deixem amb la interpretaci\u00f3 del tema &#8220;Boy&#8221; a c\u00e0rrec de la coral junior de l&#8217;escola, tamb\u00e9 coneguts com a <em>Background Noise<\/em><\/p>\n<div style=\"width: 400px;\" class=\"wp-video\"><!--[if lt IE 9]><script>document.createElement('video');<\/script><![endif]-->\n<video class=\"wp-video-shortcode\" id=\"video-1757-1\" width=\"400\" height=\"226\" preload=\"metadata\" controls=\"controls\"><source type=\"video\/mp4\" src=\"http:\/\/agora.xtec.cat\/esc-musica-parets\/wp-content\/uploads\/usu1283\/2018\/05\/32373404_338865846517520_4105414596632772608_n.mp4?_=1\" \/><a href=\"http:\/\/agora.xtec.cat\/esc-musica-parets\/wp-content\/uploads\/usu1283\/2018\/05\/32373404_338865846517520_4105414596632772608_n.mp4\">http:\/\/agora.xtec.cat\/esc-musica-parets\/wp-content\/uploads\/usu1283\/2018\/05\/32373404_338865846517520_4105414596632772608_n.mp4<\/a><\/video><\/div>\n","protected":false},"excerpt":{"rendered":"<p>&nbsp;<br \/>\n<a href=\"http:\/\/agora.xtec.cat\/esc-musica-parets\/wp-content\/uploads\/usu1283\/2018\/05\/DSCN7287_redu\u00efda.jpg\"><\/a><br \/>\nEl Teatre Can Rajoler de Parets es va omplir divendres passat per celebrar el 8\u00e8 aniversari dels Premis Vall\u00e8s Visi\u00f3. La festa, condu\u00efda pel responsable d\u2019informatius de la televisi\u00f3 Albert Maspons, es va poder veure en directe per Vall\u00e8s Visi\u00f3. A banda del lliurament&hellip;  <a href=\"https:\/\/agora.xtec.cat\/esc-musica-parets\/general\/la-coral-junior-als-premis-valles-visio-8a-edicio\/\" title=\"Read La coral junior als &#8220;Premis Vall\u00e8s Visi\u00f3&#8221;, 8a edici\u00f3\">Llegeix m\u00e9s\u00bb<\/a><\/p>\n","protected":false},"author":1,"featured_media":1758,"comment_status":"open","ping_status":"closed","sticky":false,"template":"","format":"standard","meta":{"_bbp_topic_count":0,"_bbp_reply_count":0,"_bbp_total_topic_count":0,"_bbp_total_reply_count":0,"_bbp_voice_count":0,"_bbp_anonymous_reply_count":0,"_bbp_topic_count_hidden":0,"_bbp_reply_count_hidden":0,"_bbp_forum_subforum_count":0,"footnotes":""},"categories":[1,29],"tags":[100,83,151,150,139,77,136],"class_list":["post-1757","post","type-post","status-publish","format-standard","has-post-thumbnail","hentry","category-general","category-portada","tag-audicions","tag-corals","tag-emm-parets","tag-escola-musica","tag-festes","tag-noticies","tag-valles-visio"],"post_mailing_queue_ids":[],"_links":{"self":[{"href":"https:\/\/agora.xtec.cat\/esc-musica-parets\/wp-json\/wp\/v2\/posts\/1757","targetHints":{"allow":["GET"]}}],"collection":[{"href":"https:\/\/agora.xtec.cat\/esc-musica-parets\/wp-json\/wp\/v2\/posts"}],"about":[{"href":"https:\/\/agora.xtec.cat\/esc-musica-parets\/wp-json\/wp\/v2\/types\/post"}],"author":[{"embeddable":true,"href":"https:\/\/agora.xtec.cat\/esc-musica-parets\/wp-json\/wp\/v2\/users\/1"}],"replies":[{"embeddable":true,"href":"https:\/\/agora.xtec.cat\/esc-musica-parets\/wp-json\/wp\/v2\/comments?post=1757"}],"version-history":[{"count":3,"href":"https:\/\/agora.xtec.cat\/esc-musica-parets\/wp-json\/wp\/v2\/posts\/1757\/revisions"}],"predecessor-version":[{"id":1766,"href":"https:\/\/agora.xtec.cat\/esc-musica-parets\/wp-json\/wp\/v2\/posts\/1757\/revisions\/1766"}],"wp:featuredmedia":[{"embeddable":true,"href":"https:\/\/agora.xtec.cat\/esc-musica-parets\/wp-json\/wp\/v2\/media\/1758"}],"wp:attachment":[{"href":"https:\/\/agora.xtec.cat\/esc-musica-parets\/wp-json\/wp\/v2\/media?parent=1757"}],"wp:term":[{"taxonomy":"category","embeddable":true,"href":"https:\/\/agora.xtec.cat\/esc-musica-parets\/wp-json\/wp\/v2\/categories?post=1757"},{"taxonomy":"post_tag","embeddable":true,"href":"https:\/\/agora.xtec.cat\/esc-musica-parets\/wp-json\/wp\/v2\/tags?post=1757"}],"curies":[{"name":"wp","href":"https:\/\/api.w.org\/{rel}","templated":true}]}}