{"id":1699,"date":"2018-02-27T20:53:08","date_gmt":"2018-02-27T19:53:08","guid":{"rendered":"http:\/\/agora.xtec.cat\/esc-musica-parets\/?p=1699"},"modified":"2018-02-27T21:10:23","modified_gmt":"2018-02-27T20:10:23","slug":"18a-festa-dels-instrumentistes","status":"publish","type":"post","link":"https:\/\/agora.xtec.cat\/esc-musica-parets\/general\/18a-festa-dels-instrumentistes\/","title":{"rendered":"18a Festa dels Instrumentistes"},"content":{"rendered":"<p>Un any m\u00e9s, la gran participaci\u00f3 d&#8217;alumnes i fam\u00edlies en la Festa dels Instrumentistes, ha suposat una jornada molt emotiva i din\u00e0mica. Enguany, que hem arribat a la 18a edici\u00f3 d&#8217;aquesta Festa, hem comptat amb les novetats de la incorporaci\u00f3 dels alumnes d&#8217;Iniciaci\u00f3 C que s&#8217;han sumat a participar tocant els seus instruments de placa, i a la presentaci\u00f3 del violoncel com novetat dins de l&#8217;oferta instrumental del nostre centre. Com sempre, la primera part de la tarda ha estat dedicada a la preparaci\u00f3 de les peces que els alumnes de les diferents edats i nivells de cada instrument han posat en pr\u00e0ctica juntament amb els seus professors per interpretar despr\u00e9s davant dels pares i familiars. Aquest ha estat un concert din\u00e0mic en el que ha hagut una gran participaci\u00f3. Hem pogut gaudir un any m\u00e9s del millor de cada cuina amb el concurs de pastissos i truites musicals, amb una participaci\u00f3 extraordin\u00e0ria (28 pastissos i 5 truites!!!). La jornada ha concl\u00f2s amb el tradicional concert en el que professors\/es i p\u00fablic interactuen tocant plegats una pe\u00e7a musical. En aquesta ocasi\u00f3 ha estat el tema &#8220;Soul Bossa Nova&#8221; de Quincy Jones. Com sempre, aquesta festa \u00e9s possible per la implicaci\u00f3 de tots vosaltres. MOLTES GR\u00c0CIES!!!<\/p>\n<p>Aqu\u00ed podeu veure la truita guanyadora (Mar\u00e7al i Jordina Munt) i el past\u00eds guanyador (D\u00eddac G\u00e1mez) aix\u00ed com l&#8217;actuaci\u00f3 dels alumnes d&#8217;Iniciaci\u00f3 C<\/p>\n\n\t\t<style type=\"text\/css\">\n\t\t\t#gallery-1 {\n\t\t\t\tmargin: auto;\n\t\t\t}\n\t\t\t#gallery-1 .gallery-item {\n\t\t\t\tfloat: left;\n\t\t\t\tmargin-top: 10px;\n\t\t\t\ttext-align: center;\n\t\t\t\twidth: 33%;\n\t\t\t}\n\t\t\t#gallery-1 img {\n\t\t\t\tborder: 2px solid #cfcfcf;\n\t\t\t}\n\t\t\t#gallery-1 .gallery-caption {\n\t\t\t\tmargin-left: 0;\n\t\t\t}\n\t\t\t\/* see gallery_shortcode() in wp-includes\/media.php *\/\n\t\t<\/style>\n\t\t<div id='gallery-1' class='gallery galleryid-1699 gallery-columns-3 gallery-size-large'><dl class='gallery-item'>\n\t\t\t<dt class='gallery-icon landscape'>\n\t\t\t\t<a href='https:\/\/agora.xtec.cat\/esc-musica-parets\/general\/18a-festa-dels-instrumentistes\/attachment\/dscn7237\/'><img loading=\"lazy\" decoding=\"async\" width=\"1024\" height=\"768\" src=\"https:\/\/agora.xtec.cat\/esc-musica-parets\/wp-content\/uploads\/usu1283\/2018\/02\/DSCN7237-1024x768.jpg\" class=\"attachment-large size-large\" alt=\"\" srcset=\"https:\/\/agora.xtec.cat\/esc-musica-parets\/wp-content\/uploads\/usu1283\/2018\/02\/DSCN7237-1024x768.jpg 1024w, https:\/\/agora.xtec.cat\/esc-musica-parets\/wp-content\/uploads\/usu1283\/2018\/02\/DSCN7237-300x225.jpg 300w, https:\/\/agora.xtec.cat\/esc-musica-parets\/wp-content\/uploads\/usu1283\/2018\/02\/DSCN7237-768x576.jpg 768w, https:\/\/agora.xtec.cat\/esc-musica-parets\/wp-content\/uploads\/usu1283\/2018\/02\/DSCN7237-200x150.jpg 200w\" sizes=\"auto, (max-width: 1024px) 100vw, 1024px\" \/><\/a>\n\t\t\t<\/dt><\/dl><dl class='gallery-item'>\n\t\t\t<dt class='gallery-icon landscape'>\n\t\t\t\t<a href='https:\/\/agora.xtec.cat\/esc-musica-parets\/general\/18a-festa-dels-instrumentistes\/attachment\/dscn7236\/'><img loading=\"lazy\" decoding=\"async\" width=\"1024\" height=\"768\" src=\"https:\/\/agora.xtec.cat\/esc-musica-parets\/wp-content\/uploads\/usu1283\/2018\/02\/DSCN7236-1024x768.jpg\" class=\"attachment-large size-large\" alt=\"\" srcset=\"https:\/\/agora.xtec.cat\/esc-musica-parets\/wp-content\/uploads\/usu1283\/2018\/02\/DSCN7236-1024x768.jpg 1024w, https:\/\/agora.xtec.cat\/esc-musica-parets\/wp-content\/uploads\/usu1283\/2018\/02\/DSCN7236-300x225.jpg 300w, https:\/\/agora.xtec.cat\/esc-musica-parets\/wp-content\/uploads\/usu1283\/2018\/02\/DSCN7236-768x576.jpg 768w, https:\/\/agora.xtec.cat\/esc-musica-parets\/wp-content\/uploads\/usu1283\/2018\/02\/DSCN7236-200x150.jpg 200w\" sizes=\"auto, (max-width: 1024px) 100vw, 1024px\" \/><\/a>\n\t\t\t<\/dt><\/dl><dl class='gallery-item'>\n\t\t\t<dt class='gallery-icon landscape'>\n\t\t\t\t<a href='https:\/\/agora.xtec.cat\/esc-musica-parets\/general\/18a-festa-dels-instrumentistes\/attachment\/dscn7262\/'><img loading=\"lazy\" decoding=\"async\" width=\"1024\" height=\"768\" src=\"https:\/\/agora.xtec.cat\/esc-musica-parets\/wp-content\/uploads\/usu1283\/2018\/02\/DSCN7262-1024x768.jpg\" class=\"attachment-large size-large\" alt=\"\" srcset=\"https:\/\/agora.xtec.cat\/esc-musica-parets\/wp-content\/uploads\/usu1283\/2018\/02\/DSCN7262-1024x768.jpg 1024w, https:\/\/agora.xtec.cat\/esc-musica-parets\/wp-content\/uploads\/usu1283\/2018\/02\/DSCN7262-300x225.jpg 300w, https:\/\/agora.xtec.cat\/esc-musica-parets\/wp-content\/uploads\/usu1283\/2018\/02\/DSCN7262-768x576.jpg 768w, https:\/\/agora.xtec.cat\/esc-musica-parets\/wp-content\/uploads\/usu1283\/2018\/02\/DSCN7262-200x150.jpg 200w\" sizes=\"auto, (max-width: 1024px) 100vw, 1024px\" \/><\/a>\n\t\t\t<\/dt><\/dl><br style=\"clear: both\" \/>\n\t\t<\/div>\n\n<p>Podeu veure la galeria de fotos <a href=\"https:\/\/plus.google.com\/u\/0\/collection\/AD-oLF\">AQU\u00cd<\/a><\/p>\n","protected":false},"excerpt":{"rendered":"<p>Un any m\u00e9s, la gran participaci\u00f3 d&#8217;alumnes i fam\u00edlies en la Festa dels Instrumentistes, ha suposat una jornada molt emotiva i din\u00e0mica. Enguany, que hem arribat a la 18a edici\u00f3 d&#8217;aquesta Festa, hem comptat amb les novetats de la incorporaci\u00f3 dels alumnes d&#8217;Iniciaci\u00f3 C que&hellip;  <a href=\"https:\/\/agora.xtec.cat\/esc-musica-parets\/general\/18a-festa-dels-instrumentistes\/\" title=\"Read 18a Festa dels Instrumentistes\">Llegeix m\u00e9s\u00bb<\/a><\/p>\n","protected":false},"author":1,"featured_media":1700,"comment_status":"open","ping_status":"closed","sticky":false,"template":"","format":"standard","meta":{"_bbp_topic_count":0,"_bbp_reply_count":0,"_bbp_total_topic_count":0,"_bbp_total_reply_count":0,"_bbp_voice_count":0,"_bbp_anonymous_reply_count":0,"_bbp_topic_count_hidden":0,"_bbp_reply_count_hidden":0,"_bbp_forum_subforum_count":0,"footnotes":""},"categories":[1,29],"tags":[100,151,150,122,139,77],"class_list":["post-1699","post","type-post","status-publish","format-standard","has-post-thumbnail","hentry","category-general","category-portada","tag-audicions","tag-emm-parets","tag-escola-musica","tag-festa-instrumentistes","tag-festes","tag-noticies"],"post_mailing_queue_ids":[],"_links":{"self":[{"href":"https:\/\/agora.xtec.cat\/esc-musica-parets\/wp-json\/wp\/v2\/posts\/1699","targetHints":{"allow":["GET"]}}],"collection":[{"href":"https:\/\/agora.xtec.cat\/esc-musica-parets\/wp-json\/wp\/v2\/posts"}],"about":[{"href":"https:\/\/agora.xtec.cat\/esc-musica-parets\/wp-json\/wp\/v2\/types\/post"}],"author":[{"embeddable":true,"href":"https:\/\/agora.xtec.cat\/esc-musica-parets\/wp-json\/wp\/v2\/users\/1"}],"replies":[{"embeddable":true,"href":"https:\/\/agora.xtec.cat\/esc-musica-parets\/wp-json\/wp\/v2\/comments?post=1699"}],"version-history":[{"count":3,"href":"https:\/\/agora.xtec.cat\/esc-musica-parets\/wp-json\/wp\/v2\/posts\/1699\/revisions"}],"predecessor-version":[{"id":1707,"href":"https:\/\/agora.xtec.cat\/esc-musica-parets\/wp-json\/wp\/v2\/posts\/1699\/revisions\/1707"}],"wp:featuredmedia":[{"embeddable":true,"href":"https:\/\/agora.xtec.cat\/esc-musica-parets\/wp-json\/wp\/v2\/media\/1700"}],"wp:attachment":[{"href":"https:\/\/agora.xtec.cat\/esc-musica-parets\/wp-json\/wp\/v2\/media?parent=1699"}],"wp:term":[{"taxonomy":"category","embeddable":true,"href":"https:\/\/agora.xtec.cat\/esc-musica-parets\/wp-json\/wp\/v2\/categories?post=1699"},{"taxonomy":"post_tag","embeddable":true,"href":"https:\/\/agora.xtec.cat\/esc-musica-parets\/wp-json\/wp\/v2\/tags?post=1699"}],"curies":[{"name":"wp","href":"https:\/\/api.w.org\/{rel}","templated":true}]}}