{"id":1674,"date":"2018-01-29T12:48:30","date_gmt":"2018-01-29T11:48:30","guid":{"rendered":"http:\/\/agora.xtec.cat\/esc-musica-parets\/?p=1674"},"modified":"2018-01-29T23:39:28","modified_gmt":"2018-01-29T22:39:28","slug":"canta-parets-2018-exit-rotund-segons-vallesvisio","status":"publish","type":"post","link":"https:\/\/agora.xtec.cat\/esc-musica-parets\/general\/canta-parets-2018-exit-rotund-segons-vallesvisio\/","title":{"rendered":"CANTA Parets! 2018. &#8220;\u00c8xit rotund!&#8221; expressa Vall\u00e8sVisi\u00f3 en el seu reportatge"},"content":{"rendered":"<p><iframe loading=\"lazy\" src=\"https:\/\/www.youtube.com\/embed\/MLZa3QeiqRs\" width=\"560\" height=\"315\" frameborder=\"0\" allowfullscreen=\"allowfullscreen\"><\/iframe><\/p>\n<p>Aix\u00ed donava cobertura la televisi\u00f3 comarcal Vall\u00e8sVisi\u00f3 al concert <strong><span style=\"color: #3366ff;\">CANTA Parets! 2018<\/span><\/strong> que va tenir lloc el divendres 19 de gener de 2018 coincidint amb l&#8217;inici de la Festa Major d&#8217;Hivern de Parets del Vall\u00e8s. Aquest projecte que enguany celebrava la seva quarta edici\u00f3, \u00e9s un projecte de poble organitzat i coordinat per l&#8217;Escola Municipal de M\u00fasica i en el que participen tots els col\u00b7legis de prim\u00e0ria del municipi. L\u2019objectiu es crear una relaci\u00f3 entre els centres educatius a trav\u00e9s d\u2019un projecte com\u00fa per familiaritzar els infants amb la m\u00fasica i arribin a estimar-la.<\/p>\n<p>Uns 230 alumnes de P5 van ser els encarregats d&#8217;interpretar la cantata &#8220;Super D&#8221; de Manel Justicia en la que narren, a trav\u00e9s de diferents can\u00e7ons, les aventures d&#8217;en D\u00eddrac, un drac que neix en un bosc i, tot i que a l\u2019inici es rebutjat per les resta de criatures per la seva grand\u00e0ria, amb el temps acaba convertit-se en un super heroi. El concert ha comptat amb m\u00fasica en directe a c\u00e0rrec d&#8217;alumnes i professors de l&#8217;escola municipal de m\u00fasica i la narraci\u00f3 ha anat a c\u00e0rrec de l&#8217;actor Edgar Buenache. Durant quatre mesos s\u2019ha treballat amb les escoles de prim\u00e0ria de Parets en la preparaci\u00f3 d\u2019aquest espectacle que ha perm\u00e8s als infants con\u00e8ixer d&#8217;aprop el m\u00f3n de la m\u00fasica.<\/p>\n<p>L\u2019espectacle Canta Parets! s\u2019ha consolidat en el municipi i, un any m\u00e9s, ha omplert de gom a gom de fam\u00edlies el pavell\u00f3 municipal Joaquim Rodr\u00edguez.<\/p>\n<p>Podeu veure les FOTOS DEL CONCERT <a href=\"https:\/\/plus.google.com\/u\/0\/photos\/104938338516081079520\/album\/6516524576152613793\/6516524577966800146?authkey=CLPLz_D91a2NRw\">clicant aqu\u00ed<\/a><\/p>\n","protected":false},"excerpt":{"rendered":"<p>Aix\u00ed donava cobertura la televisi\u00f3 comarcal Vall\u00e8sVisi\u00f3 al concert CANTA Parets! 2018 que va tenir lloc el divendres 19 de gener de 2018 coincidint amb l&#8217;inici de la Festa Major d&#8217;Hivern de Parets del Vall\u00e8s. Aquest projecte que enguany celebrava la seva quarta edici\u00f3, \u00e9s&hellip;  <a href=\"https:\/\/agora.xtec.cat\/esc-musica-parets\/general\/canta-parets-2018-exit-rotund-segons-vallesvisio\/\" title=\"Read CANTA Parets! 2018. &#8220;\u00c8xit rotund!&#8221; expressa Vall\u00e8sVisi\u00f3 en el seu reportatge\">Llegeix m\u00e9s\u00bb<\/a><\/p>\n","protected":false},"author":1,"featured_media":1680,"comment_status":"open","ping_status":"closed","sticky":false,"template":"","format":"standard","meta":{"_bbp_topic_count":0,"_bbp_reply_count":0,"_bbp_total_topic_count":0,"_bbp_total_reply_count":0,"_bbp_voice_count":0,"_bbp_anonymous_reply_count":0,"_bbp_topic_count_hidden":0,"_bbp_reply_count_hidden":0,"_bbp_forum_subforum_count":0,"footnotes":""},"categories":[1,29],"tags":[141,131,151,150,77],"class_list":["post-1674","post","type-post","status-publish","format-standard","has-post-thumbnail","hentry","category-general","category-portada","tag-audicions-escolars","tag-canta-parets","tag-emm-parets","tag-escola-musica","tag-noticies"],"post_mailing_queue_ids":[],"_links":{"self":[{"href":"https:\/\/agora.xtec.cat\/esc-musica-parets\/wp-json\/wp\/v2\/posts\/1674","targetHints":{"allow":["GET"]}}],"collection":[{"href":"https:\/\/agora.xtec.cat\/esc-musica-parets\/wp-json\/wp\/v2\/posts"}],"about":[{"href":"https:\/\/agora.xtec.cat\/esc-musica-parets\/wp-json\/wp\/v2\/types\/post"}],"author":[{"embeddable":true,"href":"https:\/\/agora.xtec.cat\/esc-musica-parets\/wp-json\/wp\/v2\/users\/1"}],"replies":[{"embeddable":true,"href":"https:\/\/agora.xtec.cat\/esc-musica-parets\/wp-json\/wp\/v2\/comments?post=1674"}],"version-history":[{"count":3,"href":"https:\/\/agora.xtec.cat\/esc-musica-parets\/wp-json\/wp\/v2\/posts\/1674\/revisions"}],"predecessor-version":[{"id":1687,"href":"https:\/\/agora.xtec.cat\/esc-musica-parets\/wp-json\/wp\/v2\/posts\/1674\/revisions\/1687"}],"wp:featuredmedia":[{"embeddable":true,"href":"https:\/\/agora.xtec.cat\/esc-musica-parets\/wp-json\/wp\/v2\/media\/1680"}],"wp:attachment":[{"href":"https:\/\/agora.xtec.cat\/esc-musica-parets\/wp-json\/wp\/v2\/media?parent=1674"}],"wp:term":[{"taxonomy":"category","embeddable":true,"href":"https:\/\/agora.xtec.cat\/esc-musica-parets\/wp-json\/wp\/v2\/categories?post=1674"},{"taxonomy":"post_tag","embeddable":true,"href":"https:\/\/agora.xtec.cat\/esc-musica-parets\/wp-json\/wp\/v2\/tags?post=1674"}],"curies":[{"name":"wp","href":"https:\/\/api.w.org\/{rel}","templated":true}]}}