{"id":1642,"date":"2017-12-18T19:47:44","date_gmt":"2017-12-18T18:47:44","guid":{"rendered":"http:\/\/agora.xtec.cat\/esc-musica-parets\/?p=1642"},"modified":"2017-12-18T19:47:44","modified_gmt":"2017-12-18T18:47:44","slug":"exit-al-concert-de-nadal-2017","status":"publish","type":"post","link":"https:\/\/agora.xtec.cat\/esc-musica-parets\/general\/exit-al-concert-de-nadal-2017\/","title":{"rendered":"\u00c8xit al Concert de Nadal 2017"},"content":{"rendered":"<p>El passat dimarts 12 de desembre va tenir lloc al teatre Can Rajoler de Parets del Vall\u00e8s el tradicional Concert de Nadal a c\u00e0rrec d&#8217;alumnes i professors\/es de l&#8217;escola municipal de m\u00fasica. El concert va estar dividit en dues parts. A la primera van actuar diferents agrupacions instrumentals com l&#8217;orquestra de guitarres o la de cambra, aix\u00ed com el combo modern o el quartet de saxos i tamb\u00e9 les tres formacions corals del centre: la coral infantil, la junior i la d&#8217;adults. A la segona part es va representar la cantata &#8220;Mr. Scrooge&#8221;, basada en el conte de Nadal de Charles Dickens. En aquesta ocasi\u00f3, una gran massa coral formada per un gruix important d&#8217;alumnes de llenguatge musical i refor\u00e7ats per les corals i acompanyats per un conjunt instrumental format per professors, van interpretar aquesta pe\u00e7a que va ser premiada amb una forta ovaci\u00f3 per part del p\u00fablic.<\/p>\n<p>Podeu veure la not\u00edcia emesa per Vall\u00e8s Visi\u00f3 <a href=\"https:\/\/youtu.be\/WxfhyzccXoY\">clicant aqu\u00ed<\/a><\/p>\n\n\t\t<style type=\"text\/css\">\n\t\t\t#gallery-1 {\n\t\t\t\tmargin: auto;\n\t\t\t}\n\t\t\t#gallery-1 .gallery-item {\n\t\t\t\tfloat: left;\n\t\t\t\tmargin-top: 10px;\n\t\t\t\ttext-align: center;\n\t\t\t\twidth: 50%;\n\t\t\t}\n\t\t\t#gallery-1 img {\n\t\t\t\tborder: 2px solid #cfcfcf;\n\t\t\t}\n\t\t\t#gallery-1 .gallery-caption {\n\t\t\t\tmargin-left: 0;\n\t\t\t}\n\t\t\t\/* see gallery_shortcode() in wp-includes\/media.php *\/\n\t\t<\/style>\n\t\t<div id='gallery-1' class='gallery galleryid-1642 gallery-columns-2 gallery-size-large'><dl class='gallery-item'>\n\t\t\t<dt class='gallery-icon landscape'>\n\t\t\t\t<a href='https:\/\/agora.xtec.cat\/esc-musica-parets\/general\/exit-al-concert-de-nadal-2017\/attachment\/171212-concert-nadal-e-musica-web23\/'><img loading=\"lazy\" decoding=\"async\" width=\"1024\" height=\"683\" src=\"https:\/\/agora.xtec.cat\/esc-musica-parets\/wp-content\/uploads\/usu1283\/2017\/12\/171212-Concert-Nadal-E-Musica-web23-1024x683.jpg\" class=\"attachment-large size-large\" alt=\"\" srcset=\"https:\/\/agora.xtec.cat\/esc-musica-parets\/wp-content\/uploads\/usu1283\/2017\/12\/171212-Concert-Nadal-E-Musica-web23-1024x683.jpg 1024w, https:\/\/agora.xtec.cat\/esc-musica-parets\/wp-content\/uploads\/usu1283\/2017\/12\/171212-Concert-Nadal-E-Musica-web23-300x200.jpg 300w, https:\/\/agora.xtec.cat\/esc-musica-parets\/wp-content\/uploads\/usu1283\/2017\/12\/171212-Concert-Nadal-E-Musica-web23-768x512.jpg 768w, https:\/\/agora.xtec.cat\/esc-musica-parets\/wp-content\/uploads\/usu1283\/2017\/12\/171212-Concert-Nadal-E-Musica-web23.jpg 1200w\" sizes=\"auto, (max-width: 1024px) 100vw, 1024px\" \/><\/a>\n\t\t\t<\/dt><\/dl><dl class='gallery-item'>\n\t\t\t<dt class='gallery-icon landscape'>\n\t\t\t\t<a href='https:\/\/agora.xtec.cat\/esc-musica-parets\/general\/exit-al-concert-de-nadal-2017\/attachment\/171212-concert-nadal-e-musica-web4\/'><img loading=\"lazy\" decoding=\"async\" width=\"1024\" height=\"683\" src=\"https:\/\/agora.xtec.cat\/esc-musica-parets\/wp-content\/uploads\/usu1283\/2017\/12\/171212-Concert-Nadal-E-Musica-web4-1024x683.jpg\" class=\"attachment-large size-large\" alt=\"\" srcset=\"https:\/\/agora.xtec.cat\/esc-musica-parets\/wp-content\/uploads\/usu1283\/2017\/12\/171212-Concert-Nadal-E-Musica-web4-1024x683.jpg 1024w, https:\/\/agora.xtec.cat\/esc-musica-parets\/wp-content\/uploads\/usu1283\/2017\/12\/171212-Concert-Nadal-E-Musica-web4-300x200.jpg 300w, https:\/\/agora.xtec.cat\/esc-musica-parets\/wp-content\/uploads\/usu1283\/2017\/12\/171212-Concert-Nadal-E-Musica-web4-768x512.jpg 768w, https:\/\/agora.xtec.cat\/esc-musica-parets\/wp-content\/uploads\/usu1283\/2017\/12\/171212-Concert-Nadal-E-Musica-web4.jpg 1200w\" sizes=\"auto, (max-width: 1024px) 100vw, 1024px\" \/><\/a>\n\t\t\t<\/dt><\/dl><br style=\"clear: both\" \/><dl class='gallery-item'>\n\t\t\t<dt class='gallery-icon landscape'>\n\t\t\t\t<a href='https:\/\/agora.xtec.cat\/esc-musica-parets\/general\/exit-al-concert-de-nadal-2017\/attachment\/171212-concert-nadal-e-musica-web19\/'><img loading=\"lazy\" decoding=\"async\" width=\"1024\" height=\"683\" src=\"https:\/\/agora.xtec.cat\/esc-musica-parets\/wp-content\/uploads\/usu1283\/2017\/12\/171212-Concert-Nadal-E-Musica-web19-1024x683.jpg\" class=\"attachment-large size-large\" alt=\"\" srcset=\"https:\/\/agora.xtec.cat\/esc-musica-parets\/wp-content\/uploads\/usu1283\/2017\/12\/171212-Concert-Nadal-E-Musica-web19-1024x683.jpg 1024w, https:\/\/agora.xtec.cat\/esc-musica-parets\/wp-content\/uploads\/usu1283\/2017\/12\/171212-Concert-Nadal-E-Musica-web19-300x200.jpg 300w, https:\/\/agora.xtec.cat\/esc-musica-parets\/wp-content\/uploads\/usu1283\/2017\/12\/171212-Concert-Nadal-E-Musica-web19-768x512.jpg 768w, https:\/\/agora.xtec.cat\/esc-musica-parets\/wp-content\/uploads\/usu1283\/2017\/12\/171212-Concert-Nadal-E-Musica-web19.jpg 1200w\" sizes=\"auto, (max-width: 1024px) 100vw, 1024px\" \/><\/a>\n\t\t\t<\/dt><\/dl><dl class='gallery-item'>\n\t\t\t<dt class='gallery-icon landscape'>\n\t\t\t\t<a href='https:\/\/agora.xtec.cat\/esc-musica-parets\/general\/exit-al-concert-de-nadal-2017\/attachment\/171212-concert-nadal-e-musica-web37\/'><img loading=\"lazy\" decoding=\"async\" width=\"1024\" height=\"683\" src=\"https:\/\/agora.xtec.cat\/esc-musica-parets\/wp-content\/uploads\/usu1283\/2017\/12\/171212-Concert-Nadal-E-Musica-web37-1024x683.jpg\" class=\"attachment-large size-large\" alt=\"\" srcset=\"https:\/\/agora.xtec.cat\/esc-musica-parets\/wp-content\/uploads\/usu1283\/2017\/12\/171212-Concert-Nadal-E-Musica-web37-1024x683.jpg 1024w, https:\/\/agora.xtec.cat\/esc-musica-parets\/wp-content\/uploads\/usu1283\/2017\/12\/171212-Concert-Nadal-E-Musica-web37-300x200.jpg 300w, https:\/\/agora.xtec.cat\/esc-musica-parets\/wp-content\/uploads\/usu1283\/2017\/12\/171212-Concert-Nadal-E-Musica-web37-768x512.jpg 768w, https:\/\/agora.xtec.cat\/esc-musica-parets\/wp-content\/uploads\/usu1283\/2017\/12\/171212-Concert-Nadal-E-Musica-web37.jpg 1200w\" sizes=\"auto, (max-width: 1024px) 100vw, 1024px\" \/><\/a>\n\t\t\t<\/dt><\/dl><br style=\"clear: both\" \/>\n\t\t<\/div>\n\n","protected":false},"excerpt":{"rendered":"<p>El passat dimarts 12 de desembre va tenir lloc al teatre Can Rajoler de Parets del Vall\u00e8s el tradicional Concert de Nadal a c\u00e0rrec d&#8217;alumnes i professors\/es de l&#8217;escola municipal de m\u00fasica. El concert va estar dividit en dues parts. A la primera van actuar&hellip;  <a href=\"https:\/\/agora.xtec.cat\/esc-musica-parets\/general\/exit-al-concert-de-nadal-2017\/\" title=\"Read \u00c8xit al Concert de Nadal 2017\">Llegeix m\u00e9s\u00bb<\/a><\/p>\n","protected":false},"author":1,"featured_media":1645,"comment_status":"open","ping_status":"closed","sticky":false,"template":"","format":"standard","meta":{"_bbp_topic_count":0,"_bbp_reply_count":0,"_bbp_total_topic_count":0,"_bbp_total_reply_count":0,"_bbp_voice_count":0,"_bbp_anonymous_reply_count":0,"_bbp_topic_count_hidden":0,"_bbp_reply_count_hidden":0,"_bbp_forum_subforum_count":0,"footnotes":""},"categories":[1,29],"tags":[100,83,151,150,133,77,152,136],"class_list":["post-1642","post","type-post","status-publish","format-standard","has-post-thumbnail","hentry","category-general","category-portada","tag-audicions","tag-corals","tag-emm-parets","tag-escola-musica","tag-nadal","tag-noticies","tag-professors","tag-valles-visio"],"post_mailing_queue_ids":[],"_links":{"self":[{"href":"https:\/\/agora.xtec.cat\/esc-musica-parets\/wp-json\/wp\/v2\/posts\/1642","targetHints":{"allow":["GET"]}}],"collection":[{"href":"https:\/\/agora.xtec.cat\/esc-musica-parets\/wp-json\/wp\/v2\/posts"}],"about":[{"href":"https:\/\/agora.xtec.cat\/esc-musica-parets\/wp-json\/wp\/v2\/types\/post"}],"author":[{"embeddable":true,"href":"https:\/\/agora.xtec.cat\/esc-musica-parets\/wp-json\/wp\/v2\/users\/1"}],"replies":[{"embeddable":true,"href":"https:\/\/agora.xtec.cat\/esc-musica-parets\/wp-json\/wp\/v2\/comments?post=1642"}],"version-history":[{"count":1,"href":"https:\/\/agora.xtec.cat\/esc-musica-parets\/wp-json\/wp\/v2\/posts\/1642\/revisions"}],"predecessor-version":[{"id":1647,"href":"https:\/\/agora.xtec.cat\/esc-musica-parets\/wp-json\/wp\/v2\/posts\/1642\/revisions\/1647"}],"wp:featuredmedia":[{"embeddable":true,"href":"https:\/\/agora.xtec.cat\/esc-musica-parets\/wp-json\/wp\/v2\/media\/1645"}],"wp:attachment":[{"href":"https:\/\/agora.xtec.cat\/esc-musica-parets\/wp-json\/wp\/v2\/media?parent=1642"}],"wp:term":[{"taxonomy":"category","embeddable":true,"href":"https:\/\/agora.xtec.cat\/esc-musica-parets\/wp-json\/wp\/v2\/categories?post=1642"},{"taxonomy":"post_tag","embeddable":true,"href":"https:\/\/agora.xtec.cat\/esc-musica-parets\/wp-json\/wp\/v2\/tags?post=1642"}],"curies":[{"name":"wp","href":"https:\/\/api.w.org\/{rel}","templated":true}]}}