{"id":1626,"date":"2017-11-29T16:24:55","date_gmt":"2017-11-29T15:24:55","guid":{"rendered":"http:\/\/agora.xtec.cat\/esc-musica-parets\/?p=1626"},"modified":"2017-11-29T16:27:40","modified_gmt":"2017-11-29T15:27:40","slug":"concert-de-nadal-a-la-residencia-davis-pedra-serrada-2","status":"publish","type":"post","link":"https:\/\/agora.xtec.cat\/esc-musica-parets\/general\/concert-de-nadal-a-la-residencia-davis-pedra-serrada-2\/","title":{"rendered":"Concert de Nadal a la resid\u00e8ncia d&#8217;avis Pedra Serrada"},"content":{"rendered":"<p>Aquest dimarts 28 de novembre, diferents agrupacions de l\u2019Escola Municipal de M\u00fasica han actuat davant dels avis i \u00e0vies de la resid\u00e8ncia Pedra Serrada de la nostra poblaci\u00f3. Un quartet de saxos, l\u2019Orquestra de cambra i la de guitarres, aix\u00ed com la coral infantil i un grup d\u2019iniciaci\u00f3 musical juntament amb un equip de professors i professores, han estat els encarregat d\u2019oferir aquest concert de Nadal a tot un p\u00fablic meravell\u00f3s que els ha escoltat amb molta atenci\u00f3 i, sobre tot, amb molta estima. Al acabar el concert, els alumnes de l\u2019escola de m\u00fasica han repartit entre els avis i \u00e0vies unes postals de Nadal fetes per ells mateixos i pels m\u00e9s petits del centre que tamb\u00e9 han volgut col\u00b7laborar. Per la seva banda, els avis i \u00e0vies de la resid\u00e8ncia ens han obsequiat amb una manualitat m\u00faltiple en forma de m\u00f2bil ple d\u2019arbres de Nadal cosits, aix\u00ed com unes postals nadalenques fetes a m\u00e0. Com sempre, aquest concert ha tingut un component entranyable i emotiu que fa que sigui una fant\u00e0stica experi\u00e8ncia.<\/p>\n\n\t\t<style type=\"text\/css\">\n\t\t\t#gallery-1 {\n\t\t\t\tmargin: auto;\n\t\t\t}\n\t\t\t#gallery-1 .gallery-item {\n\t\t\t\tfloat: left;\n\t\t\t\tmargin-top: 10px;\n\t\t\t\ttext-align: center;\n\t\t\t\twidth: 50%;\n\t\t\t}\n\t\t\t#gallery-1 img {\n\t\t\t\tborder: 2px solid #cfcfcf;\n\t\t\t}\n\t\t\t#gallery-1 .gallery-caption {\n\t\t\t\tmargin-left: 0;\n\t\t\t}\n\t\t\t\/* see gallery_shortcode() in wp-includes\/media.php *\/\n\t\t<\/style>\n\t\t<div id='gallery-1' class='gallery galleryid-1626 gallery-columns-2 gallery-size-large'><dl class='gallery-item'>\n\t\t\t<dt class='gallery-icon landscape'>\n\t\t\t\t<a href='https:\/\/agora.xtec.cat\/esc-musica-parets\/dscn7104\/'><img loading=\"lazy\" decoding=\"async\" width=\"1024\" height=\"768\" src=\"https:\/\/agora.xtec.cat\/esc-musica-parets\/wp-content\/uploads\/usu1283\/2017\/11\/DSCN7104-1024x768.jpg\" class=\"attachment-large size-large\" alt=\"\" srcset=\"https:\/\/agora.xtec.cat\/esc-musica-parets\/wp-content\/uploads\/usu1283\/2017\/11\/DSCN7104-1024x768.jpg 1024w, https:\/\/agora.xtec.cat\/esc-musica-parets\/wp-content\/uploads\/usu1283\/2017\/11\/DSCN7104-300x225.jpg 300w, https:\/\/agora.xtec.cat\/esc-musica-parets\/wp-content\/uploads\/usu1283\/2017\/11\/DSCN7104-768x576.jpg 768w, https:\/\/agora.xtec.cat\/esc-musica-parets\/wp-content\/uploads\/usu1283\/2017\/11\/DSCN7104-200x150.jpg 200w\" sizes=\"auto, (max-width: 1024px) 100vw, 1024px\" \/><\/a>\n\t\t\t<\/dt><\/dl><dl class='gallery-item'>\n\t\t\t<dt class='gallery-icon landscape'>\n\t\t\t\t<a href='https:\/\/agora.xtec.cat\/esc-musica-parets\/dscn7109\/'><img loading=\"lazy\" decoding=\"async\" width=\"1024\" height=\"768\" src=\"https:\/\/agora.xtec.cat\/esc-musica-parets\/wp-content\/uploads\/usu1283\/2017\/11\/DSCN7109-1024x768.jpg\" class=\"attachment-large size-large\" alt=\"\" srcset=\"https:\/\/agora.xtec.cat\/esc-musica-parets\/wp-content\/uploads\/usu1283\/2017\/11\/DSCN7109-1024x768.jpg 1024w, https:\/\/agora.xtec.cat\/esc-musica-parets\/wp-content\/uploads\/usu1283\/2017\/11\/DSCN7109-300x225.jpg 300w, https:\/\/agora.xtec.cat\/esc-musica-parets\/wp-content\/uploads\/usu1283\/2017\/11\/DSCN7109-768x576.jpg 768w, https:\/\/agora.xtec.cat\/esc-musica-parets\/wp-content\/uploads\/usu1283\/2017\/11\/DSCN7109-200x150.jpg 200w\" sizes=\"auto, (max-width: 1024px) 100vw, 1024px\" \/><\/a>\n\t\t\t<\/dt><\/dl><br style=\"clear: both\" \/><dl class='gallery-item'>\n\t\t\t<dt class='gallery-icon landscape'>\n\t\t\t\t<a href='https:\/\/agora.xtec.cat\/esc-musica-parets\/dscn7120\/'><img loading=\"lazy\" decoding=\"async\" width=\"1024\" height=\"768\" src=\"https:\/\/agora.xtec.cat\/esc-musica-parets\/wp-content\/uploads\/usu1283\/2017\/11\/DSCN7120-1024x768.jpg\" class=\"attachment-large size-large\" alt=\"\" srcset=\"https:\/\/agora.xtec.cat\/esc-musica-parets\/wp-content\/uploads\/usu1283\/2017\/11\/DSCN7120-1024x768.jpg 1024w, https:\/\/agora.xtec.cat\/esc-musica-parets\/wp-content\/uploads\/usu1283\/2017\/11\/DSCN7120-300x225.jpg 300w, https:\/\/agora.xtec.cat\/esc-musica-parets\/wp-content\/uploads\/usu1283\/2017\/11\/DSCN7120-768x576.jpg 768w, https:\/\/agora.xtec.cat\/esc-musica-parets\/wp-content\/uploads\/usu1283\/2017\/11\/DSCN7120-200x150.jpg 200w\" sizes=\"auto, (max-width: 1024px) 100vw, 1024px\" \/><\/a>\n\t\t\t<\/dt><\/dl><dl class='gallery-item'>\n\t\t\t<dt class='gallery-icon landscape'>\n\t\t\t\t<a href='https:\/\/agora.xtec.cat\/esc-musica-parets\/dscn7135\/'><img loading=\"lazy\" decoding=\"async\" width=\"1024\" height=\"768\" src=\"https:\/\/agora.xtec.cat\/esc-musica-parets\/wp-content\/uploads\/usu1283\/2017\/11\/DSCN7135-1024x768.jpg\" class=\"attachment-large size-large\" alt=\"\" srcset=\"https:\/\/agora.xtec.cat\/esc-musica-parets\/wp-content\/uploads\/usu1283\/2017\/11\/DSCN7135-1024x768.jpg 1024w, https:\/\/agora.xtec.cat\/esc-musica-parets\/wp-content\/uploads\/usu1283\/2017\/11\/DSCN7135-300x225.jpg 300w, https:\/\/agora.xtec.cat\/esc-musica-parets\/wp-content\/uploads\/usu1283\/2017\/11\/DSCN7135-768x576.jpg 768w, https:\/\/agora.xtec.cat\/esc-musica-parets\/wp-content\/uploads\/usu1283\/2017\/11\/DSCN7135-200x150.jpg 200w\" sizes=\"auto, (max-width: 1024px) 100vw, 1024px\" \/><\/a>\n\t\t\t<\/dt><\/dl><br style=\"clear: both\" \/><dl class='gallery-item'>\n\t\t\t<dt class='gallery-icon landscape'>\n\t\t\t\t<a href='https:\/\/agora.xtec.cat\/esc-musica-parets\/dscn7141\/'><img loading=\"lazy\" decoding=\"async\" width=\"1024\" height=\"768\" src=\"https:\/\/agora.xtec.cat\/esc-musica-parets\/wp-content\/uploads\/usu1283\/2017\/11\/DSCN7141-1024x768.jpg\" class=\"attachment-large size-large\" alt=\"\" srcset=\"https:\/\/agora.xtec.cat\/esc-musica-parets\/wp-content\/uploads\/usu1283\/2017\/11\/DSCN7141-1024x768.jpg 1024w, https:\/\/agora.xtec.cat\/esc-musica-parets\/wp-content\/uploads\/usu1283\/2017\/11\/DSCN7141-300x225.jpg 300w, https:\/\/agora.xtec.cat\/esc-musica-parets\/wp-content\/uploads\/usu1283\/2017\/11\/DSCN7141-768x576.jpg 768w, https:\/\/agora.xtec.cat\/esc-musica-parets\/wp-content\/uploads\/usu1283\/2017\/11\/DSCN7141-200x150.jpg 200w\" sizes=\"auto, (max-width: 1024px) 100vw, 1024px\" \/><\/a>\n\t\t\t<\/dt><\/dl><dl class='gallery-item'>\n\t\t\t<dt class='gallery-icon landscape'>\n\t\t\t\t<a href='https:\/\/agora.xtec.cat\/esc-musica-parets\/dscn7149\/'><img loading=\"lazy\" decoding=\"async\" width=\"1024\" height=\"768\" src=\"https:\/\/agora.xtec.cat\/esc-musica-parets\/wp-content\/uploads\/usu1283\/2017\/11\/DSCN7149-1024x768.jpg\" class=\"attachment-large size-large\" alt=\"\" srcset=\"https:\/\/agora.xtec.cat\/esc-musica-parets\/wp-content\/uploads\/usu1283\/2017\/11\/DSCN7149-1024x768.jpg 1024w, https:\/\/agora.xtec.cat\/esc-musica-parets\/wp-content\/uploads\/usu1283\/2017\/11\/DSCN7149-300x225.jpg 300w, https:\/\/agora.xtec.cat\/esc-musica-parets\/wp-content\/uploads\/usu1283\/2017\/11\/DSCN7149-768x576.jpg 768w, https:\/\/agora.xtec.cat\/esc-musica-parets\/wp-content\/uploads\/usu1283\/2017\/11\/DSCN7149-200x150.jpg 200w, https:\/\/agora.xtec.cat\/esc-musica-parets\/wp-content\/uploads\/usu1283\/2017\/11\/DSCN7149-e1511969072384.jpg 960w\" sizes=\"auto, (max-width: 1024px) 100vw, 1024px\" \/><\/a>\n\t\t\t<\/dt><\/dl><br style=\"clear: both\" \/>\n\t\t<\/div>\n\n","protected":false},"excerpt":{"rendered":"<p>Aquest dimarts 28 de novembre, diferents agrupacions de l\u2019Escola Municipal de M\u00fasica han actuat davant dels avis i \u00e0vies de la resid\u00e8ncia Pedra Serrada de la nostra poblaci\u00f3. Un quartet de saxos, l\u2019Orquestra de cambra i la de guitarres, aix\u00ed com la coral infantil i&hellip;  <a href=\"https:\/\/agora.xtec.cat\/esc-musica-parets\/general\/concert-de-nadal-a-la-residencia-davis-pedra-serrada-2\/\" title=\"Read Concert de Nadal a la resid\u00e8ncia d&#8217;avis Pedra Serrada\">Llegeix m\u00e9s\u00bb<\/a><\/p>\n","protected":false},"author":1,"featured_media":1612,"comment_status":"open","ping_status":"closed","sticky":false,"template":"","format":"standard","meta":{"_bbp_topic_count":0,"_bbp_reply_count":0,"_bbp_total_topic_count":0,"_bbp_total_reply_count":0,"_bbp_voice_count":0,"_bbp_anonymous_reply_count":0,"_bbp_topic_count_hidden":0,"_bbp_reply_count_hidden":0,"_bbp_forum_subforum_count":0,"footnotes":""},"categories":[1,29],"tags":[151,150,133,77,152,135],"class_list":["post-1626","post","type-post","status-publish","format-standard","has-post-thumbnail","hentry","category-general","category-portada","tag-emm-parets","tag-escola-musica","tag-nadal","tag-noticies","tag-professors","tag-residencia"],"post_mailing_queue_ids":[],"_links":{"self":[{"href":"https:\/\/agora.xtec.cat\/esc-musica-parets\/wp-json\/wp\/v2\/posts\/1626","targetHints":{"allow":["GET"]}}],"collection":[{"href":"https:\/\/agora.xtec.cat\/esc-musica-parets\/wp-json\/wp\/v2\/posts"}],"about":[{"href":"https:\/\/agora.xtec.cat\/esc-musica-parets\/wp-json\/wp\/v2\/types\/post"}],"author":[{"embeddable":true,"href":"https:\/\/agora.xtec.cat\/esc-musica-parets\/wp-json\/wp\/v2\/users\/1"}],"replies":[{"embeddable":true,"href":"https:\/\/agora.xtec.cat\/esc-musica-parets\/wp-json\/wp\/v2\/comments?post=1626"}],"version-history":[{"count":2,"href":"https:\/\/agora.xtec.cat\/esc-musica-parets\/wp-json\/wp\/v2\/posts\/1626\/revisions"}],"predecessor-version":[{"id":1628,"href":"https:\/\/agora.xtec.cat\/esc-musica-parets\/wp-json\/wp\/v2\/posts\/1626\/revisions\/1628"}],"wp:featuredmedia":[{"embeddable":true,"href":"https:\/\/agora.xtec.cat\/esc-musica-parets\/wp-json\/wp\/v2\/media\/1612"}],"wp:attachment":[{"href":"https:\/\/agora.xtec.cat\/esc-musica-parets\/wp-json\/wp\/v2\/media?parent=1626"}],"wp:term":[{"taxonomy":"category","embeddable":true,"href":"https:\/\/agora.xtec.cat\/esc-musica-parets\/wp-json\/wp\/v2\/categories?post=1626"},{"taxonomy":"post_tag","embeddable":true,"href":"https:\/\/agora.xtec.cat\/esc-musica-parets\/wp-json\/wp\/v2\/tags?post=1626"}],"curies":[{"name":"wp","href":"https:\/\/api.w.org\/{rel}","templated":true}]}}