{"id":1594,"date":"2017-11-03T18:49:44","date_gmt":"2017-11-03T17:49:44","guid":{"rendered":"http:\/\/agora.xtec.cat\/esc-musica-parets\/?p=1594"},"modified":"2017-11-03T19:03:23","modified_gmt":"2017-11-03T18:03:23","slug":"concert-al-cementiri-el-dia-de-tots-sants","status":"publish","type":"post","link":"https:\/\/agora.xtec.cat\/esc-musica-parets\/general\/concert-al-cementiri-el-dia-de-tots-sants\/","title":{"rendered":"Concert al cementiri el dia de Tots Sants"},"content":{"rendered":"<p style=\"text-align: center;\"><a href=\"http:\/\/agora.xtec.cat\/esc-musica-parets\/wp-content\/uploads\/usu1283\/2017\/11\/Concert-Tots-Sants.jpg\"><img loading=\"lazy\" decoding=\"async\" class=\"alignnone size-full wp-image-1598\" src=\"http:\/\/agora.xtec.cat\/esc-musica-parets\/wp-content\/uploads\/usu1283\/2017\/11\/Concert-Tots-Sants.jpg\" alt=\"\" width=\"531\" height=\"300\" srcset=\"https:\/\/agora.xtec.cat\/esc-musica-parets\/wp-content\/uploads\/usu1283\/2017\/11\/Concert-Tots-Sants.jpg 531w, https:\/\/agora.xtec.cat\/esc-musica-parets\/wp-content\/uploads\/usu1283\/2017\/11\/Concert-Tots-Sants-300x169.jpg 300w\" sizes=\"auto, (max-width: 531px) 100vw, 531px\" \/><\/a><\/p>\n<p>El passat dimecres 1 de novembre i amb motiu de la festivitat de Tots Sants, l\u2019Ajuntament de Parets del Vall\u00e8s va organitzar, com cada any, un seguit d\u2019actes al cementiri de la poblaci\u00f3. A migdia es va fer el repartiment de la publicaci\u00f3 <em>Versos d&#8217;abs\u00e8ncia<\/em>. Posteriorment es va fer la descoberta de la placa del poema &#8220;El hombre que miraba al cielo&#8221; de Ramon Mariscal, mort recentment, seguit d&#8217;un recital de poemes a c\u00e0rrec del Niu d&#8217;Art Po\u00e8tic, entitat del municipi.<\/p>\n<p>Per acabar la jornada festiva es va oferir un concert a c\u00e0rrec del <strong>Duet Adagio<\/strong>, integrat per Ricart Renart (viol\u00ed) i Jordi Azagra (piano), director de l&#8217;escola municipal de m\u00fasica. El concert, dividit en tres parts, va incloure peces de m\u00fasica cl\u00e0ssica, m\u00fasiques de pel\u00b7l\u00edcula i obres de la literatura musical catalana.<\/p>\n","protected":false},"excerpt":{"rendered":"<p><a href=\"http:\/\/agora.xtec.cat\/esc-musica-parets\/wp-content\/uploads\/usu1283\/2017\/11\/Concert-Tots-Sants.jpg\"><\/a><br \/>\nEl passat dimecres 1 de novembre i amb motiu de la festivitat de Tots Sants, l\u2019Ajuntament de Parets del Vall\u00e8s va organitzar, com cada any, un seguit d\u2019actes al cementiri de la poblaci\u00f3. A migdia es va fer el repartiment de la publicaci\u00f3 Versos&hellip;  <a href=\"https:\/\/agora.xtec.cat\/esc-musica-parets\/general\/concert-al-cementiri-el-dia-de-tots-sants\/\" title=\"Read Concert al cementiri el dia de Tots Sants\">Llegeix m\u00e9s\u00bb<\/a><\/p>\n","protected":false},"author":1,"featured_media":1598,"comment_status":"open","ping_status":"closed","sticky":false,"template":"","format":"standard","meta":{"_bbp_topic_count":0,"_bbp_reply_count":0,"_bbp_total_topic_count":0,"_bbp_total_reply_count":0,"_bbp_voice_count":0,"_bbp_anonymous_reply_count":0,"_bbp_topic_count_hidden":0,"_bbp_reply_count_hidden":0,"_bbp_forum_subforum_count":0,"footnotes":""},"categories":[1,29],"tags":[100,151,150,77,152,148],"class_list":["post-1594","post","type-post","status-publish","format-standard","has-post-thumbnail","hentry","category-general","category-portada","tag-audicions","tag-emm-parets","tag-escola-musica","tag-noticies","tag-professors","tag-tots-sants"],"post_mailing_queue_ids":[],"_links":{"self":[{"href":"https:\/\/agora.xtec.cat\/esc-musica-parets\/wp-json\/wp\/v2\/posts\/1594","targetHints":{"allow":["GET"]}}],"collection":[{"href":"https:\/\/agora.xtec.cat\/esc-musica-parets\/wp-json\/wp\/v2\/posts"}],"about":[{"href":"https:\/\/agora.xtec.cat\/esc-musica-parets\/wp-json\/wp\/v2\/types\/post"}],"author":[{"embeddable":true,"href":"https:\/\/agora.xtec.cat\/esc-musica-parets\/wp-json\/wp\/v2\/users\/1"}],"replies":[{"embeddable":true,"href":"https:\/\/agora.xtec.cat\/esc-musica-parets\/wp-json\/wp\/v2\/comments?post=1594"}],"version-history":[{"count":3,"href":"https:\/\/agora.xtec.cat\/esc-musica-parets\/wp-json\/wp\/v2\/posts\/1594\/revisions"}],"predecessor-version":[{"id":1599,"href":"https:\/\/agora.xtec.cat\/esc-musica-parets\/wp-json\/wp\/v2\/posts\/1594\/revisions\/1599"}],"wp:featuredmedia":[{"embeddable":true,"href":"https:\/\/agora.xtec.cat\/esc-musica-parets\/wp-json\/wp\/v2\/media\/1598"}],"wp:attachment":[{"href":"https:\/\/agora.xtec.cat\/esc-musica-parets\/wp-json\/wp\/v2\/media?parent=1594"}],"wp:term":[{"taxonomy":"category","embeddable":true,"href":"https:\/\/agora.xtec.cat\/esc-musica-parets\/wp-json\/wp\/v2\/categories?post=1594"},{"taxonomy":"post_tag","embeddable":true,"href":"https:\/\/agora.xtec.cat\/esc-musica-parets\/wp-json\/wp\/v2\/tags?post=1594"}],"curies":[{"name":"wp","href":"https:\/\/api.w.org\/{rel}","templated":true}]}}