{"id":1565,"date":"2017-09-26T18:03:45","date_gmt":"2017-09-26T16:03:45","guid":{"rendered":"http:\/\/agora.xtec.cat\/esc-musica-parets\/?p=1565"},"modified":"2017-09-26T18:05:23","modified_gmt":"2017-09-26T16:05:23","slug":"obrim-laula-de-violoncel-a-lescola","status":"publish","type":"post","link":"https:\/\/agora.xtec.cat\/esc-musica-parets\/general\/obrim-laula-de-violoncel-a-lescola\/","title":{"rendered":"Obrim l&#8217;aula de violoncel a l&#8217;escola!"},"content":{"rendered":"<p><a href=\"http:\/\/agora.xtec.cat\/esc-musica-parets\/wp-content\/uploads\/usu1283\/2017\/09\/maxresdefault2.jpg\"><img loading=\"lazy\" decoding=\"async\" class=\"alignnone  wp-image-1566\" src=\"http:\/\/agora.xtec.cat\/esc-musica-parets\/wp-content\/uploads\/usu1283\/2017\/09\/maxresdefault2-1024x576.jpg\" alt=\"\" width=\"498\" height=\"280\" srcset=\"https:\/\/agora.xtec.cat\/esc-musica-parets\/wp-content\/uploads\/usu1283\/2017\/09\/maxresdefault2-1024x576.jpg 1024w, https:\/\/agora.xtec.cat\/esc-musica-parets\/wp-content\/uploads\/usu1283\/2017\/09\/maxresdefault2-300x169.jpg 300w, https:\/\/agora.xtec.cat\/esc-musica-parets\/wp-content\/uploads\/usu1283\/2017\/09\/maxresdefault2-768x432.jpg 768w, https:\/\/agora.xtec.cat\/esc-musica-parets\/wp-content\/uploads\/usu1283\/2017\/09\/maxresdefault2.jpg 1280w\" sizes=\"auto, (max-width: 498px) 100vw, 498px\" \/><\/a><\/p>\n<p><span style=\"color: #000000;\">A partir d&#8217;aquest curs 2017-18, es podr\u00e0 estudiar violoncel a la nostra escola. De la m\u00e0 de la cellista Gl\u00f2ria Coll, els alumnes d&#8217;aquest instrument ajudaran en un futur proper a refor\u00e7ar l&#8217;orquestra de cambra del nostre centre. Aprofitem tamb\u00e9 per donar la benvinguda a dues noves professores: l&#8217;Alba Bru, qui ser\u00e0 l&#8217;encarregada de fer els cursos d&#8217;estimulaci\u00f3 musical per a nadons i flautes travesseres, i la Montserrat Llad\u00f3, que refor\u00e7ar\u00e0 els llenguatges musicals i pianos.<\/span><\/p>\n","protected":false},"excerpt":{"rendered":"<p><a href=\"http:\/\/agora.xtec.cat\/esc-musica-parets\/wp-content\/uploads\/usu1283\/2017\/09\/maxresdefault2.jpg\"><\/a><br \/>\nA partir d&#8217;aquest curs 2017-18, es podr\u00e0 estudiar violoncel a la nostra escola. De la m\u00e0 de la cellista Gl\u00f2ria Coll, els alumnes d&#8217;aquest instrument ajudaran en un futur proper a refor\u00e7ar l&#8217;orquestra de cambra del nostre centre. Aprofitem tamb\u00e9 per donar la benvinguda&hellip;  <a href=\"https:\/\/agora.xtec.cat\/esc-musica-parets\/general\/obrim-laula-de-violoncel-a-lescola\/\" title=\"Read Obrim l&#8217;aula de violoncel a l&#8217;escola!\">Llegeix m\u00e9s\u00bb<\/a><\/p>\n","protected":false},"author":1,"featured_media":1566,"comment_status":"open","ping_status":"closed","sticky":false,"template":"","format":"standard","meta":{"_bbp_topic_count":0,"_bbp_reply_count":0,"_bbp_total_topic_count":0,"_bbp_total_reply_count":0,"_bbp_voice_count":0,"_bbp_anonymous_reply_count":0,"_bbp_topic_count_hidden":0,"_bbp_reply_count_hidden":0,"_bbp_forum_subforum_count":0,"footnotes":""},"categories":[1,29],"tags":[143,77,152,161],"class_list":["post-1565","post","type-post","status-publish","format-standard","has-post-thumbnail","hentry","category-general","category-portada","tag-curs","tag-noticies","tag-professors","tag-violoncel"],"post_mailing_queue_ids":[],"_links":{"self":[{"href":"https:\/\/agora.xtec.cat\/esc-musica-parets\/wp-json\/wp\/v2\/posts\/1565","targetHints":{"allow":["GET"]}}],"collection":[{"href":"https:\/\/agora.xtec.cat\/esc-musica-parets\/wp-json\/wp\/v2\/posts"}],"about":[{"href":"https:\/\/agora.xtec.cat\/esc-musica-parets\/wp-json\/wp\/v2\/types\/post"}],"author":[{"embeddable":true,"href":"https:\/\/agora.xtec.cat\/esc-musica-parets\/wp-json\/wp\/v2\/users\/1"}],"replies":[{"embeddable":true,"href":"https:\/\/agora.xtec.cat\/esc-musica-parets\/wp-json\/wp\/v2\/comments?post=1565"}],"version-history":[{"count":3,"href":"https:\/\/agora.xtec.cat\/esc-musica-parets\/wp-json\/wp\/v2\/posts\/1565\/revisions"}],"predecessor-version":[{"id":1570,"href":"https:\/\/agora.xtec.cat\/esc-musica-parets\/wp-json\/wp\/v2\/posts\/1565\/revisions\/1570"}],"wp:featuredmedia":[{"embeddable":true,"href":"https:\/\/agora.xtec.cat\/esc-musica-parets\/wp-json\/wp\/v2\/media\/1566"}],"wp:attachment":[{"href":"https:\/\/agora.xtec.cat\/esc-musica-parets\/wp-json\/wp\/v2\/media?parent=1565"}],"wp:term":[{"taxonomy":"category","embeddable":true,"href":"https:\/\/agora.xtec.cat\/esc-musica-parets\/wp-json\/wp\/v2\/categories?post=1565"},{"taxonomy":"post_tag","embeddable":true,"href":"https:\/\/agora.xtec.cat\/esc-musica-parets\/wp-json\/wp\/v2\/tags?post=1565"}],"curies":[{"name":"wp","href":"https:\/\/api.w.org\/{rel}","templated":true}]}}