{"id":1554,"date":"2017-09-07T15:56:20","date_gmt":"2017-09-07T13:56:20","guid":{"rendered":"http:\/\/agora.xtec.cat\/esc-musica-parets\/?p=1554"},"modified":"2017-09-07T16:01:09","modified_gmt":"2017-09-07T14:01:09","slug":"lipdub-de-la-nostra-escola","status":"publish","type":"post","link":"https:\/\/agora.xtec.cat\/esc-musica-parets\/general\/lipdub-de-la-nostra-escola\/","title":{"rendered":"LipDub de la nostra Escola"},"content":{"rendered":"<p><iframe loading=\"lazy\" src=\"\/\/www.youtube.com\/embed\/VAjl64KnSTk\" width=\"560\" height=\"315\" frameborder=\"0\" allowfullscreen=\"allowfullscreen\"><\/iframe><\/p>\n<p>Gr\u00e0cies pares, mares, alumnes, professors\/es i totes aquelles persones grans i petites que v\u00e0reu participar, per la vostra col\u00b7laboraci\u00f3 i entusiasme en l&#8217;enregistrament del LipDub de la nostra Escola durant les activitats de la 18a Setmana Cultural. Ha quedat fant\u00e0stic!!!! Realment \u00e9s una bona projecci\u00f3 de la for\u00e7a, energia i trempera que es respira dia a dia en el nostre centre.<\/p>\n","protected":false},"excerpt":{"rendered":"<p>Gr\u00e0cies pares, mares, alumnes, professors\/es i totes aquelles persones grans i petites que v\u00e0reu participar, per la vostra col\u00b7laboraci\u00f3 i entusiasme en l&#8217;enregistrament del LipDub de la nostra Escola durant les activitats de la 18a Setmana Cultural. Ha quedat fant\u00e0stic!!!! Realment \u00e9s una bona projecci\u00f3&hellip;  <a href=\"https:\/\/agora.xtec.cat\/esc-musica-parets\/general\/lipdub-de-la-nostra-escola\/\" title=\"Read LipDub de la nostra Escola\">Llegeix m\u00e9s\u00bb<\/a><\/p>\n","protected":false},"author":1,"featured_media":1555,"comment_status":"open","ping_status":"closed","sticky":false,"template":"","format":"standard","meta":{"_bbp_topic_count":0,"_bbp_reply_count":0,"_bbp_total_topic_count":0,"_bbp_total_reply_count":0,"_bbp_voice_count":0,"_bbp_anonymous_reply_count":0,"_bbp_topic_count_hidden":0,"_bbp_reply_count_hidden":0,"_bbp_forum_subforum_count":0,"footnotes":""},"categories":[1,29],"tags":[131,150,139,160,77,152,82],"class_list":["post-1554","post","type-post","status-publish","format-standard","has-post-thumbnail","hentry","category-general","category-portada","tag-canta-parets","tag-escola-musica","tag-festes","tag-lipdub","tag-noticies","tag-professors","tag-set_cult"],"post_mailing_queue_ids":[],"_links":{"self":[{"href":"https:\/\/agora.xtec.cat\/esc-musica-parets\/wp-json\/wp\/v2\/posts\/1554","targetHints":{"allow":["GET"]}}],"collection":[{"href":"https:\/\/agora.xtec.cat\/esc-musica-parets\/wp-json\/wp\/v2\/posts"}],"about":[{"href":"https:\/\/agora.xtec.cat\/esc-musica-parets\/wp-json\/wp\/v2\/types\/post"}],"author":[{"embeddable":true,"href":"https:\/\/agora.xtec.cat\/esc-musica-parets\/wp-json\/wp\/v2\/users\/1"}],"replies":[{"embeddable":true,"href":"https:\/\/agora.xtec.cat\/esc-musica-parets\/wp-json\/wp\/v2\/comments?post=1554"}],"version-history":[{"count":2,"href":"https:\/\/agora.xtec.cat\/esc-musica-parets\/wp-json\/wp\/v2\/posts\/1554\/revisions"}],"predecessor-version":[{"id":1558,"href":"https:\/\/agora.xtec.cat\/esc-musica-parets\/wp-json\/wp\/v2\/posts\/1554\/revisions\/1558"}],"wp:featuredmedia":[{"embeddable":true,"href":"https:\/\/agora.xtec.cat\/esc-musica-parets\/wp-json\/wp\/v2\/media\/1555"}],"wp:attachment":[{"href":"https:\/\/agora.xtec.cat\/esc-musica-parets\/wp-json\/wp\/v2\/media?parent=1554"}],"wp:term":[{"taxonomy":"category","embeddable":true,"href":"https:\/\/agora.xtec.cat\/esc-musica-parets\/wp-json\/wp\/v2\/categories?post=1554"},{"taxonomy":"post_tag","embeddable":true,"href":"https:\/\/agora.xtec.cat\/esc-musica-parets\/wp-json\/wp\/v2\/tags?post=1554"}],"curies":[{"name":"wp","href":"https:\/\/api.w.org\/{rel}","templated":true}]}}