{"id":1535,"date":"2017-07-03T16:50:57","date_gmt":"2017-07-03T14:50:57","guid":{"rendered":"http:\/\/agora.xtec.cat\/esc-musica-parets\/?p=1535"},"modified":"2017-07-03T16:55:39","modified_gmt":"2017-07-03T14:55:39","slug":"memoria-dactivitats-curs-2016-17","status":"publish","type":"post","link":"https:\/\/agora.xtec.cat\/esc-musica-parets\/general\/memoria-dactivitats-curs-2016-17\/","title":{"rendered":"MEM\u00d2RIA D&#8217;ACTIVITATS &#8211; Curs 2016-17"},"content":{"rendered":"<p>Ja podeu cons<a href=\"http:\/\/agora.xtec.cat\/esc-musica-parets\/wp-content\/uploads\/usu1283\/2017\/07\/Mem\u00f2ria-dactivitats.jpg\"><img loading=\"lazy\" decoding=\"async\" class=\"wp-image-1536 alignleft\" src=\"http:\/\/agora.xtec.cat\/esc-musica-parets\/wp-content\/uploads\/usu1283\/2017\/07\/Mem\u00f2ria-dactivitats.jpg\" alt=\"Mem\u00f2ria d'activitats\" width=\"265\" height=\"265\" srcset=\"https:\/\/agora.xtec.cat\/esc-musica-parets\/wp-content\/uploads\/usu1283\/2017\/07\/Mem\u00f2ria-dactivitats.jpg 400w, https:\/\/agora.xtec.cat\/esc-musica-parets\/wp-content\/uploads\/usu1283\/2017\/07\/Mem\u00f2ria-dactivitats-150x150.jpg 150w, https:\/\/agora.xtec.cat\/esc-musica-parets\/wp-content\/uploads\/usu1283\/2017\/07\/Mem\u00f2ria-dactivitats-300x300.jpg 300w\" sizes=\"auto, (max-width: 265px) 100vw, 265px\" \/><\/a>ultar la mem\u00f2ria d&#8217;activitats dutes a terme des del nostre centre al llarg del curs 2016-17. Com ja ve essent habitual, una gran quantitat d&#8217;activitats musicals han envoltat el nostre dia a dia impartint classes, per\u00f2 tal i com vam establir en el nou projecte educatiu de centre, la nostra prioritat \u00e9s la d'&#8221;aprendre m\u00fasica fent m\u00fasica&#8221;. I en aquest sentit, tots els alumnes del centre, ja sigui tocant ja sigui cantant, gaudeixen de la m\u00fasica en tota la seva extensi\u00f3 i per a nosaltres, professors i professores, ens representa un orgull mostrar els seus progressos i constatar que, dia a dia, creixem com a centre.<\/p>\n<p><a href=\"http:\/\/agora.xtec.cat\/esc-musica-parets\/wp-content\/uploads\/usu1283\/2017\/07\/Mem\u00f2ria-activitats-curs-2016-17-2-Escola-de-M\u00fasica.pdf\">Mem\u00f2ria activitats curs 2016-17 &#8211; Escola Municipal de M\u00fasica<\/a><\/p>\n<p>Ara toca descansar i agafar forces pel curs vinent. Molt bones vacances a tothom!!!<\/p>\n","protected":false},"excerpt":{"rendered":"<p>Ja podeu cons<a href=\"http:\/\/agora.xtec.cat\/esc-musica-parets\/wp-content\/uploads\/usu1283\/2017\/07\/Mem\u00f2ria-dactivitats.jpg\"><\/a>ultar la mem\u00f2ria d&#8217;activitats dutes a terme des del nostre centre al llarg del curs 2016-17. Com ja ve essent habitual, una gran quantitat d&#8217;activitats musicals han envoltat el nostre dia a dia impartint classes, per\u00f2 tal i com vam establir en&hellip;  <a href=\"https:\/\/agora.xtec.cat\/esc-musica-parets\/general\/memoria-dactivitats-curs-2016-17\/\" title=\"Read MEM\u00d2RIA D&#8217;ACTIVITATS &#8211; Curs 2016-17\">Llegeix m\u00e9s\u00bb<\/a><\/p>\n","protected":false},"author":1,"featured_media":1536,"comment_status":"open","ping_status":"closed","sticky":false,"template":"","format":"standard","meta":{"_bbp_topic_count":0,"_bbp_reply_count":0,"_bbp_total_topic_count":0,"_bbp_total_reply_count":0,"_bbp_voice_count":0,"_bbp_anonymous_reply_count":0,"_bbp_topic_count_hidden":0,"_bbp_reply_count_hidden":0,"_bbp_forum_subforum_count":0,"footnotes":""},"categories":[1,29],"tags":[143,151,150,121],"class_list":["post-1535","post","type-post","status-publish","format-standard","has-post-thumbnail","hentry","category-general","category-portada","tag-curs","tag-emm-parets","tag-escola-musica","tag-memoria"],"post_mailing_queue_ids":[],"_links":{"self":[{"href":"https:\/\/agora.xtec.cat\/esc-musica-parets\/wp-json\/wp\/v2\/posts\/1535","targetHints":{"allow":["GET"]}}],"collection":[{"href":"https:\/\/agora.xtec.cat\/esc-musica-parets\/wp-json\/wp\/v2\/posts"}],"about":[{"href":"https:\/\/agora.xtec.cat\/esc-musica-parets\/wp-json\/wp\/v2\/types\/post"}],"author":[{"embeddable":true,"href":"https:\/\/agora.xtec.cat\/esc-musica-parets\/wp-json\/wp\/v2\/users\/1"}],"replies":[{"embeddable":true,"href":"https:\/\/agora.xtec.cat\/esc-musica-parets\/wp-json\/wp\/v2\/comments?post=1535"}],"version-history":[{"count":2,"href":"https:\/\/agora.xtec.cat\/esc-musica-parets\/wp-json\/wp\/v2\/posts\/1535\/revisions"}],"predecessor-version":[{"id":1539,"href":"https:\/\/agora.xtec.cat\/esc-musica-parets\/wp-json\/wp\/v2\/posts\/1535\/revisions\/1539"}],"wp:featuredmedia":[{"embeddable":true,"href":"https:\/\/agora.xtec.cat\/esc-musica-parets\/wp-json\/wp\/v2\/media\/1536"}],"wp:attachment":[{"href":"https:\/\/agora.xtec.cat\/esc-musica-parets\/wp-json\/wp\/v2\/media?parent=1535"}],"wp:term":[{"taxonomy":"category","embeddable":true,"href":"https:\/\/agora.xtec.cat\/esc-musica-parets\/wp-json\/wp\/v2\/categories?post=1535"},{"taxonomy":"post_tag","embeddable":true,"href":"https:\/\/agora.xtec.cat\/esc-musica-parets\/wp-json\/wp\/v2\/tags?post=1535"}],"curies":[{"name":"wp","href":"https:\/\/api.w.org\/{rel}","templated":true}]}}