{"id":1527,"date":"2017-06-30T17:28:37","date_gmt":"2017-06-30T15:28:37","guid":{"rendered":"http:\/\/agora.xtec.cat\/esc-musica-parets\/?p=1527"},"modified":"2017-06-30T17:32:47","modified_gmt":"2017-06-30T15:32:47","slug":"audicions-publiques-el-dia-internacional-de-la-musica","status":"publish","type":"post","link":"https:\/\/agora.xtec.cat\/esc-musica-parets\/general\/audicions-publiques-el-dia-internacional-de-la-musica\/","title":{"rendered":"Audicions p\u00fabliques el Dia Internacional de la M\u00fasica"},"content":{"rendered":"<p><a href=\"http:\/\/agora.xtec.cat\/esc-musica-parets\/wp-content\/uploads\/usu1283\/2017\/06\/IMG_20170621_210140-e1498836258793.jpg\"><img loading=\"lazy\" decoding=\"async\" class=\"wp-image-1528  aligncenter\" src=\"http:\/\/agora.xtec.cat\/esc-musica-parets\/wp-content\/uploads\/usu1283\/2017\/06\/IMG_20170621_210140-e1498836258793-1024x778.jpg\" width=\"547\" height=\"415\" srcset=\"https:\/\/agora.xtec.cat\/esc-musica-parets\/wp-content\/uploads\/usu1283\/2017\/06\/IMG_20170621_210140-e1498836258793-1024x778.jpg 1024w, https:\/\/agora.xtec.cat\/esc-musica-parets\/wp-content\/uploads\/usu1283\/2017\/06\/IMG_20170621_210140-e1498836258793-300x228.jpg 300w, https:\/\/agora.xtec.cat\/esc-musica-parets\/wp-content\/uploads\/usu1283\/2017\/06\/IMG_20170621_210140-e1498836258793-768x584.jpg 768w\" sizes=\"auto, (max-width: 547px) 100vw, 547px\" \/><\/a><span style=\"color: #000000;\">Amb motiu del Dia Internacional de la M\u00fasica, el passat 21 de juny es van du a terme dues audicions p\u00fabliques d&#8217;alumnes d&#8217;instrument, tant en versi\u00f3 individual com en petit format de cambra, de 19 a 21h a l&#8217;auditori de l&#8217;Escola Municipal de M\u00fasica. Amb aquestes audicions, es va posar punt i final a un curs ple d&#8217;activitats i de viv\u00e8ncies musicals. Desitgem a tothom unes bones vacances d&#8217;estiu i us esperem al setembre amb les piles ben carregades per encetar una nova aventura musical.<\/span><\/p>\n","protected":false},"excerpt":{"rendered":"<p><a href=\"http:\/\/agora.xtec.cat\/esc-musica-parets\/wp-content\/uploads\/usu1283\/2017\/06\/IMG_20170621_210140-e1498836258793.jpg\"><\/a>Amb motiu del Dia Internacional de la M\u00fasica, el passat 21 de juny es van du a terme dues audicions p\u00fabliques d&#8217;alumnes d&#8217;instrument, tant en versi\u00f3 individual com en petit format de cambra, de 19 a 21h a l&#8217;auditori de l&#8217;Escola Municipal de M\u00fasica.&hellip;  <a href=\"https:\/\/agora.xtec.cat\/esc-musica-parets\/general\/audicions-publiques-el-dia-internacional-de-la-musica\/\" title=\"Read Audicions p\u00fabliques el Dia Internacional de la M\u00fasica\">Llegeix m\u00e9s\u00bb<\/a><\/p>\n","protected":false},"author":1,"featured_media":1529,"comment_status":"open","ping_status":"closed","sticky":false,"template":"","format":"standard","meta":{"_bbp_topic_count":0,"_bbp_reply_count":0,"_bbp_total_topic_count":0,"_bbp_total_reply_count":0,"_bbp_voice_count":0,"_bbp_anonymous_reply_count":0,"_bbp_topic_count_hidden":0,"_bbp_reply_count_hidden":0,"_bbp_forum_subforum_count":0,"footnotes":""},"categories":[1,29],"tags":[100,80,151,150,77],"class_list":["post-1527","post","type-post","status-publish","format-standard","has-post-thumbnail","hentry","category-general","category-portada","tag-audicions","tag-concert-fi-de-curs","tag-emm-parets","tag-escola-musica","tag-noticies"],"post_mailing_queue_ids":[],"_links":{"self":[{"href":"https:\/\/agora.xtec.cat\/esc-musica-parets\/wp-json\/wp\/v2\/posts\/1527","targetHints":{"allow":["GET"]}}],"collection":[{"href":"https:\/\/agora.xtec.cat\/esc-musica-parets\/wp-json\/wp\/v2\/posts"}],"about":[{"href":"https:\/\/agora.xtec.cat\/esc-musica-parets\/wp-json\/wp\/v2\/types\/post"}],"author":[{"embeddable":true,"href":"https:\/\/agora.xtec.cat\/esc-musica-parets\/wp-json\/wp\/v2\/users\/1"}],"replies":[{"embeddable":true,"href":"https:\/\/agora.xtec.cat\/esc-musica-parets\/wp-json\/wp\/v2\/comments?post=1527"}],"version-history":[{"count":3,"href":"https:\/\/agora.xtec.cat\/esc-musica-parets\/wp-json\/wp\/v2\/posts\/1527\/revisions"}],"predecessor-version":[{"id":1534,"href":"https:\/\/agora.xtec.cat\/esc-musica-parets\/wp-json\/wp\/v2\/posts\/1527\/revisions\/1534"}],"wp:featuredmedia":[{"embeddable":true,"href":"https:\/\/agora.xtec.cat\/esc-musica-parets\/wp-json\/wp\/v2\/media\/1529"}],"wp:attachment":[{"href":"https:\/\/agora.xtec.cat\/esc-musica-parets\/wp-json\/wp\/v2\/media?parent=1527"}],"wp:term":[{"taxonomy":"category","embeddable":true,"href":"https:\/\/agora.xtec.cat\/esc-musica-parets\/wp-json\/wp\/v2\/categories?post=1527"},{"taxonomy":"post_tag","embeddable":true,"href":"https:\/\/agora.xtec.cat\/esc-musica-parets\/wp-json\/wp\/v2\/tags?post=1527"}],"curies":[{"name":"wp","href":"https:\/\/api.w.org\/{rel}","templated":true}]}}