{"id":1397,"date":"2017-05-12T20:48:15","date_gmt":"2017-05-12T18:48:15","guid":{"rendered":"http:\/\/agora.xtec.cat\/esc-musica-parets\/?p=1397"},"modified":"2017-05-12T20:56:30","modified_gmt":"2017-05-12T18:56:30","slug":"sobre-el-periode-de-preinscripcio-pel-curs-2017-18","status":"publish","type":"post","link":"https:\/\/agora.xtec.cat\/esc-musica-parets\/general\/sobre-el-periode-de-preinscripcio-pel-curs-2017-18\/","title":{"rendered":"S&#8217;obre el per\u00edode de preinscripci\u00f3 pel curs 2017-18"},"content":{"rendered":"<p class=\"brcm-summary\">Del 15 al 26 de maig i coincidint amb la 18a Setmana Cutlural, estar\u00e0 obert el per\u00edode de preinscripci\u00f3 per al curs 2017-18 a l&#8217;Escola Municipal de M\u00fasica de Parets del Vall\u00e8s.<\/p>\n<div class=\"brcm-body\">\n<p>L&#8217;oferta del centre educatiu est\u00e0 formada per classes d&#8217;estimulaci\u00f3 musical per a nadons, iniciaci\u00f3 musical (5 a 7 anys), llenguatge musical, piano, guitarra cl\u00e0ssica i el\u00e8ctrica, baix el\u00e8ctric, viol\u00ed, violoncel, flauta travessera, saxo, bateria, combo modern, orquestra, corals, i conjunt instrumentals.<\/p>\n<p>L&#8217;horari d&#8217;atenci\u00f3 al p\u00fablic per formalitzar la preinscripci\u00f3 ser\u00e0 de dilluns a divendres, de 16 a 21 h, a la mateixa escola situada al parc la Linera.<\/p>\n<\/div>\n<p><a href=\"http:\/\/agora.xtec.cat\/esc-musica-parets\/wp-content\/uploads\/usu1283\/2017\/05\/Preinscripci\u00f3_2017-18.jpg\"><img loading=\"lazy\" decoding=\"async\" class=\"alignnone size-large wp-image-1399\" src=\"http:\/\/agora.xtec.cat\/esc-musica-parets\/wp-content\/uploads\/usu1283\/2017\/05\/Preinscripci\u00f3_2017-18-495x1024.jpg\" alt=\"Preinscripci\u00f3_2017-18\" width=\"495\" height=\"1024\" srcset=\"https:\/\/agora.xtec.cat\/esc-musica-parets\/wp-content\/uploads\/usu1283\/2017\/05\/Preinscripci\u00f3_2017-18-495x1024.jpg 495w, https:\/\/agora.xtec.cat\/esc-musica-parets\/wp-content\/uploads\/usu1283\/2017\/05\/Preinscripci\u00f3_2017-18-145x300.jpg 145w, https:\/\/agora.xtec.cat\/esc-musica-parets\/wp-content\/uploads\/usu1283\/2017\/05\/Preinscripci\u00f3_2017-18-768x1590.jpg 768w, https:\/\/agora.xtec.cat\/esc-musica-parets\/wp-content\/uploads\/usu1283\/2017\/05\/Preinscripci\u00f3_2017-18.jpg 976w\" sizes=\"auto, (max-width: 495px) 100vw, 495px\" \/><\/a><\/p>\n","protected":false},"excerpt":{"rendered":"<p>Del 15 al 26 de maig i coincidint amb la 18a Setmana Cutlural, estar\u00e0 obert el per\u00edode de preinscripci\u00f3 per al curs 2017-18 a l&#8217;Escola Municipal de M\u00fasica de Parets del Vall\u00e8s.<\/p>\n<p>L&#8217;oferta del centre educatiu est\u00e0 formada per classes d&#8217;estimulaci\u00f3 musical per a nadons, iniciaci\u00f3&hellip;  <a href=\"https:\/\/agora.xtec.cat\/esc-musica-parets\/general\/sobre-el-periode-de-preinscripcio-pel-curs-2017-18\/\" title=\"Read S&#8217;obre el per\u00edode de preinscripci\u00f3 pel curs 2017-18\">Llegeix m\u00e9s\u00bb<\/a><\/p>\n","protected":false},"author":1,"featured_media":1399,"comment_status":"open","ping_status":"open","sticky":false,"template":"","format":"standard","meta":{"_bbp_topic_count":0,"_bbp_reply_count":0,"_bbp_total_topic_count":0,"_bbp_total_reply_count":0,"_bbp_voice_count":0,"_bbp_anonymous_reply_count":0,"_bbp_topic_count_hidden":0,"_bbp_reply_count_hidden":0,"_bbp_forum_subforum_count":0,"footnotes":""},"categories":[1,29],"tags":[151,150,77,155],"class_list":["post-1397","post","type-post","status-publish","format-standard","has-post-thumbnail","hentry","category-general","category-portada","tag-emm-parets","tag-escola-musica","tag-noticies","tag-preinscripcio"],"post_mailing_queue_ids":[],"_links":{"self":[{"href":"https:\/\/agora.xtec.cat\/esc-musica-parets\/wp-json\/wp\/v2\/posts\/1397","targetHints":{"allow":["GET"]}}],"collection":[{"href":"https:\/\/agora.xtec.cat\/esc-musica-parets\/wp-json\/wp\/v2\/posts"}],"about":[{"href":"https:\/\/agora.xtec.cat\/esc-musica-parets\/wp-json\/wp\/v2\/types\/post"}],"author":[{"embeddable":true,"href":"https:\/\/agora.xtec.cat\/esc-musica-parets\/wp-json\/wp\/v2\/users\/1"}],"replies":[{"embeddable":true,"href":"https:\/\/agora.xtec.cat\/esc-musica-parets\/wp-json\/wp\/v2\/comments?post=1397"}],"version-history":[{"count":2,"href":"https:\/\/agora.xtec.cat\/esc-musica-parets\/wp-json\/wp\/v2\/posts\/1397\/revisions"}],"predecessor-version":[{"id":1401,"href":"https:\/\/agora.xtec.cat\/esc-musica-parets\/wp-json\/wp\/v2\/posts\/1397\/revisions\/1401"}],"wp:featuredmedia":[{"embeddable":true,"href":"https:\/\/agora.xtec.cat\/esc-musica-parets\/wp-json\/wp\/v2\/media\/1399"}],"wp:attachment":[{"href":"https:\/\/agora.xtec.cat\/esc-musica-parets\/wp-json\/wp\/v2\/media?parent=1397"}],"wp:term":[{"taxonomy":"category","embeddable":true,"href":"https:\/\/agora.xtec.cat\/esc-musica-parets\/wp-json\/wp\/v2\/categories?post=1397"},{"taxonomy":"post_tag","embeddable":true,"href":"https:\/\/agora.xtec.cat\/esc-musica-parets\/wp-json\/wp\/v2\/tags?post=1397"}],"curies":[{"name":"wp","href":"https:\/\/api.w.org\/{rel}","templated":true}]}}