{"id":1363,"date":"2017-04-26T20:10:16","date_gmt":"2017-04-26T18:10:16","guid":{"rendered":"http:\/\/agora.xtec.cat\/esc-musica-parets\/?p=1363"},"modified":"2017-04-26T20:19:47","modified_gmt":"2017-04-26T18:19:47","slug":"onirico-segon-treball-de-javi-herrera","status":"publish","type":"post","link":"https:\/\/agora.xtec.cat\/esc-musica-parets\/general\/onirico-segon-treball-de-javi-herrera\/","title":{"rendered":"&#8220;On\u00edrico&#8221;, segon treball d&#8217;en Javi Herrera"},"content":{"rendered":"<p><a href=\"http:\/\/agora.xtec.cat\/esc-musica-parets\/wp-content\/uploads\/usu1283\/2017\/04\/17990739_1503844856334143_5120476543764039197_n.jpg\"><img loading=\"lazy\" decoding=\"async\" class=\"alignnone size-full wp-image-1364\" src=\"http:\/\/agora.xtec.cat\/esc-musica-parets\/wp-content\/uploads\/usu1283\/2017\/04\/17990739_1503844856334143_5120476543764039197_n.jpg\" alt=\"17990739_1503844856334143_5120476543764039197_n\" width=\"466\" height=\"350\" srcset=\"https:\/\/agora.xtec.cat\/esc-musica-parets\/wp-content\/uploads\/usu1283\/2017\/04\/17990739_1503844856334143_5120476543764039197_n.jpg 466w, https:\/\/agora.xtec.cat\/esc-musica-parets\/wp-content\/uploads\/usu1283\/2017\/04\/17990739_1503844856334143_5120476543764039197_n-300x225.jpg 300w, https:\/\/agora.xtec.cat\/esc-musica-parets\/wp-content\/uploads\/usu1283\/2017\/04\/17990739_1503844856334143_5120476543764039197_n-200x150.jpg 200w\" sizes=\"auto, (max-width: 466px) 100vw, 466px\" \/><\/a><\/p>\n<p><span style=\"color: #000000;\">Javi Herrera, professor de bateria de la nostra escola, estrena el seu darrer treball &#8220;ON\u00cdRICO&#8221; sota el seud\u00f2nim de Kant Freud Kafka, un disc amb un total de 6 peces composades per ell i que comforma el seu segon treball despr\u00e9s de &#8220;No tengas miedo&#8221;. En aquest nou disc, Javi Herrera ha creat un seguit de peces amb un estil ecl\u00e8ctic, des de la m\u00fasica cl\u00e0ssica fins al rock progressiu passant pel jazz o el funky, sempre sota el nexe com\u00fa dels somnis. A m\u00e9s de composar els temes del disc, en Javi Herrera ha enregistrat les bateries i les veus masculines.<\/span><\/p>\n<p><span style=\"color: #000000;\">Podeu sentir l&#8217;entrevista realitzada a RAP 107 seguint <a href=\"http:\/\/enacast.com\/sharer\/?type=podcast&amp;radio=rap107&amp;program=rapmati&amp;podcast_id=rap107_podcast_6818&amp;ref=tw\">aquest enlla\u00e7<\/a>.<\/span><\/p>\n<p><span style=\"color: #000000;\">Divendres 19 de maig, dins del marc de la setmana cultural de l&#8217;escola municipal de m\u00fasica, podeu assistir a la presentaci\u00f3 a Parets d&#8217;aquest nou treball i on, a m\u00e9s, podreu visualitzar el &#8220;making of&#8221; de l&#8217;enregistrament. No us ho perdeu!!!<\/span><\/p>\n","protected":false},"excerpt":{"rendered":"<p><a href=\"http:\/\/agora.xtec.cat\/esc-musica-parets\/wp-content\/uploads\/usu1283\/2017\/04\/17990739_1503844856334143_5120476543764039197_n.jpg\"><\/a><br \/>\nJavi Herrera, professor de bateria de la nostra escola, estrena el seu darrer treball &#8220;ON\u00cdRICO&#8221; sota el seud\u00f2nim de Kant Freud Kafka, un disc amb un total de 6 peces composades per ell i que comforma el seu segon treball despr\u00e9s de &#8220;No tengas&hellip;  <a href=\"https:\/\/agora.xtec.cat\/esc-musica-parets\/general\/onirico-segon-treball-de-javi-herrera\/\" title=\"Read &#8220;On\u00edrico&#8221;, segon treball d&#8217;en Javi Herrera\">Llegeix m\u00e9s\u00bb<\/a><\/p>\n","protected":false},"author":1,"featured_media":1364,"comment_status":"open","ping_status":"open","sticky":false,"template":"","format":"standard","meta":{"_bbp_topic_count":0,"_bbp_reply_count":0,"_bbp_total_topic_count":0,"_bbp_total_reply_count":0,"_bbp_voice_count":0,"_bbp_anonymous_reply_count":0,"_bbp_topic_count_hidden":0,"_bbp_reply_count_hidden":0,"_bbp_forum_subforum_count":0,"footnotes":""},"categories":[1,29],"tags":[150,77,152,82],"class_list":["post-1363","post","type-post","status-publish","format-standard","has-post-thumbnail","hentry","category-general","category-portada","tag-escola-musica","tag-noticies","tag-professors","tag-set_cult"],"post_mailing_queue_ids":[],"_links":{"self":[{"href":"https:\/\/agora.xtec.cat\/esc-musica-parets\/wp-json\/wp\/v2\/posts\/1363","targetHints":{"allow":["GET"]}}],"collection":[{"href":"https:\/\/agora.xtec.cat\/esc-musica-parets\/wp-json\/wp\/v2\/posts"}],"about":[{"href":"https:\/\/agora.xtec.cat\/esc-musica-parets\/wp-json\/wp\/v2\/types\/post"}],"author":[{"embeddable":true,"href":"https:\/\/agora.xtec.cat\/esc-musica-parets\/wp-json\/wp\/v2\/users\/1"}],"replies":[{"embeddable":true,"href":"https:\/\/agora.xtec.cat\/esc-musica-parets\/wp-json\/wp\/v2\/comments?post=1363"}],"version-history":[{"count":3,"href":"https:\/\/agora.xtec.cat\/esc-musica-parets\/wp-json\/wp\/v2\/posts\/1363\/revisions"}],"predecessor-version":[{"id":1371,"href":"https:\/\/agora.xtec.cat\/esc-musica-parets\/wp-json\/wp\/v2\/posts\/1363\/revisions\/1371"}],"wp:featuredmedia":[{"embeddable":true,"href":"https:\/\/agora.xtec.cat\/esc-musica-parets\/wp-json\/wp\/v2\/media\/1364"}],"wp:attachment":[{"href":"https:\/\/agora.xtec.cat\/esc-musica-parets\/wp-json\/wp\/v2\/media?parent=1363"}],"wp:term":[{"taxonomy":"category","embeddable":true,"href":"https:\/\/agora.xtec.cat\/esc-musica-parets\/wp-json\/wp\/v2\/categories?post=1363"},{"taxonomy":"post_tag","embeddable":true,"href":"https:\/\/agora.xtec.cat\/esc-musica-parets\/wp-json\/wp\/v2\/tags?post=1363"}],"curies":[{"name":"wp","href":"https:\/\/api.w.org\/{rel}","templated":true}]}}