{"id":1347,"date":"2017-04-07T20:08:36","date_gmt":"2017-04-07T18:08:36","guid":{"rendered":"http:\/\/agora.xtec.cat\/esc-musica-parets\/?p=1347"},"modified":"2017-04-07T20:11:29","modified_gmt":"2017-04-07T18:11:29","slug":"participacio-a-la-23a-mostra-instrumental-de-barcelona","status":"publish","type":"post","link":"https:\/\/agora.xtec.cat\/esc-musica-parets\/general\/participacio-a-la-23a-mostra-instrumental-de-barcelona\/","title":{"rendered":"Participaci\u00f3 a la 23a Mostra Instrumental de Barcelona"},"content":{"rendered":"<p>El passat dissabte 1 d&#8217;abril, tres formacions de l&#8217;escola municipal de m\u00fasica van participar a la 23a Mostra Instrumental de Barcelona organitzada per l&#8217;escola Kostka de la ciutat condal. L&#8217;orquestra de cambra, l&#8217;orquestra de guitarres i el conjunt de saxos, dirigits i acompanyats pels seus respectius directors, la Cec\u00edlia Burguera, l&#8217;Alejandro P\u00e9rez i el Ra\u00fal Pina, van ser els encarregats de pujar a l&#8217;escenari i interpretar algunes de les peces que han treballat aquest curs. El nostre centre participa en aquest esdeveniment des dels seus inicis, ara fa 23 anys. Podeu veure m\u00e9s fotos <a href=\"https:\/\/goo.gl\/photos\/9d665tq82uPgfpwm6\">AQUI<\/a><a href=\"http:\/\/agora.xtec.cat\/esc-musica-parets\/wp-content\/uploads\/usu1283\/2017\/04\/DSC_0203.jpg\"><img loading=\"lazy\" decoding=\"async\" class=\"alignnone size-large wp-image-1348\" src=\"http:\/\/agora.xtec.cat\/esc-musica-parets\/wp-content\/uploads\/usu1283\/2017\/04\/DSC_0203-1024x683.jpg\" alt=\"DSC_0203\" width=\"1024\" height=\"683\" srcset=\"https:\/\/agora.xtec.cat\/esc-musica-parets\/wp-content\/uploads\/usu1283\/2017\/04\/DSC_0203-1024x683.jpg 1024w, https:\/\/agora.xtec.cat\/esc-musica-parets\/wp-content\/uploads\/usu1283\/2017\/04\/DSC_0203-300x200.jpg 300w, https:\/\/agora.xtec.cat\/esc-musica-parets\/wp-content\/uploads\/usu1283\/2017\/04\/DSC_0203-768x512.jpg 768w\" sizes=\"auto, (max-width: 1024px) 100vw, 1024px\" \/><\/a><\/p>\n","protected":false},"excerpt":{"rendered":"<p>El passat dissabte 1 d&#8217;abril, tres formacions de l&#8217;escola municipal de m\u00fasica van participar a la 23a Mostra Instrumental de Barcelona organitzada per l&#8217;escola Kostka de la ciutat condal. L&#8217;orquestra de cambra, l&#8217;orquestra de guitarres i el conjunt de saxos, dirigits i acompanyats pels seus&hellip;  <a href=\"https:\/\/agora.xtec.cat\/esc-musica-parets\/general\/participacio-a-la-23a-mostra-instrumental-de-barcelona\/\" title=\"Read Participaci\u00f3 a la 23a Mostra Instrumental de Barcelona\">Llegeix m\u00e9s\u00bb<\/a><\/p>\n","protected":false},"author":1,"featured_media":1348,"comment_status":"open","ping_status":"open","sticky":false,"template":"","format":"standard","meta":{"_bbp_topic_count":0,"_bbp_reply_count":0,"_bbp_total_topic_count":0,"_bbp_total_reply_count":0,"_bbp_voice_count":0,"_bbp_anonymous_reply_count":0,"_bbp_topic_count_hidden":0,"_bbp_reply_count_hidden":0,"_bbp_forum_subforum_count":0,"footnotes":""},"categories":[1,29],"tags":[100,77,152,140],"class_list":["post-1347","post","type-post","status-publish","format-standard","has-post-thumbnail","hentry","category-general","category-portada","tag-audicions","tag-noticies","tag-professors","tag-sek"],"post_mailing_queue_ids":[],"_links":{"self":[{"href":"https:\/\/agora.xtec.cat\/esc-musica-parets\/wp-json\/wp\/v2\/posts\/1347","targetHints":{"allow":["GET"]}}],"collection":[{"href":"https:\/\/agora.xtec.cat\/esc-musica-parets\/wp-json\/wp\/v2\/posts"}],"about":[{"href":"https:\/\/agora.xtec.cat\/esc-musica-parets\/wp-json\/wp\/v2\/types\/post"}],"author":[{"embeddable":true,"href":"https:\/\/agora.xtec.cat\/esc-musica-parets\/wp-json\/wp\/v2\/users\/1"}],"replies":[{"embeddable":true,"href":"https:\/\/agora.xtec.cat\/esc-musica-parets\/wp-json\/wp\/v2\/comments?post=1347"}],"version-history":[{"count":2,"href":"https:\/\/agora.xtec.cat\/esc-musica-parets\/wp-json\/wp\/v2\/posts\/1347\/revisions"}],"predecessor-version":[{"id":1350,"href":"https:\/\/agora.xtec.cat\/esc-musica-parets\/wp-json\/wp\/v2\/posts\/1347\/revisions\/1350"}],"wp:featuredmedia":[{"embeddable":true,"href":"https:\/\/agora.xtec.cat\/esc-musica-parets\/wp-json\/wp\/v2\/media\/1348"}],"wp:attachment":[{"href":"https:\/\/agora.xtec.cat\/esc-musica-parets\/wp-json\/wp\/v2\/media?parent=1347"}],"wp:term":[{"taxonomy":"category","embeddable":true,"href":"https:\/\/agora.xtec.cat\/esc-musica-parets\/wp-json\/wp\/v2\/categories?post=1347"},{"taxonomy":"post_tag","embeddable":true,"href":"https:\/\/agora.xtec.cat\/esc-musica-parets\/wp-json\/wp\/v2\/tags?post=1347"}],"curies":[{"name":"wp","href":"https:\/\/api.w.org\/{rel}","templated":true}]}}