{"id":1314,"date":"2017-03-08T20:09:02","date_gmt":"2017-03-08T19:09:02","guid":{"rendered":"http:\/\/agora.xtec.cat\/esc-musica-parets\/?p=1314"},"modified":"2017-03-10T17:32:58","modified_gmt":"2017-03-10T16:32:58","slug":"primer-concert-dels-alumnes-de-basic-1","status":"publish","type":"post","link":"https:\/\/agora.xtec.cat\/esc-musica-parets\/general\/primer-concert-dels-alumnes-de-basic-1\/","title":{"rendered":"Primer concert p\u00fablic dels alumnes de B\u00c0SIC 1"},"content":{"rendered":"<p><a href=\"http:\/\/agora.xtec.cat\/esc-musica-parets\/wp-content\/uploads\/usu1283\/2014\/09\/Audici\u00f3-B\u00c0SICS-1-2017.jpg\"><img loading=\"lazy\" decoding=\"async\" class=\"alignnone wp-image-1285\" src=\"http:\/\/agora.xtec.cat\/esc-musica-parets\/wp-content\/uploads\/usu1283\/2014\/09\/Audici\u00f3-B\u00c0SICS-1-2017-1024x595.jpg\" alt=\"audicio-basics-1-2017\" width=\"644\" height=\"374\" srcset=\"https:\/\/agora.xtec.cat\/esc-musica-parets\/wp-content\/uploads\/usu1283\/2014\/09\/Audici\u00f3-B\u00c0SICS-1-2017-1024x595.jpg 1024w, https:\/\/agora.xtec.cat\/esc-musica-parets\/wp-content\/uploads\/usu1283\/2014\/09\/Audici\u00f3-B\u00c0SICS-1-2017-300x174.jpg 300w, https:\/\/agora.xtec.cat\/esc-musica-parets\/wp-content\/uploads\/usu1283\/2014\/09\/Audici\u00f3-B\u00c0SICS-1-2017-768x446.jpg 768w\" sizes=\"auto, (max-width: 644px) 100vw, 644px\" \/><\/a><\/p>\n<p><span style=\"color: #000000;\">Aquesta tarda han fet el seu primer concert davant de p\u00fablic els alumnes d&#8217;instrument de B\u00c0SIC 1. Han estat intervencions breus per\u00f2 molt din\u00e0miques on, acompanyats dels seus professors\/es o totalment sols, els alumnes que han comen\u00e7at l&#8217;aprenentatge d&#8217;un instrument aquest curs, han interpretat davant d&#8217;un p\u00fablic entusiasta algunes de les can\u00e7ons que han apr\u00e9s al llarg d&#8217;aquets mesos. Han estat fenomenals!!!<\/span><\/p>\n<p>Podeu veure les fotos <strong><a href=\"https:\/\/goo.gl\/photos\/zajMzqbAvYJSDCaD7\">AQUI<\/a><\/strong><\/p>\n","protected":false},"excerpt":{"rendered":"<p><a href=\"http:\/\/agora.xtec.cat\/esc-musica-parets\/wp-content\/uploads\/usu1283\/2014\/09\/Audici\u00f3-B\u00c0SICS-1-2017.jpg\"><\/a><br \/>\nAquesta tarda han fet el seu primer concert davant de p\u00fablic els alumnes d&#8217;instrument de B\u00c0SIC 1. Han estat intervencions breus per\u00f2 molt din\u00e0miques on, acompanyats dels seus professors\/es o totalment sols, els alumnes que han comen\u00e7at l&#8217;aprenentatge d&#8217;un instrument aquest curs, han interpretat&hellip;  <a href=\"https:\/\/agora.xtec.cat\/esc-musica-parets\/general\/primer-concert-dels-alumnes-de-basic-1\/\" title=\"Read Primer concert p\u00fablic dels alumnes de B\u00c0SIC 1\">Llegeix m\u00e9s\u00bb<\/a><\/p>\n","protected":false},"author":1,"featured_media":1285,"comment_status":"open","ping_status":"open","sticky":false,"template":"","format":"standard","meta":{"_bbp_topic_count":0,"_bbp_reply_count":0,"_bbp_total_topic_count":0,"_bbp_total_reply_count":0,"_bbp_voice_count":0,"_bbp_anonymous_reply_count":0,"_bbp_topic_count_hidden":0,"_bbp_reply_count_hidden":0,"_bbp_forum_subforum_count":0,"footnotes":""},"categories":[1,29],"tags":[100,151,150,77],"class_list":["post-1314","post","type-post","status-publish","format-standard","has-post-thumbnail","hentry","category-general","category-portada","tag-audicions","tag-emm-parets","tag-escola-musica","tag-noticies"],"post_mailing_queue_ids":[],"_links":{"self":[{"href":"https:\/\/agora.xtec.cat\/esc-musica-parets\/wp-json\/wp\/v2\/posts\/1314","targetHints":{"allow":["GET"]}}],"collection":[{"href":"https:\/\/agora.xtec.cat\/esc-musica-parets\/wp-json\/wp\/v2\/posts"}],"about":[{"href":"https:\/\/agora.xtec.cat\/esc-musica-parets\/wp-json\/wp\/v2\/types\/post"}],"author":[{"embeddable":true,"href":"https:\/\/agora.xtec.cat\/esc-musica-parets\/wp-json\/wp\/v2\/users\/1"}],"replies":[{"embeddable":true,"href":"https:\/\/agora.xtec.cat\/esc-musica-parets\/wp-json\/wp\/v2\/comments?post=1314"}],"version-history":[{"count":3,"href":"https:\/\/agora.xtec.cat\/esc-musica-parets\/wp-json\/wp\/v2\/posts\/1314\/revisions"}],"predecessor-version":[{"id":1321,"href":"https:\/\/agora.xtec.cat\/esc-musica-parets\/wp-json\/wp\/v2\/posts\/1314\/revisions\/1321"}],"wp:featuredmedia":[{"embeddable":true,"href":"https:\/\/agora.xtec.cat\/esc-musica-parets\/wp-json\/wp\/v2\/media\/1285"}],"wp:attachment":[{"href":"https:\/\/agora.xtec.cat\/esc-musica-parets\/wp-json\/wp\/v2\/media?parent=1314"}],"wp:term":[{"taxonomy":"category","embeddable":true,"href":"https:\/\/agora.xtec.cat\/esc-musica-parets\/wp-json\/wp\/v2\/categories?post=1314"},{"taxonomy":"post_tag","embeddable":true,"href":"https:\/\/agora.xtec.cat\/esc-musica-parets\/wp-json\/wp\/v2\/tags?post=1314"}],"curies":[{"name":"wp","href":"https:\/\/api.w.org\/{rel}","templated":true}]}}