{"id":1277,"date":"2017-02-22T18:08:03","date_gmt":"2017-02-22T17:08:03","guid":{"rendered":"http:\/\/agora.xtec.cat\/esc-musica-parets\/?p=1277"},"modified":"2017-02-22T18:20:24","modified_gmt":"2017-02-22T17:20:24","slug":"17a-festa-dels-instrumentistes","status":"publish","type":"post","link":"https:\/\/agora.xtec.cat\/esc-musica-parets\/general\/17a-festa-dels-instrumentistes\/","title":{"rendered":"17a Festa dels Instrumentistes"},"content":{"rendered":"<p><a href=\"http:\/\/agora.xtec.cat\/esc-musica-parets\/wp-content\/uploads\/usu1283\/2017\/02\/DSCN6879.jpg\"><img loading=\"lazy\" decoding=\"async\" class=\"alignnone wp-image-1279\" src=\"http:\/\/agora.xtec.cat\/esc-musica-parets\/wp-content\/uploads\/usu1283\/2017\/02\/DSCN6879-1024x768.jpg\" alt=\"dscn6879\" width=\"389\" height=\"292\" srcset=\"https:\/\/agora.xtec.cat\/esc-musica-parets\/wp-content\/uploads\/usu1283\/2017\/02\/DSCN6879-1024x768.jpg 1024w, https:\/\/agora.xtec.cat\/esc-musica-parets\/wp-content\/uploads\/usu1283\/2017\/02\/DSCN6879-300x225.jpg 300w, https:\/\/agora.xtec.cat\/esc-musica-parets\/wp-content\/uploads\/usu1283\/2017\/02\/DSCN6879-768x576.jpg 768w, https:\/\/agora.xtec.cat\/esc-musica-parets\/wp-content\/uploads\/usu1283\/2017\/02\/DSCN6879-200x150.jpg 200w\" sizes=\"auto, (max-width: 389px) 100vw, 389px\" \/><\/a> <a href=\"http:\/\/agora.xtec.cat\/esc-musica-parets\/wp-content\/uploads\/usu1283\/2017\/02\/DSCN6878.jpg\"><img loading=\"lazy\" decoding=\"async\" class=\"alignnone wp-image-1278\" src=\"http:\/\/agora.xtec.cat\/esc-musica-parets\/wp-content\/uploads\/usu1283\/2017\/02\/DSCN6878-1024x768.jpg\" alt=\"dscn6878\" width=\"389\" height=\"292\" \/><\/a><\/p>\n<p>Dimarts 21 de febrer de 2017 va tenir lloc la <strong>17a FESTA DELS INSTRUMENTISTES<\/strong>, un espai per a la participaci\u00f3, tant d&#8217;alumnes com de les seves fam\u00edlies, conjuntament amb el professorat del centre. Es tracta de compartir durant una tarda diferents moments per gaudir de la m\u00fasica de manera conjunta, convivint els alumnes d&#8217;instrument novells amb aquells que ja estan acabant els seus estudis musicals i, juntament amb els professors, preparar una pe\u00e7a que s&#8217;interpretar\u00e0 davant dels pares a mode de petit concert. Per acabar la jornada, el p\u00fablic tamb\u00e9 t\u00e9 ocasi\u00f3 de participar de la festa amb un instrument cassol\u00e0 fet all\u00e0 mateix i que, amb la participaci\u00f3 dels professors i professores del centre, toquen plegats com a cloenda de la jornada.<\/p>\n<p>A mitja tarda, es va fer un berenar conjunt a partir del concurs de pastissos i truites amb motius cassolans que, un any m\u00e9s, han estat espectaculars. A difer\u00e8ncia d&#8217;altres cursos, enguany els guanyadors del concurs s&#8217;han anunciat al llarg de la festa i l&#8217;alcalde de Parets, Sergi Mingote, els ha fet entrega personalement del premi corresponent.<\/p>\n<p>Aquest dia a m\u00e9s, l&#8217;alcalde de Parets va fer el lliurament dels diplomes als alumnes que havien acabat els seus estudis musicals durant els cursos 2014-15 o 2015-16.<\/p>\n<p>Com cada any ha estat una gran festa, amb un prop\u00f2sit did\u00e0ctic clar i amb una participaci\u00f3 d&#8217;alumnes i fam\u00edlies extraordin\u00e0ria. Moltes gr\u00e0cies a tots i totes per la vostra implicaci\u00f3 amb la nostra escola!.<\/p>\n<p>Podeu veure m\u00e9s fotos de la Festa en <a href=\"https:\/\/goo.gl\/photos\/JB3ZagEg3gZVMUPd9\">aquest enlla\u00e7<\/a><\/p>\n","protected":false},"excerpt":{"rendered":"<p><a href=\"http:\/\/agora.xtec.cat\/esc-musica-parets\/wp-content\/uploads\/usu1283\/2017\/02\/DSCN6879.jpg\"><\/a> <a href=\"http:\/\/agora.xtec.cat\/esc-musica-parets\/wp-content\/uploads\/usu1283\/2017\/02\/DSCN6878.jpg\"><\/a><br \/>\nDimarts 21 de febrer de 2017 va tenir lloc la 17a FESTA DELS INSTRUMENTISTES, un espai per a la participaci\u00f3, tant d&#8217;alumnes com de les seves fam\u00edlies, conjuntament amb el professorat del centre. Es tracta de compartir durant una tarda diferents moments&hellip;  <a href=\"https:\/\/agora.xtec.cat\/esc-musica-parets\/general\/17a-festa-dels-instrumentistes\/\" title=\"Read 17a Festa dels Instrumentistes\">Llegeix m\u00e9s\u00bb<\/a><\/p>\n","protected":false},"author":1,"featured_media":1279,"comment_status":"open","ping_status":"open","sticky":false,"template":"","format":"standard","meta":{"_bbp_topic_count":0,"_bbp_reply_count":0,"_bbp_total_topic_count":0,"_bbp_total_reply_count":0,"_bbp_voice_count":0,"_bbp_anonymous_reply_count":0,"_bbp_topic_count_hidden":0,"_bbp_reply_count_hidden":0,"_bbp_forum_subforum_count":0,"footnotes":""},"categories":[1,29],"tags":[141,151,122,139,77,152],"class_list":["post-1277","post","type-post","status-publish","format-standard","has-post-thumbnail","hentry","category-general","category-portada","tag-audicions-escolars","tag-emm-parets","tag-festa-instrumentistes","tag-festes","tag-noticies","tag-professors"],"post_mailing_queue_ids":[],"_links":{"self":[{"href":"https:\/\/agora.xtec.cat\/esc-musica-parets\/wp-json\/wp\/v2\/posts\/1277","targetHints":{"allow":["GET"]}}],"collection":[{"href":"https:\/\/agora.xtec.cat\/esc-musica-parets\/wp-json\/wp\/v2\/posts"}],"about":[{"href":"https:\/\/agora.xtec.cat\/esc-musica-parets\/wp-json\/wp\/v2\/types\/post"}],"author":[{"embeddable":true,"href":"https:\/\/agora.xtec.cat\/esc-musica-parets\/wp-json\/wp\/v2\/users\/1"}],"replies":[{"embeddable":true,"href":"https:\/\/agora.xtec.cat\/esc-musica-parets\/wp-json\/wp\/v2\/comments?post=1277"}],"version-history":[{"count":3,"href":"https:\/\/agora.xtec.cat\/esc-musica-parets\/wp-json\/wp\/v2\/posts\/1277\/revisions"}],"predecessor-version":[{"id":1284,"href":"https:\/\/agora.xtec.cat\/esc-musica-parets\/wp-json\/wp\/v2\/posts\/1277\/revisions\/1284"}],"wp:featuredmedia":[{"embeddable":true,"href":"https:\/\/agora.xtec.cat\/esc-musica-parets\/wp-json\/wp\/v2\/media\/1279"}],"wp:attachment":[{"href":"https:\/\/agora.xtec.cat\/esc-musica-parets\/wp-json\/wp\/v2\/media?parent=1277"}],"wp:term":[{"taxonomy":"category","embeddable":true,"href":"https:\/\/agora.xtec.cat\/esc-musica-parets\/wp-json\/wp\/v2\/categories?post=1277"},{"taxonomy":"post_tag","embeddable":true,"href":"https:\/\/agora.xtec.cat\/esc-musica-parets\/wp-json\/wp\/v2\/tags?post=1277"}],"curies":[{"name":"wp","href":"https:\/\/api.w.org\/{rel}","templated":true}]}}