{"id":1227,"date":"2016-12-23T09:08:55","date_gmt":"2016-12-23T08:08:55","guid":{"rendered":"http:\/\/agora.xtec.cat\/esc-musica-parets\/?p=1227"},"modified":"2016-12-23T09:16:59","modified_gmt":"2016-12-23T08:16:59","slug":"audicions-instrumentals-nadal-2016","status":"publish","type":"post","link":"https:\/\/agora.xtec.cat\/esc-musica-parets\/general\/audicions-instrumentals-nadal-2016\/","title":{"rendered":"Audicions instrumentals &#8211; Nadal 2016"},"content":{"rendered":"<p>Dijous 22 de desembre van tenir lloc les darreres audicions d&#8217;alumnes amb motiu de les festes nadalenques. Enmarcades\u00a0a l&#8217;auditori de l&#8217;escola de m\u00fasica, un total de 48 alumnes repartits en dues sessions, van interpretar algunes de les peces que han treballat durant el primer trimestre en intervencions individuals i de petit format de cambra de diferents especialitats instrumentals. El caliu generat per les fam\u00edlies i el p\u00fablic en general va ser clau, un cop m\u00e9s, per contribuir a l&#8217;\u00e8xit de la jornada. Gr\u00e0cies a tots i totes!!! L&#8217;equip de professors i professores de l&#8217;escola municipal de m\u00fasica, us desitgem que tingueu un Bon Nadal i un pr\u00f2sper any 2017.<\/p>\n<p><a href=\"http:\/\/agora.xtec.cat\/esc-musica-parets\/wp-content\/uploads\/usu1283\/2016\/12\/IMG_20161222_195321.jpg\"><img loading=\"lazy\" decoding=\"async\" class=\"alignnone size-large wp-image-1228\" src=\"http:\/\/agora.xtec.cat\/esc-musica-parets\/wp-content\/uploads\/usu1283\/2016\/12\/IMG_20161222_195321-1024x768.jpg\" alt=\"img_20161222_195321\" width=\"1024\" height=\"768\" srcset=\"https:\/\/agora.xtec.cat\/esc-musica-parets\/wp-content\/uploads\/usu1283\/2016\/12\/IMG_20161222_195321-1024x768.jpg 1024w, https:\/\/agora.xtec.cat\/esc-musica-parets\/wp-content\/uploads\/usu1283\/2016\/12\/IMG_20161222_195321-300x225.jpg 300w, https:\/\/agora.xtec.cat\/esc-musica-parets\/wp-content\/uploads\/usu1283\/2016\/12\/IMG_20161222_195321-768x576.jpg 768w, https:\/\/agora.xtec.cat\/esc-musica-parets\/wp-content\/uploads\/usu1283\/2016\/12\/IMG_20161222_195321-200x150.jpg 200w\" sizes=\"auto, (max-width: 1024px) 100vw, 1024px\" \/><\/a><\/p>\n","protected":false},"excerpt":{"rendered":"<p>Dijous 22 de desembre van tenir lloc les darreres audicions d&#8217;alumnes amb motiu de les festes nadalenques. Enmarcades\u00a0a l&#8217;auditori de l&#8217;escola de m\u00fasica, un total de 48 alumnes repartits en dues sessions, van interpretar algunes de les peces que han treballat durant el primer trimestre&hellip;  <a href=\"https:\/\/agora.xtec.cat\/esc-musica-parets\/general\/audicions-instrumentals-nadal-2016\/\" title=\"Read Audicions instrumentals &#8211; Nadal 2016\">Llegeix m\u00e9s\u00bb<\/a><\/p>\n","protected":false},"author":1,"featured_media":1228,"comment_status":"open","ping_status":"open","sticky":false,"template":"","format":"standard","meta":{"_bbp_topic_count":0,"_bbp_reply_count":0,"_bbp_total_topic_count":0,"_bbp_total_reply_count":0,"_bbp_voice_count":0,"_bbp_anonymous_reply_count":0,"_bbp_topic_count_hidden":0,"_bbp_reply_count_hidden":0,"_bbp_forum_subforum_count":0,"footnotes":""},"categories":[1,29],"tags":[100,150,133,77],"class_list":["post-1227","post","type-post","status-publish","format-standard","has-post-thumbnail","hentry","category-general","category-portada","tag-audicions","tag-escola-musica","tag-nadal","tag-noticies"],"post_mailing_queue_ids":[],"_links":{"self":[{"href":"https:\/\/agora.xtec.cat\/esc-musica-parets\/wp-json\/wp\/v2\/posts\/1227","targetHints":{"allow":["GET"]}}],"collection":[{"href":"https:\/\/agora.xtec.cat\/esc-musica-parets\/wp-json\/wp\/v2\/posts"}],"about":[{"href":"https:\/\/agora.xtec.cat\/esc-musica-parets\/wp-json\/wp\/v2\/types\/post"}],"author":[{"embeddable":true,"href":"https:\/\/agora.xtec.cat\/esc-musica-parets\/wp-json\/wp\/v2\/users\/1"}],"replies":[{"embeddable":true,"href":"https:\/\/agora.xtec.cat\/esc-musica-parets\/wp-json\/wp\/v2\/comments?post=1227"}],"version-history":[{"count":3,"href":"https:\/\/agora.xtec.cat\/esc-musica-parets\/wp-json\/wp\/v2\/posts\/1227\/revisions"}],"predecessor-version":[{"id":1231,"href":"https:\/\/agora.xtec.cat\/esc-musica-parets\/wp-json\/wp\/v2\/posts\/1227\/revisions\/1231"}],"wp:featuredmedia":[{"embeddable":true,"href":"https:\/\/agora.xtec.cat\/esc-musica-parets\/wp-json\/wp\/v2\/media\/1228"}],"wp:attachment":[{"href":"https:\/\/agora.xtec.cat\/esc-musica-parets\/wp-json\/wp\/v2\/media?parent=1227"}],"wp:term":[{"taxonomy":"category","embeddable":true,"href":"https:\/\/agora.xtec.cat\/esc-musica-parets\/wp-json\/wp\/v2\/categories?post=1227"},{"taxonomy":"post_tag","embeddable":true,"href":"https:\/\/agora.xtec.cat\/esc-musica-parets\/wp-json\/wp\/v2\/tags?post=1227"}],"curies":[{"name":"wp","href":"https:\/\/api.w.org\/{rel}","templated":true}]}}