{"id":1207,"date":"2016-12-15T11:31:36","date_gmt":"2016-12-15T10:31:36","guid":{"rendered":"http:\/\/agora.xtec.cat\/esc-musica-parets\/?p=1207"},"modified":"2016-12-15T11:32:21","modified_gmt":"2016-12-15T10:32:21","slug":"exit-al-concert-de-nadal","status":"publish","type":"post","link":"https:\/\/agora.xtec.cat\/esc-musica-parets\/general\/exit-al-concert-de-nadal\/","title":{"rendered":"\u00c8xit al Concert de Nadal"},"content":{"rendered":"<p>Un any m\u00e9s, la proximitat de les dates nadalenques han propiciat un concert de l&#8217;Escola Municipal de M\u00fasica al teatre Can Rajoler. Com sempre, aprofitem aquest espai per mostrar la feina peta per les grans formacions del centre, tant instrumentals com vocals, en tots els seus estils i versions. L&#8217;orquestra de cambra i de guitarres, els combos moderns, aix\u00ed com els conjutns de flautes, saxos i percussi\u00f3 han estat, juntament amb les corals infantils, junior i d&#8217;adults, els encarregats de transmetre durant gaireb\u00e9 dues hores, les seves interpretacions a un p\u00fablic com sempre entusiasta i c\u00f2mplice amb nosaltres. Gr\u00e0cies a tots i totes els que ens obsequieu amb el vostre suport incondicional!<\/p>\n\n\t\t<style type=\"text\/css\">\n\t\t\t#gallery-1 {\n\t\t\t\tmargin: auto;\n\t\t\t}\n\t\t\t#gallery-1 .gallery-item {\n\t\t\t\tfloat: left;\n\t\t\t\tmargin-top: 10px;\n\t\t\t\ttext-align: center;\n\t\t\t\twidth: 33%;\n\t\t\t}\n\t\t\t#gallery-1 img {\n\t\t\t\tborder: 2px solid #cfcfcf;\n\t\t\t}\n\t\t\t#gallery-1 .gallery-caption {\n\t\t\t\tmargin-left: 0;\n\t\t\t}\n\t\t\t\/* see gallery_shortcode() in wp-includes\/media.php *\/\n\t\t<\/style>\n\t\t<div id='gallery-1' class='gallery galleryid-1207 gallery-columns-3 gallery-size-medium'><dl class='gallery-item'>\n\t\t\t<dt class='gallery-icon landscape'>\n\t\t\t\t<a href='https:\/\/agora.xtec.cat\/esc-musica-parets\/general\/exit-al-concert-de-nadal\/attachment\/15350587_1800341210247816_7362754945962257727_n\/'><img loading=\"lazy\" decoding=\"async\" width=\"300\" height=\"178\" src=\"https:\/\/agora.xtec.cat\/esc-musica-parets\/wp-content\/uploads\/usu1283\/2016\/12\/15350587_1800341210247816_7362754945962257727_n-300x178.jpg\" class=\"attachment-medium size-medium\" alt=\"\" srcset=\"https:\/\/agora.xtec.cat\/esc-musica-parets\/wp-content\/uploads\/usu1283\/2016\/12\/15350587_1800341210247816_7362754945962257727_n-300x178.jpg 300w, https:\/\/agora.xtec.cat\/esc-musica-parets\/wp-content\/uploads\/usu1283\/2016\/12\/15350587_1800341210247816_7362754945962257727_n-768x454.jpg 768w, https:\/\/agora.xtec.cat\/esc-musica-parets\/wp-content\/uploads\/usu1283\/2016\/12\/15350587_1800341210247816_7362754945962257727_n.jpg 960w\" sizes=\"auto, (max-width: 300px) 100vw, 300px\" \/><\/a>\n\t\t\t<\/dt><\/dl><dl class='gallery-item'>\n\t\t\t<dt class='gallery-icon landscape'>\n\t\t\t\t<a href='https:\/\/agora.xtec.cat\/esc-musica-parets\/general\/exit-al-concert-de-nadal\/attachment\/15380488_1800340540247883_4264265043649606114_n\/'><img loading=\"lazy\" decoding=\"async\" width=\"300\" height=\"169\" src=\"https:\/\/agora.xtec.cat\/esc-musica-parets\/wp-content\/uploads\/usu1283\/2016\/12\/15380488_1800340540247883_4264265043649606114_n-300x169.jpg\" class=\"attachment-medium size-medium\" alt=\"\" srcset=\"https:\/\/agora.xtec.cat\/esc-musica-parets\/wp-content\/uploads\/usu1283\/2016\/12\/15380488_1800340540247883_4264265043649606114_n-300x169.jpg 300w, https:\/\/agora.xtec.cat\/esc-musica-parets\/wp-content\/uploads\/usu1283\/2016\/12\/15380488_1800340540247883_4264265043649606114_n-768x432.jpg 768w, https:\/\/agora.xtec.cat\/esc-musica-parets\/wp-content\/uploads\/usu1283\/2016\/12\/15380488_1800340540247883_4264265043649606114_n.jpg 960w\" sizes=\"auto, (max-width: 300px) 100vw, 300px\" \/><\/a>\n\t\t\t<\/dt><\/dl><dl class='gallery-item'>\n\t\t\t<dt class='gallery-icon landscape'>\n\t\t\t\t<a href='https:\/\/agora.xtec.cat\/esc-musica-parets\/general\/exit-al-concert-de-nadal\/attachment\/15385352_1800340583581212_953454880351795876_o\/'><img loading=\"lazy\" decoding=\"async\" width=\"300\" height=\"147\" src=\"https:\/\/agora.xtec.cat\/esc-musica-parets\/wp-content\/uploads\/usu1283\/2016\/12\/15385352_1800340583581212_953454880351795876_o-300x147.jpg\" class=\"attachment-medium size-medium\" alt=\"\" srcset=\"https:\/\/agora.xtec.cat\/esc-musica-parets\/wp-content\/uploads\/usu1283\/2016\/12\/15385352_1800340583581212_953454880351795876_o-300x147.jpg 300w, https:\/\/agora.xtec.cat\/esc-musica-parets\/wp-content\/uploads\/usu1283\/2016\/12\/15385352_1800340583581212_953454880351795876_o-768x377.jpg 768w, https:\/\/agora.xtec.cat\/esc-musica-parets\/wp-content\/uploads\/usu1283\/2016\/12\/15385352_1800340583581212_953454880351795876_o-1024x503.jpg 1024w, https:\/\/agora.xtec.cat\/esc-musica-parets\/wp-content\/uploads\/usu1283\/2016\/12\/15385352_1800340583581212_953454880351795876_o.jpg 1304w\" sizes=\"auto, (max-width: 300px) 100vw, 300px\" \/><\/a>\n\t\t\t<\/dt><\/dl><br style=\"clear: both\" \/><dl class='gallery-item'>\n\t\t\t<dt class='gallery-icon landscape'>\n\t\t\t\t<a href='https:\/\/agora.xtec.cat\/esc-musica-parets\/general\/exit-al-concert-de-nadal\/attachment\/15400295_1800341060247831_875786158487084582_n\/'><img loading=\"lazy\" decoding=\"async\" width=\"300\" height=\"169\" src=\"https:\/\/agora.xtec.cat\/esc-musica-parets\/wp-content\/uploads\/usu1283\/2016\/12\/15400295_1800341060247831_875786158487084582_n-300x169.jpg\" class=\"attachment-medium size-medium\" alt=\"\" srcset=\"https:\/\/agora.xtec.cat\/esc-musica-parets\/wp-content\/uploads\/usu1283\/2016\/12\/15400295_1800341060247831_875786158487084582_n-300x169.jpg 300w, https:\/\/agora.xtec.cat\/esc-musica-parets\/wp-content\/uploads\/usu1283\/2016\/12\/15400295_1800341060247831_875786158487084582_n-768x434.jpg 768w, https:\/\/agora.xtec.cat\/esc-musica-parets\/wp-content\/uploads\/usu1283\/2016\/12\/15400295_1800341060247831_875786158487084582_n.jpg 960w\" sizes=\"auto, (max-width: 300px) 100vw, 300px\" \/><\/a>\n\t\t\t<\/dt><\/dl><dl class='gallery-item'>\n\t\t\t<dt class='gallery-icon landscape'>\n\t\t\t\t<a href='https:\/\/agora.xtec.cat\/esc-musica-parets\/general\/exit-al-concert-de-nadal\/attachment\/15403805_1800340990247838_4421922970008920646_o\/'><img loading=\"lazy\" decoding=\"async\" width=\"300\" height=\"132\" src=\"https:\/\/agora.xtec.cat\/esc-musica-parets\/wp-content\/uploads\/usu1283\/2016\/12\/15403805_1800340990247838_4421922970008920646_o-300x132.jpg\" class=\"attachment-medium size-medium\" alt=\"\" srcset=\"https:\/\/agora.xtec.cat\/esc-musica-parets\/wp-content\/uploads\/usu1283\/2016\/12\/15403805_1800340990247838_4421922970008920646_o-300x132.jpg 300w, https:\/\/agora.xtec.cat\/esc-musica-parets\/wp-content\/uploads\/usu1283\/2016\/12\/15403805_1800340990247838_4421922970008920646_o-768x338.jpg 768w, https:\/\/agora.xtec.cat\/esc-musica-parets\/wp-content\/uploads\/usu1283\/2016\/12\/15403805_1800340990247838_4421922970008920646_o-1024x450.jpg 1024w, https:\/\/agora.xtec.cat\/esc-musica-parets\/wp-content\/uploads\/usu1283\/2016\/12\/15403805_1800340990247838_4421922970008920646_o.jpg 1456w\" sizes=\"auto, (max-width: 300px) 100vw, 300px\" \/><\/a>\n\t\t\t<\/dt><\/dl><dl class='gallery-item'>\n\t\t\t<dt class='gallery-icon landscape'>\n\t\t\t\t<a href='https:\/\/agora.xtec.cat\/esc-musica-parets\/general\/exit-al-concert-de-nadal\/attachment\/15442347_1800340700247867_2651592320547123851_n\/'><img loading=\"lazy\" decoding=\"async\" width=\"300\" height=\"201\" src=\"https:\/\/agora.xtec.cat\/esc-musica-parets\/wp-content\/uploads\/usu1283\/2016\/12\/15442347_1800340700247867_2651592320547123851_n-300x201.jpg\" class=\"attachment-medium size-medium\" alt=\"\" srcset=\"https:\/\/agora.xtec.cat\/esc-musica-parets\/wp-content\/uploads\/usu1283\/2016\/12\/15442347_1800340700247867_2651592320547123851_n-300x201.jpg 300w, https:\/\/agora.xtec.cat\/esc-musica-parets\/wp-content\/uploads\/usu1283\/2016\/12\/15442347_1800340700247867_2651592320547123851_n-768x514.jpg 768w, https:\/\/agora.xtec.cat\/esc-musica-parets\/wp-content\/uploads\/usu1283\/2016\/12\/15442347_1800340700247867_2651592320547123851_n.jpg 960w\" sizes=\"auto, (max-width: 300px) 100vw, 300px\" \/><\/a>\n\t\t\t<\/dt><\/dl><br style=\"clear: both\" \/><dl class='gallery-item'>\n\t\t\t<dt class='gallery-icon landscape'>\n\t\t\t\t<a href='https:\/\/agora.xtec.cat\/esc-musica-parets\/general\/exit-al-concert-de-nadal\/attachment\/15442349_1800340886914515_4184508152428500247_n\/'><img loading=\"lazy\" decoding=\"async\" width=\"300\" height=\"153\" src=\"https:\/\/agora.xtec.cat\/esc-musica-parets\/wp-content\/uploads\/usu1283\/2016\/12\/15442349_1800340886914515_4184508152428500247_n-300x153.jpg\" class=\"attachment-medium size-medium\" alt=\"\" srcset=\"https:\/\/agora.xtec.cat\/esc-musica-parets\/wp-content\/uploads\/usu1283\/2016\/12\/15442349_1800340886914515_4184508152428500247_n-300x153.jpg 300w, https:\/\/agora.xtec.cat\/esc-musica-parets\/wp-content\/uploads\/usu1283\/2016\/12\/15442349_1800340886914515_4184508152428500247_n-768x390.jpg 768w, https:\/\/agora.xtec.cat\/esc-musica-parets\/wp-content\/uploads\/usu1283\/2016\/12\/15442349_1800340886914515_4184508152428500247_n.jpg 960w\" sizes=\"auto, (max-width: 300px) 100vw, 300px\" \/><\/a>\n\t\t\t<\/dt><\/dl><dl class='gallery-item'>\n\t\t\t<dt class='gallery-icon landscape'>\n\t\t\t\t<a href='https:\/\/agora.xtec.cat\/esc-musica-parets\/general\/exit-al-concert-de-nadal\/attachment\/img_20161213_202919\/'><img loading=\"lazy\" decoding=\"async\" width=\"300\" height=\"225\" src=\"https:\/\/agora.xtec.cat\/esc-musica-parets\/wp-content\/uploads\/usu1283\/2016\/12\/IMG_20161213_202919-300x225.jpg\" class=\"attachment-medium size-medium\" alt=\"\" srcset=\"https:\/\/agora.xtec.cat\/esc-musica-parets\/wp-content\/uploads\/usu1283\/2016\/12\/IMG_20161213_202919-300x225.jpg 300w, https:\/\/agora.xtec.cat\/esc-musica-parets\/wp-content\/uploads\/usu1283\/2016\/12\/IMG_20161213_202919-768x576.jpg 768w, https:\/\/agora.xtec.cat\/esc-musica-parets\/wp-content\/uploads\/usu1283\/2016\/12\/IMG_20161213_202919-1024x768.jpg 1024w, https:\/\/agora.xtec.cat\/esc-musica-parets\/wp-content\/uploads\/usu1283\/2016\/12\/IMG_20161213_202919-200x150.jpg 200w\" sizes=\"auto, (max-width: 300px) 100vw, 300px\" \/><\/a>\n\t\t\t<\/dt><\/dl><dl class='gallery-item'>\n\t\t\t<dt class='gallery-icon landscape'>\n\t\t\t\t<a href='https:\/\/agora.xtec.cat\/esc-musica-parets\/general\/exit-al-concert-de-nadal\/attachment\/img_20161213_203622\/'><img loading=\"lazy\" decoding=\"async\" width=\"300\" height=\"225\" src=\"https:\/\/agora.xtec.cat\/esc-musica-parets\/wp-content\/uploads\/usu1283\/2016\/12\/IMG_20161213_203622-300x225.jpg\" class=\"attachment-medium size-medium\" alt=\"\" srcset=\"https:\/\/agora.xtec.cat\/esc-musica-parets\/wp-content\/uploads\/usu1283\/2016\/12\/IMG_20161213_203622-300x225.jpg 300w, https:\/\/agora.xtec.cat\/esc-musica-parets\/wp-content\/uploads\/usu1283\/2016\/12\/IMG_20161213_203622-768x576.jpg 768w, https:\/\/agora.xtec.cat\/esc-musica-parets\/wp-content\/uploads\/usu1283\/2016\/12\/IMG_20161213_203622-1024x768.jpg 1024w, https:\/\/agora.xtec.cat\/esc-musica-parets\/wp-content\/uploads\/usu1283\/2016\/12\/IMG_20161213_203622-200x150.jpg 200w\" sizes=\"auto, (max-width: 300px) 100vw, 300px\" \/><\/a>\n\t\t\t<\/dt><\/dl><br style=\"clear: both\" \/><dl class='gallery-item'>\n\t\t\t<dt class='gallery-icon landscape'>\n\t\t\t\t<a href='https:\/\/agora.xtec.cat\/esc-musica-parets\/general\/exit-al-concert-de-nadal\/attachment\/15541115_1800341353581135_3919087889327924524_n\/'><img loading=\"lazy\" decoding=\"async\" width=\"300\" height=\"286\" src=\"https:\/\/agora.xtec.cat\/esc-musica-parets\/wp-content\/uploads\/usu1283\/2016\/12\/15541115_1800341353581135_3919087889327924524_n-300x286.jpg\" class=\"attachment-medium size-medium\" alt=\"\" srcset=\"https:\/\/agora.xtec.cat\/esc-musica-parets\/wp-content\/uploads\/usu1283\/2016\/12\/15541115_1800341353581135_3919087889327924524_n-300x286.jpg 300w, https:\/\/agora.xtec.cat\/esc-musica-parets\/wp-content\/uploads\/usu1283\/2016\/12\/15541115_1800341353581135_3919087889327924524_n-768x731.jpg 768w, https:\/\/agora.xtec.cat\/esc-musica-parets\/wp-content\/uploads\/usu1283\/2016\/12\/15541115_1800341353581135_3919087889327924524_n.jpg 960w\" sizes=\"auto, (max-width: 300px) 100vw, 300px\" \/><\/a>\n\t\t\t<\/dt><\/dl>\n\t\t\t<br style='clear: both' \/>\n\t\t<\/div>\n\n","protected":false},"excerpt":{"rendered":"<p>Un any m\u00e9s, la proximitat de les dates nadalenques han propiciat un concert de l&#8217;Escola Municipal de M\u00fasica al teatre Can Rajoler. Com sempre, aprofitem aquest espai per mostrar la feina peta per les grans formacions del centre, tant instrumentals com vocals, en tots els&hellip;  <a href=\"https:\/\/agora.xtec.cat\/esc-musica-parets\/general\/exit-al-concert-de-nadal\/\" title=\"Read \u00c8xit al Concert de Nadal\">Llegeix m\u00e9s\u00bb<\/a><\/p>\n","protected":false},"author":1,"featured_media":1216,"comment_status":"open","ping_status":"open","sticky":false,"template":"","format":"standard","meta":{"_bbp_topic_count":0,"_bbp_reply_count":0,"_bbp_total_topic_count":0,"_bbp_total_reply_count":0,"_bbp_voice_count":0,"_bbp_anonymous_reply_count":0,"_bbp_topic_count_hidden":0,"_bbp_reply_count_hidden":0,"_bbp_forum_subforum_count":0,"footnotes":""},"categories":[1,29],"tags":[100,151,150,133,77,152],"class_list":["post-1207","post","type-post","status-publish","format-standard","has-post-thumbnail","hentry","category-general","category-portada","tag-audicions","tag-emm-parets","tag-escola-musica","tag-nadal","tag-noticies","tag-professors"],"post_mailing_queue_ids":[],"_links":{"self":[{"href":"https:\/\/agora.xtec.cat\/esc-musica-parets\/wp-json\/wp\/v2\/posts\/1207","targetHints":{"allow":["GET"]}}],"collection":[{"href":"https:\/\/agora.xtec.cat\/esc-musica-parets\/wp-json\/wp\/v2\/posts"}],"about":[{"href":"https:\/\/agora.xtec.cat\/esc-musica-parets\/wp-json\/wp\/v2\/types\/post"}],"author":[{"embeddable":true,"href":"https:\/\/agora.xtec.cat\/esc-musica-parets\/wp-json\/wp\/v2\/users\/1"}],"replies":[{"embeddable":true,"href":"https:\/\/agora.xtec.cat\/esc-musica-parets\/wp-json\/wp\/v2\/comments?post=1207"}],"version-history":[{"count":1,"href":"https:\/\/agora.xtec.cat\/esc-musica-parets\/wp-json\/wp\/v2\/posts\/1207\/revisions"}],"predecessor-version":[{"id":1220,"href":"https:\/\/agora.xtec.cat\/esc-musica-parets\/wp-json\/wp\/v2\/posts\/1207\/revisions\/1220"}],"wp:featuredmedia":[{"embeddable":true,"href":"https:\/\/agora.xtec.cat\/esc-musica-parets\/wp-json\/wp\/v2\/media\/1216"}],"wp:attachment":[{"href":"https:\/\/agora.xtec.cat\/esc-musica-parets\/wp-json\/wp\/v2\/media?parent=1207"}],"wp:term":[{"taxonomy":"category","embeddable":true,"href":"https:\/\/agora.xtec.cat\/esc-musica-parets\/wp-json\/wp\/v2\/categories?post=1207"},{"taxonomy":"post_tag","embeddable":true,"href":"https:\/\/agora.xtec.cat\/esc-musica-parets\/wp-json\/wp\/v2\/tags?post=1207"}],"curies":[{"name":"wp","href":"https:\/\/api.w.org\/{rel}","templated":true}]}}