{"id":1181,"date":"2016-11-25T11:34:57","date_gmt":"2016-11-25T10:34:57","guid":{"rendered":"http:\/\/agora.xtec.cat\/esc-musica-parets\/?p=1181"},"modified":"2016-11-25T11:36:23","modified_gmt":"2016-11-25T10:36:23","slug":"medalles-de-la-vila-2016","status":"publish","type":"post","link":"https:\/\/agora.xtec.cat\/esc-musica-parets\/general\/medalles-de-la-vila-2016\/","title":{"rendered":"Medalles de la vila 2016"},"content":{"rendered":"<p>El proper dijous 1 de desembre de 2016 a les 19.30h i amb motiu de la gala &#8220;Medalles de la Vila&#8221; 2016 , actuar\u00e0 el TRIO SPICCATO format per Oleg Sort (viol\u00ed), Dmitry Dolganov (cello) i Jordi Azagra (piano) qui seran els encarregats de posar la m\u00fasica que acompanya cada homenatjat en el lliurament de les medalles, aix\u00ed com les m\u00fasiques d&#8217;obertura i clausura de l&#8217;acte. L&#8217;entrada al teatre \u00e9s lliure.<\/p>\n<p><a href=\"http:\/\/agora.xtec.cat\/esc-musica-parets\/wp-content\/uploads\/usu1283\/2016\/11\/Cartell-medalles.jpg\"><img loading=\"lazy\" decoding=\"async\" class=\"alignnone wp-image-1182\" src=\"http:\/\/agora.xtec.cat\/esc-musica-parets\/wp-content\/uploads\/usu1283\/2016\/11\/Cartell-medalles-724x1024.jpg\" alt=\"cartell-medalles\" width=\"832\" height=\"1177\" \/><\/a><\/p>\n","protected":false},"excerpt":{"rendered":"<p>El proper dijous 1 de desembre de 2016 a les 19.30h i amb motiu de la gala &#8220;Medalles de la Vila&#8221; 2016 , actuar\u00e0 el TRIO SPICCATO format per Oleg Sort (viol\u00ed), Dmitry Dolganov (cello) i Jordi Azagra (piano) qui seran els encarregats de posar&hellip;  <a href=\"https:\/\/agora.xtec.cat\/esc-musica-parets\/general\/medalles-de-la-vila-2016\/\" title=\"Read Medalles de la vila 2016\">Llegeix m\u00e9s\u00bb<\/a><\/p>\n","protected":false},"author":1,"featured_media":1182,"comment_status":"open","ping_status":"open","sticky":false,"template":"","format":"standard","meta":{"_bbp_topic_count":0,"_bbp_reply_count":0,"_bbp_total_topic_count":0,"_bbp_total_reply_count":0,"_bbp_voice_count":0,"_bbp_anonymous_reply_count":0,"_bbp_topic_count_hidden":0,"_bbp_reply_count_hidden":0,"_bbp_forum_subforum_count":0,"footnotes":""},"categories":[1,29],"tags":[151,150,77,152],"class_list":["post-1181","post","type-post","status-publish","format-standard","has-post-thumbnail","hentry","category-general","category-portada","tag-emm-parets","tag-escola-musica","tag-noticies","tag-professors"],"post_mailing_queue_ids":[],"_links":{"self":[{"href":"https:\/\/agora.xtec.cat\/esc-musica-parets\/wp-json\/wp\/v2\/posts\/1181","targetHints":{"allow":["GET"]}}],"collection":[{"href":"https:\/\/agora.xtec.cat\/esc-musica-parets\/wp-json\/wp\/v2\/posts"}],"about":[{"href":"https:\/\/agora.xtec.cat\/esc-musica-parets\/wp-json\/wp\/v2\/types\/post"}],"author":[{"embeddable":true,"href":"https:\/\/agora.xtec.cat\/esc-musica-parets\/wp-json\/wp\/v2\/users\/1"}],"replies":[{"embeddable":true,"href":"https:\/\/agora.xtec.cat\/esc-musica-parets\/wp-json\/wp\/v2\/comments?post=1181"}],"version-history":[{"count":1,"href":"https:\/\/agora.xtec.cat\/esc-musica-parets\/wp-json\/wp\/v2\/posts\/1181\/revisions"}],"predecessor-version":[{"id":1183,"href":"https:\/\/agora.xtec.cat\/esc-musica-parets\/wp-json\/wp\/v2\/posts\/1181\/revisions\/1183"}],"wp:featuredmedia":[{"embeddable":true,"href":"https:\/\/agora.xtec.cat\/esc-musica-parets\/wp-json\/wp\/v2\/media\/1182"}],"wp:attachment":[{"href":"https:\/\/agora.xtec.cat\/esc-musica-parets\/wp-json\/wp\/v2\/media?parent=1181"}],"wp:term":[{"taxonomy":"category","embeddable":true,"href":"https:\/\/agora.xtec.cat\/esc-musica-parets\/wp-json\/wp\/v2\/categories?post=1181"},{"taxonomy":"post_tag","embeddable":true,"href":"https:\/\/agora.xtec.cat\/esc-musica-parets\/wp-json\/wp\/v2\/tags?post=1181"}],"curies":[{"name":"wp","href":"https:\/\/api.w.org\/{rel}","templated":true}]}}