{"id":1143,"date":"2016-11-09T18:15:44","date_gmt":"2016-11-09T17:15:44","guid":{"rendered":"http:\/\/agora.xtec.cat\/esc-musica-parets\/?p=1143"},"modified":"2016-11-09T20:59:25","modified_gmt":"2016-11-09T19:59:25","slug":"concert-de-musica-a-lacte-de-tots-sants","status":"publish","type":"post","link":"https:\/\/agora.xtec.cat\/esc-musica-parets\/general\/concert-de-musica-a-lacte-de-tots-sants\/","title":{"rendered":"Concert de m\u00fasica a l&#8217;acte de Tots Sants"},"content":{"rendered":"<p><a href=\"http:\/\/agora.xtec.cat\/esc-musica-parets\/wp-content\/uploads\/usu1283\/2016\/11\/161101-Tots-Sants-WEB51-e1478721488607.jpg\"><img loading=\"lazy\" decoding=\"async\" class=\"alignnone size-full wp-image-1149\" src=\"http:\/\/agora.xtec.cat\/esc-musica-parets\/wp-content\/uploads\/usu1283\/2016\/11\/161101-Tots-Sants-WEB51-e1478721488607.jpg\" alt=\"161101-tots-sants-web51\" width=\"600\" height=\"431\" \/><\/a><\/p>\n<p>El passat dia 1 de novembre, amb motiu de la festivitat de Tots Sants, l&#8217;Ajuntament de Parets del Vall\u00e8s va organitzar, com cada any, un seguit d&#8217;actes al cementiri de la poblaci\u00f3. Entre aquests, es va dur a terme la presentaci\u00f3 de la placa en honor a la recent desapareguda Quima Guasch, un recital de poemes per part dels membres del Niu d&#8217;Art, aix\u00ed com un concert de m\u00fasica a c\u00e0rrec del <strong>duet &#8220;Ad libitum&#8221;<\/strong> a c\u00e0rrec d&#8217;Oph\u00e9lie Derieux (flauta travesssera) i Jordi Azagra (piano). El concert, dividit en tres parts, va incloure peces de m\u00fasica cl\u00e0ssical i obres de la literatura musical catalana.<\/p>\n<p>&nbsp;<\/p>\n","protected":false},"excerpt":{"rendered":"<p><a href=\"http:\/\/agora.xtec.cat\/esc-musica-parets\/wp-content\/uploads\/usu1283\/2016\/11\/161101-Tots-Sants-WEB51-e1478721488607.jpg\"><\/a><br \/>\nEl passat dia 1 de novembre, amb motiu de la festivitat de Tots Sants, l&#8217;Ajuntament de Parets del Vall\u00e8s va organitzar, com cada any, un seguit d&#8217;actes al cementiri de la poblaci\u00f3. Entre aquests, es va dur a terme la presentaci\u00f3 de la placa&hellip;  <a href=\"https:\/\/agora.xtec.cat\/esc-musica-parets\/general\/concert-de-musica-a-lacte-de-tots-sants\/\" title=\"Read Concert de m\u00fasica a l&#8217;acte de Tots Sants\">Llegeix m\u00e9s\u00bb<\/a><\/p>\n","protected":false},"author":1,"featured_media":1149,"comment_status":"open","ping_status":"open","sticky":false,"template":"","format":"standard","meta":{"_bbp_topic_count":0,"_bbp_reply_count":0,"_bbp_total_topic_count":0,"_bbp_total_reply_count":0,"_bbp_voice_count":0,"_bbp_anonymous_reply_count":0,"_bbp_topic_count_hidden":0,"_bbp_reply_count_hidden":0,"_bbp_forum_subforum_count":0,"footnotes":""},"categories":[1,29],"tags":[152,148],"class_list":["post-1143","post","type-post","status-publish","format-standard","has-post-thumbnail","hentry","category-general","category-portada","tag-professors","tag-tots-sants"],"post_mailing_queue_ids":[],"_links":{"self":[{"href":"https:\/\/agora.xtec.cat\/esc-musica-parets\/wp-json\/wp\/v2\/posts\/1143","targetHints":{"allow":["GET"]}}],"collection":[{"href":"https:\/\/agora.xtec.cat\/esc-musica-parets\/wp-json\/wp\/v2\/posts"}],"about":[{"href":"https:\/\/agora.xtec.cat\/esc-musica-parets\/wp-json\/wp\/v2\/types\/post"}],"author":[{"embeddable":true,"href":"https:\/\/agora.xtec.cat\/esc-musica-parets\/wp-json\/wp\/v2\/users\/1"}],"replies":[{"embeddable":true,"href":"https:\/\/agora.xtec.cat\/esc-musica-parets\/wp-json\/wp\/v2\/comments?post=1143"}],"version-history":[{"count":3,"href":"https:\/\/agora.xtec.cat\/esc-musica-parets\/wp-json\/wp\/v2\/posts\/1143\/revisions"}],"predecessor-version":[{"id":1150,"href":"https:\/\/agora.xtec.cat\/esc-musica-parets\/wp-json\/wp\/v2\/posts\/1143\/revisions\/1150"}],"wp:featuredmedia":[{"embeddable":true,"href":"https:\/\/agora.xtec.cat\/esc-musica-parets\/wp-json\/wp\/v2\/media\/1149"}],"wp:attachment":[{"href":"https:\/\/agora.xtec.cat\/esc-musica-parets\/wp-json\/wp\/v2\/media?parent=1143"}],"wp:term":[{"taxonomy":"category","embeddable":true,"href":"https:\/\/agora.xtec.cat\/esc-musica-parets\/wp-json\/wp\/v2\/categories?post=1143"},{"taxonomy":"post_tag","embeddable":true,"href":"https:\/\/agora.xtec.cat\/esc-musica-parets\/wp-json\/wp\/v2\/tags?post=1143"}],"curies":[{"name":"wp","href":"https:\/\/api.w.org\/{rel}","templated":true}]}}