{"id":1136,"date":"2016-09-16T11:43:06","date_gmt":"2016-09-16T10:43:06","guid":{"rendered":"http:\/\/agora.xtec.cat\/esc-musica-parets\/?p=1136"},"modified":"2016-11-11T19:21:56","modified_gmt":"2016-11-11T18:21:56","slug":"nova-edicio-del-curs-estimulacio-musical-per-a-nadons","status":"publish","type":"post","link":"https:\/\/agora.xtec.cat\/esc-musica-parets\/general\/nova-edicio-del-curs-estimulacio-musical-per-a-nadons\/","title":{"rendered":"Nova edici\u00f3 dels cursos &#8220;Estimulaci\u00f3 Musical per a Nadons&#8221;"},"content":{"rendered":"<p>Donada la gran acceptaci\u00f3 que v\u00e0ren tenir els cursos d&#8217;Estimulaci\u00f3 Musical per a Nadons, en les etapes de 2 a 12 mesos i de 13 a 24 mesos, enguany ampliem la oferta a un tercer grup de 25 a 36 mesos. Els cursos aniran a c\u00e0rrec d&#8217;Aina Casal, professora de flauta travessera i especialista en pedagogia m\u00fasical per a infants. Les classes comen\u00e7aran al mes d&#8217;octubre i tenen un cost de 15\u20ac mensuals. Les fam\u00edlies interessades podeu passar per l&#8217;Escola Municipal de M\u00fasica de 15.30 a 21h per formalitzar les inscripcions. Els grups tenen places limitades.<\/p>\n<p><a href=\"http:\/\/agora.xtec.cat\/esc-musica-parets\/wp-content\/uploads\/usu1283\/2016\/06\/DSCN6196.jpg\"><img loading=\"lazy\" decoding=\"async\" class=\"alignnone wp-image-776\" src=\"http:\/\/agora.xtec.cat\/esc-musica-parets\/wp-content\/uploads\/usu1283\/2016\/06\/DSCN6196-1024x768.jpg\" alt=\"DSCN6196\" width=\"507\" height=\"380\" \/><\/a> <a href=\"http:\/\/agora.xtec.cat\/esc-musica-parets\/wp-content\/uploads\/usu1283\/2016\/06\/DSCN6187.jpg\"><img loading=\"lazy\" decoding=\"async\" class=\"alignnone wp-image-775\" src=\"http:\/\/agora.xtec.cat\/esc-musica-parets\/wp-content\/uploads\/usu1283\/2016\/06\/DSCN6187-1024x768.jpg\" alt=\"DSCN6187\" width=\"507\" height=\"380\" \/><\/a><\/p>\n","protected":false},"excerpt":{"rendered":"<p>Donada la gran acceptaci\u00f3 que v\u00e0ren tenir els cursos d&#8217;Estimulaci\u00f3 Musical per a Nadons, en les etapes de 2 a 12 mesos i de 13 a 24 mesos, enguany ampliem la oferta a un tercer grup de 25 a 36 mesos. Els cursos aniran a&hellip;  <a href=\"https:\/\/agora.xtec.cat\/esc-musica-parets\/general\/nova-edicio-del-curs-estimulacio-musical-per-a-nadons\/\" title=\"Read Nova edici\u00f3 dels cursos &#8220;Estimulaci\u00f3 Musical per a Nadons&#8221;\">Llegeix m\u00e9s\u00bb<\/a><\/p>\n","protected":false},"author":1,"featured_media":1137,"comment_status":"open","ping_status":"open","sticky":false,"template":"","format":"standard","meta":{"_bbp_topic_count":0,"_bbp_reply_count":0,"_bbp_total_topic_count":0,"_bbp_total_reply_count":0,"_bbp_voice_count":0,"_bbp_anonymous_reply_count":0,"_bbp_topic_count_hidden":0,"_bbp_reply_count_hidden":0,"_bbp_forum_subforum_count":0,"footnotes":""},"categories":[1,29],"tags":[145,137],"class_list":["post-1136","post","type-post","status-publish","format-standard","has-post-thumbnail","hentry","category-general","category-portada","tag-estimulacio","tag-nadons"],"post_mailing_queue_ids":[],"_links":{"self":[{"href":"https:\/\/agora.xtec.cat\/esc-musica-parets\/wp-json\/wp\/v2\/posts\/1136","targetHints":{"allow":["GET"]}}],"collection":[{"href":"https:\/\/agora.xtec.cat\/esc-musica-parets\/wp-json\/wp\/v2\/posts"}],"about":[{"href":"https:\/\/agora.xtec.cat\/esc-musica-parets\/wp-json\/wp\/v2\/types\/post"}],"author":[{"embeddable":true,"href":"https:\/\/agora.xtec.cat\/esc-musica-parets\/wp-json\/wp\/v2\/users\/1"}],"replies":[{"embeddable":true,"href":"https:\/\/agora.xtec.cat\/esc-musica-parets\/wp-json\/wp\/v2\/comments?post=1136"}],"version-history":[{"count":3,"href":"https:\/\/agora.xtec.cat\/esc-musica-parets\/wp-json\/wp\/v2\/posts\/1136\/revisions"}],"predecessor-version":[{"id":1142,"href":"https:\/\/agora.xtec.cat\/esc-musica-parets\/wp-json\/wp\/v2\/posts\/1136\/revisions\/1142"}],"wp:featuredmedia":[{"embeddable":true,"href":"https:\/\/agora.xtec.cat\/esc-musica-parets\/wp-json\/wp\/v2\/media\/1137"}],"wp:attachment":[{"href":"https:\/\/agora.xtec.cat\/esc-musica-parets\/wp-json\/wp\/v2\/media?parent=1136"}],"wp:term":[{"taxonomy":"category","embeddable":true,"href":"https:\/\/agora.xtec.cat\/esc-musica-parets\/wp-json\/wp\/v2\/categories?post=1136"},{"taxonomy":"post_tag","embeddable":true,"href":"https:\/\/agora.xtec.cat\/esc-musica-parets\/wp-json\/wp\/v2\/tags?post=1136"}],"curies":[{"name":"wp","href":"https:\/\/api.w.org\/{rel}","templated":true}]}}