{"id":14221,"date":"2026-03-19T17:46:16","date_gmt":"2026-03-19T16:46:16","guid":{"rendered":"https:\/\/agora.xtec.cat\/esc-mrossell\/?p=14221"},"modified":"2026-04-16T16:42:47","modified_gmt":"2026-04-16T14:42:47","slug":"19_03_26_la-veu-dalumnes-despiells-ressona-al-salo-de-lensenyament-en-el-colloqui-amb-joan-godia","status":"publish","type":"post","link":"https:\/\/agora.xtec.cat\/esc-mrossell\/noticies\/19_03_26_la-veu-dalumnes-despiells-ressona-al-salo-de-lensenyament-en-el-colloqui-amb-joan-godia\/","title":{"rendered":"19_03_26_La veu d&#8217;alumnes d\u2019Espiells ressona al Sal\u00f3 de l\u2019Ensenyament en el col\u00b7loqui amb Joan G\u00f2dia."},"content":{"rendered":"<p><img loading=\"lazy\" decoding=\"async\" class=\"wp-image-14224 aligncenter\" src=\"https:\/\/agora.xtec.cat\/esc-mrossell\/wp-content\/uploads\/usu1609\/2026\/03\/sensenyament-26-1024x1024.jpg\" alt=\"\" width=\"639\" height=\"639\" srcset=\"https:\/\/agora.xtec.cat\/esc-mrossell\/wp-content\/uploads\/usu1609\/2026\/03\/sensenyament-26-1024x1024.jpg 1024w, https:\/\/agora.xtec.cat\/esc-mrossell\/wp-content\/uploads\/usu1609\/2026\/03\/sensenyament-26-300x300.jpg 300w, https:\/\/agora.xtec.cat\/esc-mrossell\/wp-content\/uploads\/usu1609\/2026\/03\/sensenyament-26-150x150.jpg 150w, https:\/\/agora.xtec.cat\/esc-mrossell\/wp-content\/uploads\/usu1609\/2026\/03\/sensenyament-26-768x768.jpg 768w, https:\/\/agora.xtec.cat\/esc-mrossell\/wp-content\/uploads\/usu1609\/2026\/03\/sensenyament-26.jpg 1080w\" sizes=\"auto, (max-width: 639px) 100vw, 639px\" \/>Barcelona, 19\/3\/26<\/p>\n<div style=\"text-align: justify;\">Aquest mat\u00ed, en el marc del <strong>Sal\u00f3 de l\u2019Ensenyament 2026<\/strong>, el <strong>Director General d\u2019Empreses Agroaliment\u00e0ries, Qualitat i Gastronomia, Joan G\u00f2dia<\/strong>, ha visitat l\u2019espai de les <strong>Escoles Agr\u00e0ries de Catalunya<\/strong>, on ha mantingut una trobada destacada amb estudiants de l\u2019<strong>Escola Agr\u00e0ria de Viticultura i Enologia Merc\u00e8 Rossell i Dom\u00e8nech (Escola d\u2019Espiells)<\/strong>.<\/div>\n<div style=\"text-align: justify;\"><\/div>\n<div>\n<style>\na {<br \/>    text-decoration: none;<br \/>    color: #464feb;<br \/>}<br \/>tr th, tr td {<br \/>    border: 1px solid #e6e6e6;<br \/>}<br \/>tr th {<br \/>    background-color: #f5f5f5;<br \/>}<br \/><\/style>\n<div>\n<p style=\"text-align: justify;\">Durant la visita, l\u2019alumnat de <strong>1r curs de Vitivinicultura<\/strong> ha protagonitzat una sessi\u00f3 de preguntes de <strong>30 minuts<\/strong> al Sr. G\u00f2dia, en qu\u00e8 han pogut conversar i aprofundir en temes clau per al present i el futur del sector vitivin\u00edcola i agroalimentari. L&#8217;intercanvi ha estat enriquidor i ha perm\u00e8s als estudiants expressar inquietuds, reflexionar conjuntament i compartir la seva visi\u00f3 com a futur relleu generacional.<\/p>\n<p style=\"text-align: justify;\">Els principals punts tractats han estat l<strong style=\"font-family: inherit; font-size: 1em;\">a import\u00e0ncia de la formaci\u00f3 i la professionalitzaci\u00f3<\/strong><span style=\"font-family: inherit; font-size: 1em;\"> per assegurar el relleu generacional en el sector agroalimentari i vitivin\u00edcola, l<\/span><strong style=\"font-family: inherit; font-size: 1em;\">a innovaci\u00f3 i la incorporaci\u00f3 de tecnologia<\/strong><span style=\"font-family: inherit; font-size: 1em;\"> en tots els processos de producci\u00f3 per millorar l\u2019efici\u00e8ncia i la sostenibilitat i l<\/span><strong style=\"font-family: inherit; font-size: 1em;\">\u2019orgull de formar part d\u2019un sector estrat\u00e8gic<\/strong><span style=\"font-family: inherit; font-size: 1em;\">, essencial per al territori i amb una forta projecci\u00f3 internacional.<\/span><\/p>\n<p style=\"text-align: justify;\">El Sr. G\u00f2dia ha felicitat l\u2019alumnat per l\u2019inter\u00e8s i la maduresa de les seves preguntes, destacant la rellev\u00e0ncia de les Escoles Agr\u00e0ries en la formaci\u00f3 de professionals qualificats i compromesos amb el futur del camp catal\u00e0.<\/p>\n<p style=\"text-align: justify;\">La jornada ha concl\u00f2s amb un <strong>concert ac\u00fastic del cantant Cesc Sansalvad\u00f3<\/strong>, que ha posat un toc festiu i proper a l\u2019activitat de les Escoles Agr\u00e0ries dins del Sal\u00f3.<\/p>\n<\/div>\n<p>Per m\u00e9s informaci\u00f3 fes clic a la icona:<\/p>\n<p><a href=\"https:\/\/www.instagram.com\/p\/DWErtO0DJX2\/?img_index=1\"><img loading=\"lazy\" decoding=\"async\" class=\"alignnone wp-image-13341\" src=\"https:\/\/agora.xtec.cat\/esc-mrossell\/wp-content\/uploads\/usu1609\/2025\/01\/instagram-300x227.jpg\" alt=\"\" width=\"120\" height=\"91\" srcset=\"https:\/\/agora.xtec.cat\/esc-mrossell\/wp-content\/uploads\/usu1609\/2025\/01\/instagram-300x227.jpg 300w, https:\/\/agora.xtec.cat\/esc-mrossell\/wp-content\/uploads\/usu1609\/2025\/01\/instagram-1024x774.jpg 1024w, https:\/\/agora.xtec.cat\/esc-mrossell\/wp-content\/uploads\/usu1609\/2025\/01\/instagram-768x581.jpg 768w, https:\/\/agora.xtec.cat\/esc-mrossell\/wp-content\/uploads\/usu1609\/2025\/01\/instagram-200x150.jpg 200w, https:\/\/agora.xtec.cat\/esc-mrossell\/wp-content\/uploads\/usu1609\/2025\/01\/instagram.jpg 1428w\" sizes=\"auto, (max-width: 120px) 100vw, 120px\" \/><\/a><\/p>\n<\/div>\n","protected":false},"excerpt":{"rendered":"<p>Alumnes d&#8217;Espiells participen del Sal\u00f3 d&#8217;ensenyament 2026&hellip;  <a href=\"https:\/\/agora.xtec.cat\/esc-mrossell\/noticies\/19_03_26_la-veu-dalumnes-despiells-ressona-al-salo-de-lensenyament-en-el-colloqui-amb-joan-godia\/\" title=\"Read 19_03_26_La veu d&#8217;alumnes d\u2019Espiells ressona al Sal\u00f3 de l\u2019Ensenyament en el col\u00b7loqui amb Joan G\u00f2dia.\">Llegeix m\u00e9s\u00bb<\/a><\/p>\n","protected":false},"author":1,"featured_media":14224,"comment_status":"open","ping_status":"open","sticky":false,"template":"","format":"standard","meta":{"_bbp_topic_count":0,"_bbp_reply_count":0,"_bbp_total_topic_count":0,"_bbp_total_reply_count":0,"_bbp_voice_count":0,"_bbp_anonymous_reply_count":0,"_bbp_topic_count_hidden":0,"_bbp_reply_count_hidden":0,"_bbp_forum_subforum_count":0,"footnotes":""},"categories":[120,119],"tags":[],"class_list":["post-14221","post","type-post","status-publish","format-standard","has-post-thumbnail","hentry","category-comunicacio","category-noticies"],"post_mailing_queue_ids":[],"_links":{"self":[{"href":"https:\/\/agora.xtec.cat\/esc-mrossell\/wp-json\/wp\/v2\/posts\/14221","targetHints":{"allow":["GET"]}}],"collection":[{"href":"https:\/\/agora.xtec.cat\/esc-mrossell\/wp-json\/wp\/v2\/posts"}],"about":[{"href":"https:\/\/agora.xtec.cat\/esc-mrossell\/wp-json\/wp\/v2\/types\/post"}],"author":[{"embeddable":true,"href":"https:\/\/agora.xtec.cat\/esc-mrossell\/wp-json\/wp\/v2\/users\/1"}],"replies":[{"embeddable":true,"href":"https:\/\/agora.xtec.cat\/esc-mrossell\/wp-json\/wp\/v2\/comments?post=14221"}],"version-history":[{"count":4,"href":"https:\/\/agora.xtec.cat\/esc-mrossell\/wp-json\/wp\/v2\/posts\/14221\/revisions"}],"predecessor-version":[{"id":14228,"href":"https:\/\/agora.xtec.cat\/esc-mrossell\/wp-json\/wp\/v2\/posts\/14221\/revisions\/14228"}],"wp:featuredmedia":[{"embeddable":true,"href":"https:\/\/agora.xtec.cat\/esc-mrossell\/wp-json\/wp\/v2\/media\/14224"}],"wp:attachment":[{"href":"https:\/\/agora.xtec.cat\/esc-mrossell\/wp-json\/wp\/v2\/media?parent=14221"}],"wp:term":[{"taxonomy":"category","embeddable":true,"href":"https:\/\/agora.xtec.cat\/esc-mrossell\/wp-json\/wp\/v2\/categories?post=14221"},{"taxonomy":"post_tag","embeddable":true,"href":"https:\/\/agora.xtec.cat\/esc-mrossell\/wp-json\/wp\/v2\/tags?post=14221"}],"curies":[{"name":"wp","href":"https:\/\/api.w.org\/{rel}","templated":true}]}}