{"id":13716,"date":"2025-11-15T15:10:11","date_gmt":"2025-11-15T14:10:11","guid":{"rendered":"https:\/\/agora.xtec.cat\/esc-mrossell\/?p=13716"},"modified":"2025-11-28T08:25:40","modified_gmt":"2025-11-28T07:25:40","slug":"nota-informativa-complecio-de-cicles-formatius-loe-a-ea-espiells","status":"publish","type":"post","link":"https:\/\/agora.xtec.cat\/esc-mrossell\/portada\/nota-informativa-complecio-de-cicles-formatius-loe-a-ea-espiells\/","title":{"rendered":"Nota informativa:  Compleci\u00f3 de Cicles Formatius LOE a EA Espiells"},"content":{"rendered":"<h4><img loading=\"lazy\" decoding=\"async\" class=\"aligncenter\" src=\"https:\/\/cdn-icons-png.flaticon.com\/512\/4698\/4698094.png\" alt=\"Terminado - Iconos gratis de comunicaciones\" width=\"101\" height=\"101\" \/><\/h4>\n<h4 style=\"text-align: center;\">De cara al curs vinent 2025-2026, us fem arribar un seguit d\u2019informacions que s\u00f3n del vostre inter\u00e8s.<\/h4>\n<p>&nbsp;<\/p>\n<ul>\n<li><strong><u>Qu\u00e8 \u00e9s la compleci\u00f3 i per qu\u00e8 es fa?<\/u><\/strong><\/li>\n<\/ul>\n<p style=\"padding-left: 40px; text-align: justify;\">Amb l\u2019entrada en vigor dels nous curr\u00edculums de Formaci\u00f3 Professional, alguns cicles formatius LOE han estat substitu\u00efts o extingits.<\/p>\n<p style=\"padding-left: 40px; text-align: justify;\">Per garantir que l\u2019<strong>alumnat<\/strong> <strong>que no va poder finalitzar els estudis dins del termini ordinari tingui dret a completar la seva formaci\u00f3,<\/strong> el Departament d\u2019Educaci\u00f3 estableix un procediment de compleci\u00f3 regulat per\u00a0<a href=\"https:\/\/portaldogc.gencat.cat\/utilsEADOP\/PDF\/9417\/2089256.pdf\">l\u2019Ordre EDF\/74\/2025<\/a>.<\/p>\n<p style=\"padding-left: 40px; text-align: justify;\"><strong><u>Objectiu: <\/u><\/strong><\/p>\n<p style=\"padding-left: 40px; text-align: justify;\">Facilitar a l&#8217;alumnat que ha cursat un cicle formatiu LOE i no l\u2019ha finalitzat la possibilitat de completar-ho dins el marc legal establert pel Departament d\u2019Educaci\u00f3. Aquest procediment permet a l\u2019alumnat accedir a activitats d\u2019avaluaci\u00f3 o de recuperaci\u00f3 durant els dos cursos acad\u00e8mics seg\u00fcents a l\u2019extinci\u00f3 del cicle, amb l\u2019objectiu d\u2019obtenir el t\u00edtol corresponent.<\/p>\n<p style=\"padding-left: 40px;\"><strong>Dues opcions:<\/strong><\/p>\n<p style=\"padding-left: 40px; text-align: justify;\">A) L&#8217;alumne s&#8217;acull a la compleci\u00f3:<\/p>\n<ul>\n<li style=\"list-style-type: none;\">\n<ul>\n<li style=\"list-style-type: none;\">\n<ul>\n<li style=\"list-style-type: none;\">\n<ul>\n<li style=\"text-align: justify;\">La inscripci\u00f3 en el proc\u00e9s de compleci\u00f3, no dona dret a assistir a les classes presencials dels m\u00f2duls professionals del nou pla d\u2019estudis.<\/li>\n<li>La inscripci\u00f3 per completar el m\u00f2dul professional de Formaci\u00f3 en Centres de Treball (FCT) es podr\u00e0 fer en qualsevol moment del per\u00edode de compleci\u00f3.<\/li>\n<\/ul>\n<\/li>\n<\/ul>\n<\/li>\n<\/ul>\n<\/li>\n<\/ul>\n<p style=\"padding-left: 40px; text-align: justify;\">B) L&#8217;alumne que no s&#8217;acull a la compleci\u00f3 (\u00e9s a dir no finalitza el cicle formatiu en el pla antic) t\u00e9 la possibilitat de canviar-se al pla d\u2019estudis nou. <em>(per m\u00e9s informaci\u00f3, consulta a l&#8217;escola).<\/em><\/p>\n<ul style=\"text-align: justify;\">\n<li><strong><u>Cursos disponibles per a la compleci\u00f3<\/u><\/strong><\/li>\n<\/ul>\n<p style=\"padding-left: 40px; text-align: justify;\">Els cicles LOE es podran completar durant els cursos:<\/p>\n<ul style=\"text-align: justify;\">\n<li style=\"list-style-type: none;\">\n<ul>\n<li style=\"list-style-type: none;\">\n<ul style=\"list-style-type: circle;\">\n<li>2025-2026<\/li>\n<li>2026-2027<\/li>\n<\/ul>\n<\/li>\n<\/ul>\n<\/li>\n<\/ul>\n<p style=\"padding-left: 40px; text-align: justify;\">Inclou tots els tres cicles formatius LOE que s\u2019han impartit a l\u2019escola d\u2019Espiells<em> (CFGM Olis i vins, CFGS Vitivinicultura Dual i CFGS M\u00e0rqueting i publicitat amb perfil enol\u00f2gic)<\/em><\/p>\n<ul style=\"text-align: justify;\">\n<li><strong><u>Inscripci\u00f3 \/ Matriculaci\u00f3:<\/u><\/strong><\/li>\n<\/ul>\n<ul style=\"text-align: justify;\">\n<li style=\"list-style-type: none;\">\n<ul>\n<li style=\"list-style-type: none;\">\n<ul>\n<li><strong>De l\u20191 al 15 d\u2019octubre<\/strong> \u2192 per presentar-se a la convocat\u00f2ria de novembre 2025 i 2026 <em>(es pot presentar a les dues convocat\u00f2ries)<\/em><\/li>\n<li><strong>De l\u20191 al 15 de mar\u00e7<\/strong> \u00a0 \u00a0\u2192 per presentar-se a la convocat\u00f2ria d\u2019abril 2026<\/li>\n<\/ul>\n<\/li>\n<\/ul>\n<\/li>\n<\/ul>\n<ul style=\"text-align: justify;\">\n<li>\u00a0<strong style=\"font-family: inherit; font-size: 1em;\"><u>Convocat\u00f2ries de proves<\/u><\/strong><strong style=\"font-family: inherit; font-size: 1em;\"><u> :<\/u><\/strong><\/li>\n<\/ul>\n<ul style=\"text-align: justify;\">\n<li style=\"list-style-type: none;\">\n<ul>\n<li style=\"list-style-type: none;\">\n<ul>\n<li><strong style=\"font-family: inherit; font-size: 1em;\">Convocat\u00f2ria de novembre : <\/strong><span style=\"font-family: inherit; font-size: 1em;\">entre el 20 i el 30 de novembre 2025.\u00a0\u00a0<\/span><\/li>\n<li><strong>Convocat\u00f2ria d\u2019abril : <\/strong>entre l\u201923 i el 30 d\u2019abril 2026.<\/li>\n<\/ul>\n<\/li>\n<\/ul>\n<\/li>\n<\/ul>\n<p style=\"padding-left: 40px; text-align: justify;\"><em>Els calendaris d\u2019ex\u00e0mens es publicaran en el moodle del centre<\/em><\/p>\n<ul style=\"text-align: justify;\">\n<li><strong><u>Documentaci\u00f3 necess\u00e0ria<\/u><\/strong><\/li>\n<\/ul>\n<p style=\"padding-left: 40px; text-align: justify;\">Per inscriure\u2019s caldr\u00e0:<\/p>\n<ul style=\"text-align: justify;\">\n<li style=\"list-style-type: none;\">\n<ul>\n<li style=\"list-style-type: none;\">\n<ul>\n<li>Presentar una\u00a0<strong>fotoc\u00f2pia del DNI.<\/strong><\/li>\n<li>Realitzar el\u00a0<strong>pagament dels preus p\u00fablics <\/strong><em>(consultar secretaria)<\/em><\/li>\n<\/ul>\n<\/li>\n<\/ul>\n<\/li>\n<\/ul>\n<h5 style=\"text-align: justify;\">Per a qualsevol dubte o aclariment, podeu adre\u00e7ar-vos a <span style=\"color: #0000ff;\">ea_espiells.agricultura@gencat.cat\u00a0<\/span><\/h5>\n","protected":false},"excerpt":{"rendered":"<p>Nota informativa_ Compleci\u00f3 cicles formatius LOE (pla antic)&hellip;  <a href=\"https:\/\/agora.xtec.cat\/esc-mrossell\/portada\/nota-informativa-complecio-de-cicles-formatius-loe-a-ea-espiells\/\" title=\"Read Nota informativa:  Compleci\u00f3 de Cicles Formatius LOE a EA Espiells\">Llegeix m\u00e9s\u00bb<\/a><\/p>\n","protected":false},"author":1,"featured_media":13717,"comment_status":"open","ping_status":"open","sticky":false,"template":"","format":"standard","meta":{"_bbp_topic_count":0,"_bbp_reply_count":0,"_bbp_total_topic_count":0,"_bbp_total_reply_count":0,"_bbp_voice_count":0,"_bbp_anonymous_reply_count":0,"_bbp_topic_count_hidden":0,"_bbp_reply_count_hidden":0,"_bbp_forum_subforum_count":0,"footnotes":""},"categories":[119,29],"tags":[],"class_list":["post-13716","post","type-post","status-publish","format-standard","has-post-thumbnail","hentry","category-noticies","category-portada"],"post_mailing_queue_ids":[],"_links":{"self":[{"href":"https:\/\/agora.xtec.cat\/esc-mrossell\/wp-json\/wp\/v2\/posts\/13716","targetHints":{"allow":["GET"]}}],"collection":[{"href":"https:\/\/agora.xtec.cat\/esc-mrossell\/wp-json\/wp\/v2\/posts"}],"about":[{"href":"https:\/\/agora.xtec.cat\/esc-mrossell\/wp-json\/wp\/v2\/types\/post"}],"author":[{"embeddable":true,"href":"https:\/\/agora.xtec.cat\/esc-mrossell\/wp-json\/wp\/v2\/users\/1"}],"replies":[{"embeddable":true,"href":"https:\/\/agora.xtec.cat\/esc-mrossell\/wp-json\/wp\/v2\/comments?post=13716"}],"version-history":[{"count":6,"href":"https:\/\/agora.xtec.cat\/esc-mrossell\/wp-json\/wp\/v2\/posts\/13716\/revisions"}],"predecessor-version":[{"id":13984,"href":"https:\/\/agora.xtec.cat\/esc-mrossell\/wp-json\/wp\/v2\/posts\/13716\/revisions\/13984"}],"wp:featuredmedia":[{"embeddable":true,"href":"https:\/\/agora.xtec.cat\/esc-mrossell\/wp-json\/wp\/v2\/media\/13717"}],"wp:attachment":[{"href":"https:\/\/agora.xtec.cat\/esc-mrossell\/wp-json\/wp\/v2\/media?parent=13716"}],"wp:term":[{"taxonomy":"category","embeddable":true,"href":"https:\/\/agora.xtec.cat\/esc-mrossell\/wp-json\/wp\/v2\/categories?post=13716"},{"taxonomy":"post_tag","embeddable":true,"href":"https:\/\/agora.xtec.cat\/esc-mrossell\/wp-json\/wp\/v2\/tags?post=13716"}],"curies":[{"name":"wp","href":"https:\/\/api.w.org\/{rel}","templated":true}]}}