{"id":8694,"date":"2022-06-13T13:30:24","date_gmt":"2022-06-13T11:30:24","guid":{"rendered":"https:\/\/agora.xtec.cat\/esc-merce-pla\/?p=8694"},"modified":"2022-06-13T13:24:17","modified_gmt":"2022-06-13T11:24:17","slug":"la-musica-universal-i-sense-barreres","status":"publish","type":"post","link":"https:\/\/agora.xtec.cat\/esc-merce-pla\/primaria\/grupa\/la-musica-universal-i-sense-barreres\/","title":{"rendered":"La m\u00fasica, universal i sense barreres!"},"content":{"rendered":"<p>En una de les \u00faltimes entrades del nostre bloc d&#8217;aula parl\u00e0vem de l&#8217;\u00e0mbit art\u00edstic, de la m\u00e0 de Van Gogh i de l&#8217;abordatge sensorial. En aquest \u00e0mbit curricular \u00e9s molt important despertar i estimular la <strong>creativitat<\/strong> i la <strong>imaginaci\u00f3<\/strong> de l&#8217;alumnat.<\/p>\n<p>Si b\u00e9 l&#8217;altra not\u00edcia feia refer\u00e8ncia potser m\u00e9s a la part pl\u00e0stica, ara \u00e9s hora posar el punt de mira en la m\u00fasica. Fa unes quantes setmanes, se&#8217;ns va proposar participar en la iniciativa <a href=\"https:\/\/tocam.cat\/\">TOCA&#8217;M<\/a>\ud83c\udfb9, que es portar\u00e0 a terme a Tortosa el proper cap de setmana del 17 al 19 de juny. Una iniciativa molt interessant i que comparteix amb nosaltres una premisa b\u00e0sica: <strong>apropar les oportunitats d&#8217;aprenentatge i les viv\u00e8ncies enriquidores a tothom! <\/strong>En aquest cas en concret, apropar el piano a qui en vulgui gaudir.<\/p>\n<p>Durant uns dies, i gr\u00e0cies a la informaci\u00f3 did\u00e0ctica rebuda des de Toca&#8217;m, hem descobert quin tipus d&#8217;instrument \u00e9s el piano (instrument &#8220;TRAMPA&#8221; que hem dit a l&#8217;aula, segur que sabeu per qu\u00e8), les seves parts principals, els seus or\u00edgens i hem conegut al pianista referent a Tortosa, mestre de mestres, <strong>Felip Pedrell<\/strong>.<\/p>\n<p>La iniciativa Toca&#8217;m tamb\u00e9 ens va demanar si pod\u00edem fer una maqueta d&#8217;un piano per exposar-la, juntament amb les d&#8217;altres escoles participants, quan es porti a terme el festival. Aix\u00ed que a continuaci\u00f3 us deixem recull de la nostra feina, no sense agrair a Irene i a M\u00f2nica la seva ajuda! I no sense reivindicar el missatge del nostre piano, que trobareu a la presentaci\u00f3:<\/p>\n<div style=\"position: relative; width: 100%; height: 0; padding-top: 56.2500%; padding-bottom: 48px; box-shadow: 0 2px 8px 0 rgba(63,69,81,0.16); margin-top: 1.6em; margin-bottom: 0.9em; overflow: hidden; border-radius: 8px; will-change: transform;\"><iframe style=\"position: absolute; width: 100%; height: 100%; top: 0; left: 0; border: none; padding: 0; margin: 0;\" src=\"https:\/\/www.canva.com\/design\/DAFDCZI1tGQ\/watch?embed\" allowfullscreen=\"allowfullscreen\"><br \/>\n<\/iframe><\/div>\n<p><a href=\"https:\/\/www.canva.com\/design\/DAFDCZI1tGQ\/watch?utm_content=DAFDCZI1tGQ&amp;utm_campaign=designshare&amp;utm_medium=embeds&amp;utm_source=link\" target=\"_blank\" rel=\"noopener\">TOCA&#8217;M BLOC<\/a> de CEE Escola<\/p>\n<p>Els pianos constru\u00efts s&#8217;exposaran al <strong>C\/ D&#8217;en Carb\u00f3, n\u00ba17-19 (\u00e9s un local buit que han cedit)<\/strong>, durant tot el cap de setmana per si us animeu a veure&#8217;ls de primera m\u00e0 i, qui sap, potser a gaudir una estona de la m\u00fasica que neix d&#8217;aquest fant\u00e0stic instrument!<\/p>\n<p>Gr\u00e0cies per llegir-nos!!\u2764\ud83c\udfb6\ud83c\udfb5\ud83c\udfbc<\/p>\n","protected":false},"excerpt":{"rendered":"<p>En una de les \u00faltimes entrades del nostre bloc d&#8217;aula parl\u00e0vem de l&#8217;\u00e0mbit art\u00edstic, de la m\u00e0 de Van Gogh i de l&#8217;abordatge sensorial. En aquest \u00e0mbit curricular \u00e9s molt important despertar i estimular la creativitat i la imaginaci\u00f3 de l&#8217;alumnat.<br \/>\nSi b\u00e9 l&#8217;altra not\u00edcia feia&hellip;  <a href=\"https:\/\/agora.xtec.cat\/esc-merce-pla\/primaria\/grupa\/la-musica-universal-i-sense-barreres\/\" title=\"Read La m\u00fasica, universal i sense barreres!\">Llegeix m\u00e9s\u00bb<\/a><\/p>\n","protected":false},"author":59,"featured_media":8696,"comment_status":"open","ping_status":"closed","sticky":false,"template":"","format":"standard","meta":{"_bbp_topic_count":0,"_bbp_reply_count":0,"_bbp_total_topic_count":0,"_bbp_total_reply_count":0,"_bbp_voice_count":0,"_bbp_anonymous_reply_count":0,"_bbp_topic_count_hidden":0,"_bbp_reply_count_hidden":0,"_bbp_forum_subforum_count":0,"footnotes":""},"categories":[69],"tags":[178,422,401,126,481,408,284,531,180],"class_list":["post-8694","post","type-post","status-publish","format-standard","has-post-thumbnail","hentry","category-grupa","tag-activitats-sensorials","tag-ambit-artistic","tag-curs-21-22","tag-educacio-inclusiva","tag-escola-verge-de-la-cinta","tag-grup-a","tag-musica","tag-piano","tag-primaria"],"post_mailing_queue_ids":[],"_links":{"self":[{"href":"https:\/\/agora.xtec.cat\/esc-merce-pla\/wp-json\/wp\/v2\/posts\/8694","targetHints":{"allow":["GET"]}}],"collection":[{"href":"https:\/\/agora.xtec.cat\/esc-merce-pla\/wp-json\/wp\/v2\/posts"}],"about":[{"href":"https:\/\/agora.xtec.cat\/esc-merce-pla\/wp-json\/wp\/v2\/types\/post"}],"author":[{"embeddable":true,"href":"https:\/\/agora.xtec.cat\/esc-merce-pla\/wp-json\/wp\/v2\/users\/59"}],"replies":[{"embeddable":true,"href":"https:\/\/agora.xtec.cat\/esc-merce-pla\/wp-json\/wp\/v2\/comments?post=8694"}],"version-history":[{"count":3,"href":"https:\/\/agora.xtec.cat\/esc-merce-pla\/wp-json\/wp\/v2\/posts\/8694\/revisions"}],"predecessor-version":[{"id":8745,"href":"https:\/\/agora.xtec.cat\/esc-merce-pla\/wp-json\/wp\/v2\/posts\/8694\/revisions\/8745"}],"wp:featuredmedia":[{"embeddable":true,"href":"https:\/\/agora.xtec.cat\/esc-merce-pla\/wp-json\/wp\/v2\/media\/8696"}],"wp:attachment":[{"href":"https:\/\/agora.xtec.cat\/esc-merce-pla\/wp-json\/wp\/v2\/media?parent=8694"}],"wp:term":[{"taxonomy":"category","embeddable":true,"href":"https:\/\/agora.xtec.cat\/esc-merce-pla\/wp-json\/wp\/v2\/categories?post=8694"},{"taxonomy":"post_tag","embeddable":true,"href":"https:\/\/agora.xtec.cat\/esc-merce-pla\/wp-json\/wp\/v2\/tags?post=8694"}],"curies":[{"name":"wp","href":"https:\/\/api.w.org\/{rel}","templated":true}]}}