{"id":6170,"date":"2021-11-18T10:12:31","date_gmt":"2021-11-18T09:12:31","guid":{"rendered":"https:\/\/agora.xtec.cat\/esc-merce-pla\/?p=6170"},"modified":"2021-11-18T10:12:31","modified_gmt":"2021-11-18T09:12:31","slug":"el-tresor-mes-gran-del-mon","status":"publish","type":"post","link":"https:\/\/agora.xtec.cat\/esc-merce-pla\/primaria\/grupa\/el-tresor-mes-gran-del-mon\/","title":{"rendered":"El tresor m\u00e9s gran del m\u00f3n"},"content":{"rendered":"<p>Hola de nou! Una altra novetat que ens hem plantejat aquest curs i que us volem explicar \u00e9s la de realitzar una \ud83d\udcab<strong><span style=\"color: #ff6600;\">ACTIVITAT ESPECIAL \ud83d\udcab<\/span><\/strong> una vegada al mes.<\/p>\n<p>Aprofitant que arribava la setmana de Halloween, vam decidir comen\u00e7ar amb una experi\u00e8ncia fant\u00e0stica: un <strong>CONTE SENSORIAL<\/strong> o <strong>VIVENCIAT \ud83d\udcd6<\/strong>. Aix\u00f2 vol dir que l&#8217;alumne o l&#8217;alumna es converteix en el protagonista de la hist\u00f2ria que s&#8217;explica al conte i ho viu en primera persona. Recordeu que ja hem parlat de la mirada <a href=\"https:\/\/www.xn--isnaespaa-s6a.es\/\">Snoezelen<\/a> o <a href=\"https:\/\/www.xn--isnaespaa-s6a.es\/\">Multisensorial<\/a> a l&#8217;hora de dissenyar una bona part de les nostres activitats, i aquest conte o hist\u00f2ria \u00e9s una d&#8217;elles.<\/p>\n<p>I sabeu per qu\u00e8?<\/p>\n<p>-Perqu\u00e8 que l&#8217;alumnat sigui el<strong><span style=\"color: #000000;\"> protagonista<\/span><\/strong> el motiva i l&#8217;emociona, est\u00e0 m\u00e9s receptiu als est\u00edmuls oferits.<\/p>\n<p>-Perqu\u00e8 es treballen aspectes del seu desenvolupament que cal tenir molt en compte: <span style=\"color: #000000;\">sensorialitats, emocions, inseguretats, pors,..<\/span><\/p>\n<p><span style=\"color: #000000;\">-Perqu\u00e8 participa tothom, afavoreix la <strong>inclusi\u00f3 <\/strong><\/span>de totes les persones en qualsevol context on es realitzi.<\/p>\n<p>-Perqu\u00e8 optimitza la creativitat de l&#8217;alumnat, la seva imaginaci\u00f3&#8230;<\/p>\n<p>I perqu\u00e8 aporta molts beneficis m\u00e9s&#8230;per\u00f2 se&#8217;ns faria llarg!\ud83d\ude09<\/p>\n<p>En la foto destacada teniu el material que es va fer servir en el conte <strong><span style=\"color: #ff0000;\">&#8220;EL TRESOR M\u00c9S GRAN DEL M\u00d3N&#8221;<\/span><\/strong>, una hist\u00f2ria sobre valors i sobre el qu\u00e8 \u00e9s important en la nostra vida.<\/p>\n<p><a href=\"https:\/\/agora.xtec.cat\/esc-merce-pla\/wp-content\/uploads\/usu552\/2021\/11\/20211027_132623.jpg\"><img loading=\"lazy\" decoding=\"async\" class=\"wp-image-6520 aligncenter\" src=\"https:\/\/agora.xtec.cat\/esc-merce-pla\/wp-content\/uploads\/usu552\/2021\/11\/20211027_132623-300x140.jpg\" alt=\"\" width=\"328\" height=\"153\" srcset=\"https:\/\/agora.xtec.cat\/esc-merce-pla\/wp-content\/uploads\/usu552\/2021\/11\/20211027_132623-300x140.jpg 300w, https:\/\/agora.xtec.cat\/esc-merce-pla\/wp-content\/uploads\/usu552\/2021\/11\/20211027_132623-768x359.jpg 768w, https:\/\/agora.xtec.cat\/esc-merce-pla\/wp-content\/uploads\/usu552\/2021\/11\/20211027_132623.jpg 1024w\" sizes=\"auto, (max-width: 328px) 100vw, 328px\" \/><\/a><\/p>\n<p>Vam ambientar el gimn\u00e0s per a desenvolupar l&#8217;activitat i per fer la viv\u00e8ncia m\u00e9s intensa, vam tapar els ulls als alumnes, intensificant els est\u00edmuls que rebien i imaginant que elements quotidians es transformessin en objectes molt valuosos dins la hist\u00f2ria. Des d&#8217;aqu\u00ed aplaudim de valent a l&#8217;alumnat del Grup A\ud83d\udc4f\ud83d\udc4f\ud83d\udc4f, que ho va fer genial!<\/p>\n<p>Si voleu veure com va transc\u00f3rrer aquesta activitat especial, llegiu amb atenci\u00f3 la presentaci\u00f3 seg\u00fcent:<\/p>\n<div style=\"position: relative; width: 100%; height: 0; padding-top: 56.2500%; padding-bottom: 48px; box-shadow: 0 2px 8px 0 rgba(63,69,81,0.16); margin-top: 1.6em; margin-bottom: 0.9em; overflow: hidden; border-radius: 8px; will-change: transform;\"><iframe style=\"position: absolute; width: 100%; height: 100%; top: 0; left: 0; border: none; padding: 0; margin: 0;\" src=\"https:\/\/www.canva.com\/design\/DAEvi7TE6Ps\/view?embed\"><br \/>\n<\/iframe><\/div>\n<p><a href=\"https:\/\/www.canva.com\/design\/DAEvi7TE6Ps\/view?utm_content=DAEvi7TE6Ps&amp;utm_campaign=designshare&amp;utm_medium=embeds&amp;utm_source=link\" target=\"_blank\" rel=\"noopener\">EL TRESOR M\u00c9S GRAN DEL M\u00d3N<\/a> de CEE Escola<\/p>\n<p>Confiem en que us hagi agradat i gr\u00e0cies per llegir-nos!\u2764<\/p>\n","protected":false},"excerpt":{"rendered":"<p>Hola de nou! Una altra novetat que ens hem plantejat aquest curs i que us volem explicar \u00e9s la de realitzar una ACTIVITAT ESPECIAL  una vegada al mes.&hellip;  <a href=\"https:\/\/agora.xtec.cat\/esc-merce-pla\/primaria\/grupa\/el-tresor-mes-gran-del-mon\/\" title=\"Read El tresor m\u00e9s gran del m\u00f3n\">Llegeix m\u00e9s\u00bb<\/a><\/p>\n","protected":false},"author":59,"featured_media":6172,"comment_status":"open","ping_status":"closed","sticky":false,"template":"","format":"standard","meta":{"_bbp_topic_count":0,"_bbp_reply_count":0,"_bbp_total_topic_count":0,"_bbp_total_reply_count":0,"_bbp_voice_count":0,"_bbp_anonymous_reply_count":0,"_bbp_topic_count_hidden":0,"_bbp_reply_count_hidden":0,"_bbp_forum_subforum_count":0,"footnotes":""},"categories":[69],"tags":[178,220,401,408,423,180,212],"class_list":["post-6170","post","type-post","status-publish","format-standard","has-post-thumbnail","hentry","category-grupa","tag-activitats-sensorials","tag-ceeverge-de-la-cinta","tag-curs-21-22","tag-grup-a","tag-inclusio","tag-primaria","tag-snoezelen"],"post_mailing_queue_ids":[],"_links":{"self":[{"href":"https:\/\/agora.xtec.cat\/esc-merce-pla\/wp-json\/wp\/v2\/posts\/6170","targetHints":{"allow":["GET"]}}],"collection":[{"href":"https:\/\/agora.xtec.cat\/esc-merce-pla\/wp-json\/wp\/v2\/posts"}],"about":[{"href":"https:\/\/agora.xtec.cat\/esc-merce-pla\/wp-json\/wp\/v2\/types\/post"}],"author":[{"embeddable":true,"href":"https:\/\/agora.xtec.cat\/esc-merce-pla\/wp-json\/wp\/v2\/users\/59"}],"replies":[{"embeddable":true,"href":"https:\/\/agora.xtec.cat\/esc-merce-pla\/wp-json\/wp\/v2\/comments?post=6170"}],"version-history":[{"count":3,"href":"https:\/\/agora.xtec.cat\/esc-merce-pla\/wp-json\/wp\/v2\/posts\/6170\/revisions"}],"predecessor-version":[{"id":6528,"href":"https:\/\/agora.xtec.cat\/esc-merce-pla\/wp-json\/wp\/v2\/posts\/6170\/revisions\/6528"}],"wp:featuredmedia":[{"embeddable":true,"href":"https:\/\/agora.xtec.cat\/esc-merce-pla\/wp-json\/wp\/v2\/media\/6172"}],"wp:attachment":[{"href":"https:\/\/agora.xtec.cat\/esc-merce-pla\/wp-json\/wp\/v2\/media?parent=6170"}],"wp:term":[{"taxonomy":"category","embeddable":true,"href":"https:\/\/agora.xtec.cat\/esc-merce-pla\/wp-json\/wp\/v2\/categories?post=6170"},{"taxonomy":"post_tag","embeddable":true,"href":"https:\/\/agora.xtec.cat\/esc-merce-pla\/wp-json\/wp\/v2\/tags?post=6170"}],"curies":[{"name":"wp","href":"https:\/\/api.w.org\/{rel}","templated":true}]}}