{"id":6156,"date":"2021-10-25T10:00:48","date_gmt":"2021-10-25T08:00:48","guid":{"rendered":"https:\/\/agora.xtec.cat\/esc-merce-pla\/?p=6156"},"modified":"2021-10-25T15:48:37","modified_gmt":"2021-10-25T13:48:37","slug":"participem-a-les-vii-jornades-isna-espana","status":"publish","type":"post","link":"https:\/\/agora.xtec.cat\/esc-merce-pla\/general\/participem-a-les-vii-jornades-isna-espana\/","title":{"rendered":"Participem a les VII Jornades ISNA Espa\u00f1a"},"content":{"rendered":"<p>Aquest dissabte hem tingut el plaer de poder participar en les VII Jornades ISNA Espanya, que amb el concepte<em> &#8220;10 anys de qualitat i calidesa a trav\u00e9s de la filosofia Snoezelen&#8221;\u00a0<\/em>ens han presentat quatre pon\u00e8ncies:<\/p>\n<ul>\n<li style=\"list-style-type: none;\">\n<ul>\n<li>Traject\u00f2ria d&#8217;ISNA Espanya a c\u00e0rrec de la Dra. M\u00aaJos\u00e9 Cid, Montse Cervellera i Francisco Rodr\u00edguez.<\/li>\n<li>Noves experi\u00e8ncies Snoezelen a c\u00e0rrec del Dr. Paul Pagliano.<\/li>\n<li>L&#8217;ensenyament de l&#8217;autoregulaci\u00f3 dins l&#8217;aula a c\u00e0rrec del Dr. Anthony M. McCrovitz.<\/li>\n<li>Concepte Snoezelen i la seva actual aplicaci\u00f3 a c\u00e0rrec de Ad Verheul.<\/li>\n<\/ul>\n<\/li>\n<\/ul>\n<p>Tanmateix, tamb\u00e9 hem pogut gaudir de diferents comunicacions on ens han explicat experi\u00e8ncies Snoezelen en diferents \u00e0mbits i espais. Totes elles molt enriquidores.<\/p>\n<p>Fent la cloenda d&#8217;aquestes Jornades, hem pogut celebrar els 10 anys d&#8217;ISNA Espanya. Moltes felicitats!!<\/p>\n<p><a href=\"https:\/\/agora.xtec.cat\/esc-merce-pla\/wp-content\/uploads\/usu552\/2021\/10\/CapturaSno_opt.png\"><img loading=\"lazy\" decoding=\"async\" class=\"alignnone size-full wp-image-6158\" src=\"https:\/\/agora.xtec.cat\/esc-merce-pla\/wp-content\/uploads\/usu552\/2021\/10\/CapturaSno_opt.png\" alt=\"\" width=\"400\" height=\"214\" srcset=\"https:\/\/agora.xtec.cat\/esc-merce-pla\/wp-content\/uploads\/usu552\/2021\/10\/CapturaSno_opt.png 400w, https:\/\/agora.xtec.cat\/esc-merce-pla\/wp-content\/uploads\/usu552\/2021\/10\/CapturaSno_opt-300x161.png 300w\" sizes=\"auto, (max-width: 400px) 100vw, 400px\" \/>\u00a0 <\/a>\u00a0 \u00a0\u00a0 \u00a0\u00a0 <a href=\"https:\/\/agora.xtec.cat\/esc-merce-pla\/wp-content\/uploads\/usu552\/2021\/10\/Captura-xa-lau.png\"><img loading=\"lazy\" decoding=\"async\" class=\"alignnone wp-image-6159\" src=\"https:\/\/agora.xtec.cat\/esc-merce-pla\/wp-content\/uploads\/usu552\/2021\/10\/Captura-xa-lau.png\" alt=\"\" width=\"400\" height=\"215\" srcset=\"https:\/\/agora.xtec.cat\/esc-merce-pla\/wp-content\/uploads\/usu552\/2021\/10\/Captura-xa-lau.png 1914w, https:\/\/agora.xtec.cat\/esc-merce-pla\/wp-content\/uploads\/usu552\/2021\/10\/Captura-xa-lau-300x161.png 300w, https:\/\/agora.xtec.cat\/esc-merce-pla\/wp-content\/uploads\/usu552\/2021\/10\/Captura-xa-lau-1024x549.png 1024w, https:\/\/agora.xtec.cat\/esc-merce-pla\/wp-content\/uploads\/usu552\/2021\/10\/Captura-xa-lau-768x412.png 768w, https:\/\/agora.xtec.cat\/esc-merce-pla\/wp-content\/uploads\/usu552\/2021\/10\/Captura-xa-lau-1536x824.png 1536w\" sizes=\"auto, (max-width: 400px) 100vw, 400px\" \/><\/a><\/p>\n","protected":false},"excerpt":{"rendered":"<p>Quin plaer haver pogut formar part d&#8217;aquestes jornades!!&hellip;  <a href=\"https:\/\/agora.xtec.cat\/esc-merce-pla\/general\/participem-a-les-vii-jornades-isna-espana\/\" title=\"Read Participem a les VII Jornades ISNA Espa\u00f1a\">Llegeix m\u00e9s\u00bb<\/a><\/p>\n","protected":false},"author":1,"featured_media":6157,"comment_status":"open","ping_status":"closed","sticky":false,"template":"","format":"standard","meta":{"_bbp_topic_count":0,"_bbp_reply_count":0,"_bbp_total_topic_count":0,"_bbp_total_reply_count":0,"_bbp_voice_count":0,"_bbp_anonymous_reply_count":0,"_bbp_topic_count_hidden":0,"_bbp_reply_count_hidden":0,"_bbp_forum_subforum_count":0,"footnotes":""},"categories":[1,4,221],"tags":[413,409,182,414,412,415,104,212],"class_list":["post-6156","post","type-post","status-publish","format-standard","has-post-thumbnail","hentry","category-general","category-portada","category-sensorial","tag-aprenentate","tag-cee-verge-de-la-cinta","tag-estimulacio-multisensorial","tag-formacio","tag-isna","tag-jornades","tag-sensorial","tag-snoezelen"],"post_mailing_queue_ids":[],"_links":{"self":[{"href":"https:\/\/agora.xtec.cat\/esc-merce-pla\/wp-json\/wp\/v2\/posts\/6156","targetHints":{"allow":["GET"]}}],"collection":[{"href":"https:\/\/agora.xtec.cat\/esc-merce-pla\/wp-json\/wp\/v2\/posts"}],"about":[{"href":"https:\/\/agora.xtec.cat\/esc-merce-pla\/wp-json\/wp\/v2\/types\/post"}],"author":[{"embeddable":true,"href":"https:\/\/agora.xtec.cat\/esc-merce-pla\/wp-json\/wp\/v2\/users\/1"}],"replies":[{"embeddable":true,"href":"https:\/\/agora.xtec.cat\/esc-merce-pla\/wp-json\/wp\/v2\/comments?post=6156"}],"version-history":[{"count":3,"href":"https:\/\/agora.xtec.cat\/esc-merce-pla\/wp-json\/wp\/v2\/posts\/6156\/revisions"}],"predecessor-version":[{"id":6184,"href":"https:\/\/agora.xtec.cat\/esc-merce-pla\/wp-json\/wp\/v2\/posts\/6156\/revisions\/6184"}],"wp:featuredmedia":[{"embeddable":true,"href":"https:\/\/agora.xtec.cat\/esc-merce-pla\/wp-json\/wp\/v2\/media\/6157"}],"wp:attachment":[{"href":"https:\/\/agora.xtec.cat\/esc-merce-pla\/wp-json\/wp\/v2\/media?parent=6156"}],"wp:term":[{"taxonomy":"category","embeddable":true,"href":"https:\/\/agora.xtec.cat\/esc-merce-pla\/wp-json\/wp\/v2\/categories?post=6156"},{"taxonomy":"post_tag","embeddable":true,"href":"https:\/\/agora.xtec.cat\/esc-merce-pla\/wp-json\/wp\/v2\/tags?post=6156"}],"curies":[{"name":"wp","href":"https:\/\/api.w.org\/{rel}","templated":true}]}}