{"id":4521,"date":"2021-03-21T19:42:55","date_gmt":"2021-03-21T18:42:55","guid":{"rendered":"https:\/\/agora.xtec.cat\/esc-merce-pla\/?p=4521"},"modified":"2021-03-21T19:42:55","modified_gmt":"2021-03-21T18:42:55","slug":"noves-tecnologies-i-tea","status":"publish","type":"post","link":"https:\/\/agora.xtec.cat\/esc-merce-pla\/general\/noves-tecnologies-i-tea\/","title":{"rendered":"Noves tecnologies i TEA"},"content":{"rendered":"<p><b>Noves tecnologies i TEA<\/b><span style=\"font-weight: 400;\">\u00a0ha estat el tema de la segona xerrada formativa online per a fam\u00edlies.\u00a0 <\/span><\/p>\n<p><span style=\"font-weight: 400;\">Aquesta\u00a0 nova formaci\u00f3 tamb\u00e9 va anar a c\u00e0rrec d\u2019 <\/span><b>Alex Escol\u00e0 Serra,<\/b><span style=\"font-weight: 400;\"> psic\u00f2leg infanto-juvenil especialitzat en atenci\u00f3 preco\u00e7 i en Trastorns de l&#8217;Espectre Autista. Co-fundador de IDAPP MIND, empresa que desenvolupa solucions tecnol\u00f2giques per les persones amb TEA.\u00a0<\/span><\/p>\n<p><span style=\"font-weight: 400;\">Aquest cop, l&#8217;\u00c0lex ens va facilitar tot un seguit de recursos telem\u00e0tics i valuosos consells per la seva utilitzaci\u00f3 en l\u2019entorn familiar. <\/span><span style=\"font-weight: 400;\">Durant la xerrada va parlar de les avantatges, perills i falses creences de l&#8217;\u00fas de les noves tecnologies, dels criteris que s\u2019han de tenir en compte per seleccionar el recurs TIC adequat a cada infant i va proporcionar exemples d\u2019aplicacions telem\u00e0tiques per treballar la comunicaci\u00f3, autonomia, lectoescriptura, habilitats socials, funcions cognitives, habilitats socioemocionals i Teoria de la Ment, Realitat virtual &#8230; i un llarg etc\u00e8tera. <\/span><\/p>\n<p><span style=\"font-weight: 400;\">Ens ha quedat molt clar que h<\/span><span style=\"font-weight: 400;\">i han\u00a0 aplicacions per a tot i per a tothom!!!<\/span><\/p>\n\n","protected":false},"excerpt":{"rendered":"<p>Noves tecnologies i TEA\u00a0ha estat el tema de la segona xerrada formativa online per a fam\u00edlies.\u00a0&hellip;  <a href=\"https:\/\/agora.xtec.cat\/esc-merce-pla\/general\/noves-tecnologies-i-tea\/\" title=\"Read Noves tecnologies i TEA\">Llegeix m\u00e9s\u00bb<\/a><\/p>\n","protected":false},"author":73,"featured_media":4623,"comment_status":"open","ping_status":"closed","sticky":false,"template":"","format":"standard","meta":{"_bbp_topic_count":0,"_bbp_reply_count":0,"_bbp_total_topic_count":0,"_bbp_total_reply_count":0,"_bbp_voice_count":0,"_bbp_anonymous_reply_count":0,"_bbp_topic_count_hidden":0,"_bbp_reply_count_hidden":0,"_bbp_forum_subforum_count":0,"footnotes":""},"categories":[1,167,78],"tags":[],"class_list":["post-4521","post","type-post","status-publish","format-standard","has-post-thumbnail","hentry","category-general","category-orientacio-a-les-families","category-suport-psicologic"],"post_mailing_queue_ids":[],"_links":{"self":[{"href":"https:\/\/agora.xtec.cat\/esc-merce-pla\/wp-json\/wp\/v2\/posts\/4521","targetHints":{"allow":["GET"]}}],"collection":[{"href":"https:\/\/agora.xtec.cat\/esc-merce-pla\/wp-json\/wp\/v2\/posts"}],"about":[{"href":"https:\/\/agora.xtec.cat\/esc-merce-pla\/wp-json\/wp\/v2\/types\/post"}],"author":[{"embeddable":true,"href":"https:\/\/agora.xtec.cat\/esc-merce-pla\/wp-json\/wp\/v2\/users\/73"}],"replies":[{"embeddable":true,"href":"https:\/\/agora.xtec.cat\/esc-merce-pla\/wp-json\/wp\/v2\/comments?post=4521"}],"version-history":[{"count":3,"href":"https:\/\/agora.xtec.cat\/esc-merce-pla\/wp-json\/wp\/v2\/posts\/4521\/revisions"}],"predecessor-version":[{"id":4573,"href":"https:\/\/agora.xtec.cat\/esc-merce-pla\/wp-json\/wp\/v2\/posts\/4521\/revisions\/4573"}],"wp:featuredmedia":[{"embeddable":true,"href":"https:\/\/agora.xtec.cat\/esc-merce-pla\/wp-json\/wp\/v2\/media\/4623"}],"wp:attachment":[{"href":"https:\/\/agora.xtec.cat\/esc-merce-pla\/wp-json\/wp\/v2\/media?parent=4521"}],"wp:term":[{"taxonomy":"category","embeddable":true,"href":"https:\/\/agora.xtec.cat\/esc-merce-pla\/wp-json\/wp\/v2\/categories?post=4521"},{"taxonomy":"post_tag","embeddable":true,"href":"https:\/\/agora.xtec.cat\/esc-merce-pla\/wp-json\/wp\/v2\/tags?post=4521"}],"curies":[{"name":"wp","href":"https:\/\/api.w.org\/{rel}","templated":true}]}}