{"id":13513,"date":"2025-03-17T14:24:19","date_gmt":"2025-03-17T13:24:19","guid":{"rendered":"https:\/\/agora.xtec.cat\/esc-merce-pla\/?p=13513"},"modified":"2025-03-17T14:24:19","modified_gmt":"2025-03-17T13:24:19","slug":"una-jornada-daprenentatge-i-accio-pel-medi-ambient","status":"publish","type":"post","link":"https:\/\/agora.xtec.cat\/esc-merce-pla\/general\/una-jornada-daprenentatge-i-accio-pel-medi-ambient\/","title":{"rendered":"Una jornada d&#8217;aprenentatge i acci\u00f3 pel medi ambient"},"content":{"rendered":"<p data-sourcepos=\"7:1-7:322\">Els alumnes del Comit\u00e8 Ambiental de la nostra escola van viure una jornada inoblidable als Marjals de Campred\u00f3. Amb l&#8217;objectiu de contribuir a la conservaci\u00f3 d&#8217;aquest valu\u00f3s espai natural, els nostres estudiants es van convertir en aut\u00e8ntics guardians del medi ambient.<\/p>\n<p data-sourcepos=\"9:1-9:405\">Guiats per experts en la flora local, els alumnes es van submergir en l&#8217;ecosistema dels Marjals, aprenent sobre la import\u00e0ncia de les plantes aqu\u00e0tiques i terrestres per a l&#8217;equilibri de l&#8217;aiguamoll. Les terrestres que vam plantar eren el <em>Llentiscle <\/em>i l&#8217;<em>Aloc, <\/em>les aqu\u00e0tiques, el <em>lliri groc<\/em> i la <em>salic\u00e0ria<\/em>. Les coneixeu? Amb entusiasme i dedicaci\u00f3, van plantar aquestes esp\u00e8cies aut\u00f2ctones, contribuint aix\u00ed a la restauraci\u00f3 de l&#8217;h\u00e0bitat i fomentant la biodiversitat.<\/p>\n<p data-sourcepos=\"11:1-11:284\">L&#8217;excursi\u00f3 no nom\u00e9s va ser una oportunitat per aprendre sobre la natura, sin\u00f3 tamb\u00e9 per desenvolupar habilitats de treball en equip i responsabilitat ambiental. Els nostres alumnes van demostrar un gran comprom\u00eds amb la cura del planeta, treballant junts per assolir un objectiu com\u00fa.<\/p>\n<p data-sourcepos=\"15:1-15:270\">La jornada als Marjals de Campred\u00f3 va deixar una empremta inesborrable en els nostres alumnes, que van tornar a l&#8217;escola amb una major consci\u00e8ncia sobre la import\u00e0ncia de protegir el medi ambient.<\/p>\n<p data-sourcepos=\"15:1-15:270\">I el millor de tot, en uns mesos hi tornarem per veure com han crescut les plantes i arbustos que hem plantat! Ser\u00e0 una gran oportunitat per observar l&#8217;impacte positiu de la nostra acci\u00f3 i continuar aprenent sobre la natura.<\/p>\n<p style=\"text-align: center;\" data-sourcepos=\"17:1-17:34\">\r\n\t<div class=\"slideshow_container slideshow_container_style-light\" style=\"height: 300px; \" data-slideshow-id=\"13517\" data-style-name=\"style-light\" data-style-version=\"2.3.1\" >\r\n\r\n\t\t\t\t\t<div class=\"slideshow_loading_icon\"><\/div>\r\n\t\t\r\n\t\t<div class=\"slideshow_content\" style=\"display: none;\">\r\n\r\n\t\t\t<div class=\"slideshow_view\">\r\n\t\t\t\t<div class=\"slideshow_slide slideshow_slide_image\">\r\n\t\t\t\t\t\t\t\t\t\t\t<img src=\"https:\/\/agora.xtec.cat\/esc-merce-pla\/wp-content\/uploads\/usu552\/2025\/03\/WhatsApp-Image-2025-03-13-at-13.41.14.jpeg\" alt=\"WhatsApp Image 2025-03-13 at 13.41.14\" width=\"1600\" height=\"900\" \/>\r\n\t\t\t\t\t\t\t\t\t\t<div class=\"slideshow_description_box slideshow_transparent\">\r\n\t\t\t\t\t\t<div class=\"slideshow_title\">WhatsApp Image 2025-03-13 at 13.41.14<\/div>\t\t\t\t\t\t\t\t\t\t\t<\/div>\r\n\t\t\t\t<\/div>\r\n\r\n\t\t\t\t\t\t<div style=\"clear: both;\"><\/div><\/div><div class=\"slideshow_view\">\r\n\t\t\t\t<div class=\"slideshow_slide slideshow_slide_image\">\r\n\t\t\t\t\t\t\t\t\t\t\t<img src=\"https:\/\/agora.xtec.cat\/esc-merce-pla\/wp-content\/uploads\/usu552\/2025\/03\/WhatsApp-Image-2025-03-13-at-13.41.14-6.jpeg\" alt=\"WhatsApp Image 2025-03-13 at 13.41.14 (6)\" width=\"1600\" height=\"900\" \/>\r\n\t\t\t\t\t\t\t\t\t\t<div class=\"slideshow_description_box slideshow_transparent\">\r\n\t\t\t\t\t\t<div class=\"slideshow_title\">WhatsApp Image 2025-03-13 at 13.41.14 (6)<\/div>\t\t\t\t\t\t\t\t\t\t\t<\/div>\r\n\t\t\t\t<\/div>\r\n\r\n\t\t\t\t\t\t<div style=\"clear: both;\"><\/div><\/div><div class=\"slideshow_view\">\r\n\t\t\t\t<div class=\"slideshow_slide slideshow_slide_image\">\r\n\t\t\t\t\t\t\t\t\t\t\t<img src=\"https:\/\/agora.xtec.cat\/esc-merce-pla\/wp-content\/uploads\/usu552\/2025\/03\/WhatsApp-Image-2025-03-13-at-13.41.14-5.jpeg\" alt=\"WhatsApp Image 2025-03-13 at 13.41.14 (5)\" width=\"1600\" height=\"900\" \/>\r\n\t\t\t\t\t\t\t\t\t\t<div class=\"slideshow_description_box slideshow_transparent\">\r\n\t\t\t\t\t\t<div class=\"slideshow_title\">WhatsApp Image 2025-03-13 at 13.41.14 (5)<\/div>\t\t\t\t\t\t\t\t\t\t\t<\/div>\r\n\t\t\t\t<\/div>\r\n\r\n\t\t\t\t\t\t<div style=\"clear: both;\"><\/div><\/div><div class=\"slideshow_view\">\r\n\t\t\t\t<div class=\"slideshow_slide slideshow_slide_image\">\r\n\t\t\t\t\t\t\t\t\t\t\t<img src=\"https:\/\/agora.xtec.cat\/esc-merce-pla\/wp-content\/uploads\/usu552\/2025\/03\/WhatsApp-Image-2025-03-13-at-13.41.14-4.jpeg\" alt=\"WhatsApp Image 2025-03-13 at 13.41.14 (4)\" width=\"1600\" height=\"900\" \/>\r\n\t\t\t\t\t\t\t\t\t\t<div class=\"slideshow_description_box slideshow_transparent\">\r\n\t\t\t\t\t\t<div class=\"slideshow_title\">WhatsApp Image 2025-03-13 at 13.41.14 (4)<\/div>\t\t\t\t\t\t\t\t\t\t\t<\/div>\r\n\t\t\t\t<\/div>\r\n\r\n\t\t\t\t\t\t<div style=\"clear: both;\"><\/div><\/div><div class=\"slideshow_view\">\r\n\t\t\t\t<div class=\"slideshow_slide slideshow_slide_image\">\r\n\t\t\t\t\t\t\t\t\t\t\t<img src=\"https:\/\/agora.xtec.cat\/esc-merce-pla\/wp-content\/uploads\/usu552\/2025\/03\/WhatsApp-Image-2025-03-13-at-13.41.14-3.jpeg\" alt=\"WhatsApp Image 2025-03-13 at 13.41.14 (3)\" width=\"1600\" height=\"900\" \/>\r\n\t\t\t\t\t\t\t\t\t\t<div class=\"slideshow_description_box slideshow_transparent\">\r\n\t\t\t\t\t\t<div class=\"slideshow_title\">WhatsApp Image 2025-03-13 at 13.41.14 (3)<\/div>\t\t\t\t\t\t\t\t\t\t\t<\/div>\r\n\t\t\t\t<\/div>\r\n\r\n\t\t\t\t\t\t<div style=\"clear: both;\"><\/div><\/div><div class=\"slideshow_view\">\r\n\t\t\t\t<div class=\"slideshow_slide slideshow_slide_image\">\r\n\t\t\t\t\t\t\t\t\t\t\t<img src=\"https:\/\/agora.xtec.cat\/esc-merce-pla\/wp-content\/uploads\/usu552\/2025\/03\/WhatsApp-Image-2025-03-13-at-13.41.14-2.jpeg\" alt=\"WhatsApp Image 2025-03-13 at 13.41.14 (2)\" width=\"1600\" height=\"900\" \/>\r\n\t\t\t\t\t\t\t\t\t\t<div class=\"slideshow_description_box slideshow_transparent\">\r\n\t\t\t\t\t\t<div class=\"slideshow_title\">WhatsApp Image 2025-03-13 at 13.41.14 (2)<\/div>\t\t\t\t\t\t\t\t\t\t\t<\/div>\r\n\t\t\t\t<\/div>\r\n\r\n\t\t\t\t\t\t<div style=\"clear: both;\"><\/div><\/div><div class=\"slideshow_view\">\r\n\t\t\t\t<div class=\"slideshow_slide slideshow_slide_image\">\r\n\t\t\t\t\t\t\t\t\t\t\t<img src=\"https:\/\/agora.xtec.cat\/esc-merce-pla\/wp-content\/uploads\/usu552\/2025\/03\/WhatsApp-Image-2025-03-13-at-13.41.14-1.jpeg\" alt=\"WhatsApp Image 2025-03-13 at 13.41.14 (1)\" width=\"1600\" height=\"900\" \/>\r\n\t\t\t\t\t\t\t\t\t\t<div class=\"slideshow_description_box slideshow_transparent\">\r\n\t\t\t\t\t\t<div class=\"slideshow_title\">WhatsApp Image 2025-03-13 at 13.41.14 (1)<\/div>\t\t\t\t\t\t\t\t\t\t\t<\/div>\r\n\t\t\t\t<\/div>\r\n\r\n\t\t\t\t\t\t<div style=\"clear: both;\"><\/div><\/div>\r\n\t\t<\/div>\r\n\r\n\t\t<div class=\"slideshow_controlPanel slideshow_transparent\" style=\"display: none;\"><ul><li class=\"slideshow_togglePlay\" data-play-text=\"Visualitza\" data-pause-text=\"Pausa\"><\/li><\/ul><\/div>\r\n\r\n\t\t<div class=\"slideshow_button slideshow_previous slideshow_transparent\" role=\"button\" data-previous-text=\"Anterior\" style=\"display: none;\"><\/div>\r\n\t\t<div class=\"slideshow_button slideshow_next slideshow_transparent\" role=\"button\" data-next-text=\"Seg\u00fcent\" style=\"display: none;\"><\/div>\r\n\r\n\t\t<div class=\"slideshow_pagination\" style=\"display: none;\" data-go-to-text=\"V\u00e9s a la diapositiva\"><div class=\"slideshow_pagination_center\"><\/div><\/div>\r\n\r\n\t\t<!-- WordPress Slideshow Version 2.3.1 -->\r\n\r\n\t\t\t<\/div>\r\n\r\n<\/p>\n","protected":false},"excerpt":{"rendered":"<p>Els nostres alumnes del Comit\u00e8 Ambiental deixen la seva empremta verda als Marjals de Campred\u00f3&hellip;  <a href=\"https:\/\/agora.xtec.cat\/esc-merce-pla\/general\/una-jornada-daprenentatge-i-accio-pel-medi-ambient\/\" title=\"Read Una jornada d&#8217;aprenentatge i acci\u00f3 pel medi ambient\">Llegeix m\u00e9s\u00bb<\/a><\/p>\n","protected":false},"author":1,"featured_media":13516,"comment_status":"open","ping_status":"closed","sticky":false,"template":"","format":"standard","meta":{"_bbp_topic_count":0,"_bbp_reply_count":0,"_bbp_total_topic_count":0,"_bbp_total_reply_count":0,"_bbp_voice_count":0,"_bbp_anonymous_reply_count":0,"_bbp_topic_count_hidden":0,"_bbp_reply_count_hidden":0,"_bbp_forum_subforum_count":0,"footnotes":""},"categories":[66,1,4],"tags":[885,276,882,883,884,616],"class_list":["post-13513","post","type-post","status-publish","format-standard","has-post-thumbnail","hentry","category-verda","category-general","category-portada","tag-comite-alumnes","tag-escola-verda","tag-marjals","tag-plantada","tag-plantes-i-arbustos","tag-sostenibilitat"],"post_mailing_queue_ids":[],"_links":{"self":[{"href":"https:\/\/agora.xtec.cat\/esc-merce-pla\/wp-json\/wp\/v2\/posts\/13513","targetHints":{"allow":["GET"]}}],"collection":[{"href":"https:\/\/agora.xtec.cat\/esc-merce-pla\/wp-json\/wp\/v2\/posts"}],"about":[{"href":"https:\/\/agora.xtec.cat\/esc-merce-pla\/wp-json\/wp\/v2\/types\/post"}],"author":[{"embeddable":true,"href":"https:\/\/agora.xtec.cat\/esc-merce-pla\/wp-json\/wp\/v2\/users\/1"}],"replies":[{"embeddable":true,"href":"https:\/\/agora.xtec.cat\/esc-merce-pla\/wp-json\/wp\/v2\/comments?post=13513"}],"version-history":[{"count":4,"href":"https:\/\/agora.xtec.cat\/esc-merce-pla\/wp-json\/wp\/v2\/posts\/13513\/revisions"}],"predecessor-version":[{"id":13544,"href":"https:\/\/agora.xtec.cat\/esc-merce-pla\/wp-json\/wp\/v2\/posts\/13513\/revisions\/13544"}],"wp:featuredmedia":[{"embeddable":true,"href":"https:\/\/agora.xtec.cat\/esc-merce-pla\/wp-json\/wp\/v2\/media\/13516"}],"wp:attachment":[{"href":"https:\/\/agora.xtec.cat\/esc-merce-pla\/wp-json\/wp\/v2\/media?parent=13513"}],"wp:term":[{"taxonomy":"category","embeddable":true,"href":"https:\/\/agora.xtec.cat\/esc-merce-pla\/wp-json\/wp\/v2\/categories?post=13513"},{"taxonomy":"post_tag","embeddable":true,"href":"https:\/\/agora.xtec.cat\/esc-merce-pla\/wp-json\/wp\/v2\/tags?post=13513"}],"curies":[{"name":"wp","href":"https:\/\/api.w.org\/{rel}","templated":true}]}}