{"id":10163,"date":"2023-04-14T15:06:15","date_gmt":"2023-04-14T13:06:15","guid":{"rendered":"https:\/\/agora.xtec.cat\/esc-merce-pla\/?p=10163"},"modified":"2024-01-19T00:58:31","modified_gmt":"2024-01-18T23:58:31","slug":"alteracions-en-el-llenguatge-comprensiu","status":"publish","type":"post","link":"https:\/\/agora.xtec.cat\/esc-merce-pla\/general\/alteracions-en-el-llenguatge-comprensiu\/","title":{"rendered":"Alteracions en el Llenguatge Comprensiu"},"content":{"rendered":"<p><span style=\"font-weight: 400;\">Alteracions en la capacitat de comprendre el que els altres expressen, \u00e9s a dir, en el proc\u00e9s que implica rebre un missatge i entendre\u2019l.\u00a0<\/span><\/p>\n<p><span style=\"font-weight: 400;\">\u00c9s la fase del desenvolupament en la que s&#8217;apr\u00e8n a rebre un missatge enviat per l&#8217;emissor, analitzar-lo i interpretar-lo per aconseguir una comunicaci\u00f3 adequada.\u00a0<\/span><\/p>\n<p><span style=\"font-weight: 400;\">Cal recordar que el llenguatge \u00e9s el que ens permet comunicar-nos, ja sigui a nivell verbal com no verbal. Si la comprensi\u00f3 est\u00e0 alterada, aquesta comunicaci\u00f3 no estar\u00e0 completa.\u00a0\u00a0<\/span><\/p>\n<p><span style=\"font-weight: 400;\">El llenguatge comprensiu est\u00e0 relacionat amb els processos cognitius que posem en marxa al rebre un missatge de l\u2019entorn. Aquests processos que intervenen s\u00f3n:\u00a0<\/span><\/p>\n<ul>\n<li style=\"font-weight: 400;\" aria-level=\"1\"><span style=\"font-weight: 400;\">sensibilitat al soroll.\u00a0<\/span><\/li>\n<li style=\"font-weight: 400;\" aria-level=\"1\"><span style=\"font-weight: 400;\">percepci\u00f3, discriminaci\u00f3 i mem\u00f2ria auditiva.\u00a0<\/span><\/li>\n<li style=\"font-weight: 400;\" aria-level=\"1\"><span style=\"font-weight: 400;\">mem\u00f2ria visual.\u00a0<\/span><\/li>\n<li style=\"font-weight: 400;\" aria-level=\"1\"><span style=\"font-weight: 400;\">percepci\u00f3 i discriminaci\u00f3 fon\u00e8tica.\u00a0<\/span><\/li>\n<li style=\"font-weight: 400;\" aria-level=\"1\"><span style=\"font-weight: 400;\">organitzaci\u00f3 espai-temporal.\u00a0<\/span><\/li>\n<li style=\"font-weight: 400;\" aria-level=\"1\"><span style=\"font-weight: 400;\">desenvolupament del raonament l\u00f2gic.\u00a0<\/span><\/li>\n<li style=\"font-weight: 400;\" aria-level=\"1\"><span style=\"font-weight: 400;\">determinaci\u00f3 de relacions: similituds, difer\u00e8ncies, \u2026\u00a0<\/span><\/li>\n<li style=\"font-weight: 400;\" aria-level=\"1\"><span style=\"font-weight: 400;\">resoluci\u00f3 de problemes.\u00a0<\/span><\/li>\n<li style=\"font-weight: 400;\" aria-level=\"1\"><span style=\"font-weight: 400;\">desenvolupament de la imaginaci\u00f3.<\/span><\/li>\n<\/ul>\n<p><a href=\"https:\/\/agora.xtec.cat\/esc-merce-pla\/wp-content\/uploads\/usu552\/2023\/04\/Black-Back-to-School-Photo-Collage.png\"><img decoding=\"async\" loading=\"lazy\" class=\"aligncenter wp-image-10200\" src=\"https:\/\/agora.xtec.cat\/esc-merce-pla\/wp-content\/uploads\/usu552\/2023\/04\/Black-Back-to-School-Photo-Collage-300x240.png\" alt=\"\" width=\"347\" height=\"277\" srcset=\"https:\/\/agora.xtec.cat\/esc-merce-pla\/wp-content\/uploads\/usu552\/2023\/04\/Black-Back-to-School-Photo-Collage-300x240.png 300w, https:\/\/agora.xtec.cat\/esc-merce-pla\/wp-content\/uploads\/usu552\/2023\/04\/Black-Back-to-School-Photo-Collage-1024x819.png 1024w, https:\/\/agora.xtec.cat\/esc-merce-pla\/wp-content\/uploads\/usu552\/2023\/04\/Black-Back-to-School-Photo-Collage-768x614.png 768w, https:\/\/agora.xtec.cat\/esc-merce-pla\/wp-content\/uploads\/usu552\/2023\/04\/Black-Back-to-School-Photo-Collage-1536x1229.png 1536w, https:\/\/agora.xtec.cat\/esc-merce-pla\/wp-content\/uploads\/usu552\/2023\/04\/Black-Back-to-School-Photo-Collage.png 2000w\" sizes=\"auto, (max-width: 347px) 100vw, 347px\" \/><\/a><\/p>\n","protected":false},"excerpt":{"rendered":"<p>Alteracions en la capacitat de comprendre el que els altres expressen, \u00e9s a dir, en el proc\u00e9s que implica rebre un missatge i entendre\u2019l.\u00a0&hellip;  <a href=\"https:\/\/agora.xtec.cat\/esc-merce-pla\/general\/alteracions-en-el-llenguatge-comprensiu\/\" title=\"Read Alteracions en el Llenguatge Comprensiu\">Llegeix m\u00e9s\u00bb<\/a><\/p>\n","protected":false},"author":97,"featured_media":10165,"comment_status":"open","ping_status":"closed","sticky":false,"template":"","format":"standard","meta":{"_bbp_topic_count":0,"_bbp_reply_count":0,"_bbp_total_topic_count":0,"_bbp_total_reply_count":0,"_bbp_voice_count":0,"_bbp_anonymous_reply_count":0,"_bbp_topic_count_hidden":0,"_bbp_reply_count_hidden":0,"_bbp_forum_subforum_count":0,"footnotes":""},"categories":[1,77],"tags":[543,555,261,300],"class_list":["post-10163","post","type-post","status-publish","format-standard","has-post-thumbnail","hentry","category-general","category-logopedia","tag-curs-22-23","tag-escola-merce-pla","tag-llenguatge-i-comunicacio","tag-logopedia"],"post_mailing_queue_ids":[],"_links":{"self":[{"href":"https:\/\/agora.xtec.cat\/esc-merce-pla\/wp-json\/wp\/v2\/posts\/10163","targetHints":{"allow":["GET"]}}],"collection":[{"href":"https:\/\/agora.xtec.cat\/esc-merce-pla\/wp-json\/wp\/v2\/posts"}],"about":[{"href":"https:\/\/agora.xtec.cat\/esc-merce-pla\/wp-json\/wp\/v2\/types\/post"}],"author":[{"embeddable":true,"href":"https:\/\/agora.xtec.cat\/esc-merce-pla\/wp-json\/wp\/v2\/users\/97"}],"replies":[{"embeddable":true,"href":"https:\/\/agora.xtec.cat\/esc-merce-pla\/wp-json\/wp\/v2\/comments?post=10163"}],"version-history":[{"count":5,"href":"https:\/\/agora.xtec.cat\/esc-merce-pla\/wp-json\/wp\/v2\/posts\/10163\/revisions"}],"predecessor-version":[{"id":11605,"href":"https:\/\/agora.xtec.cat\/esc-merce-pla\/wp-json\/wp\/v2\/posts\/10163\/revisions\/11605"}],"wp:featuredmedia":[{"embeddable":true,"href":"https:\/\/agora.xtec.cat\/esc-merce-pla\/wp-json\/wp\/v2\/media\/10165"}],"wp:attachment":[{"href":"https:\/\/agora.xtec.cat\/esc-merce-pla\/wp-json\/wp\/v2\/media?parent=10163"}],"wp:term":[{"taxonomy":"category","embeddable":true,"href":"https:\/\/agora.xtec.cat\/esc-merce-pla\/wp-json\/wp\/v2\/categories?post=10163"},{"taxonomy":"post_tag","embeddable":true,"href":"https:\/\/agora.xtec.cat\/esc-merce-pla\/wp-json\/wp\/v2\/tags?post=10163"}],"curies":[{"name":"wp","href":"https:\/\/api.w.org\/{rel}","templated":true}]}}