{"id":3371,"date":"2021-03-21T18:29:28","date_gmt":"2021-03-21T17:29:28","guid":{"rendered":"http:\/\/agora.xtec.cat\/esc-medipineda\/?p=3371"},"modified":"2021-09-03T16:10:28","modified_gmt":"2021-09-03T14:10:28","slug":"ens-endinsem-en-el-mon-de-joan-miro","status":"publish","type":"post","link":"https:\/\/agora.xtec.cat\/esc-medipineda\/general\/ens-endinsem-en-el-mon-de-joan-miro\/","title":{"rendered":"Ens endinsem en el m\u00f3n de Joan Mir\u00f3"},"content":{"rendered":"<p><span style=\"font-weight: 400;\">Aquests dies hem comen\u00e7at a con\u00e8ixer en Joan Mir\u00f3, un pintor, escultor, gravador i ceramista que de moment ens est\u00e0 agradant molt descobrir. Els dimarts a les tardes abans de comen\u00e7ar les sessions d\u2019art ens posem les bates, ajudant-nos entre tots i totes, i gaudim dels diferents racons d\u2019art ambientats amb el pintor.\u00a0\u00a0<\/span><\/p>\n<p>&nbsp;<\/p>\n<p><span style=\"font-weight: 400;\">De moment, ens estem introduint en els elements que Joan Mir\u00f3 utilitzava a les seves obres: els diferents colors, les formes&#8230; Tamb\u00e9 estem experimentant l\u2019art amb diferents materials i estris. Aquest pintor ens t\u00e9 ben sorpresos, pintava amb les mans, els dits, els peus\u2026 nosaltres tamb\u00e9 ho volem provar! A m\u00e9s a m\u00e9s, aquest pintor feia uns mosaics que ens agraden molt i, \u00e9s per aix\u00f2, que hem comen\u00e7at a preparar el material per poder crear-ne un al nostre passad\u00eds, a poc a poc aconseguirem fer-lo i us el podrem ensenyar!\u00a0<\/span><\/p>\n<p>&nbsp;<\/p>\n<p><span style=\"font-weight: 400;\">A les seg\u00fcents fotografies podreu veure com ens anem introduint amb els diferents elements, colors i formes amb les que treballava en <a href=\"https:\/\/drive.google.com\/drive\/folders\/1b4LGVORai6cOEj0Zq7X2qmSHbsjWIlWz?usp=sharing\" target=\"_blank\" rel=\"noopener noreferrer\">Joan Mir\u00f3.<\/a>\u00a0<\/span><\/p>\n","protected":false},"excerpt":{"rendered":"<p>Aquests dies hem comen\u00e7at a con\u00e8ixer en Joan Mir\u00f3, un pintor, escultor, gravador i ceramista que de moment ens est\u00e0 agradant molt descobrir. Els dimarts a les tardes abans de comen\u00e7ar les sessions d\u2019art ens posem les bates, ajudant-nos entre tots i totes, i gaudim dels diferents racons d\u2019art ambientats amb el pintor.\u00a0\u00a0 &nbsp; De [&hellip;]<\/p>\n","protected":false},"author":1,"featured_media":3372,"comment_status":"open","ping_status":"closed","sticky":false,"template":"","format":"standard","meta":{"_bbp_topic_count":0,"_bbp_reply_count":0,"_bbp_total_topic_count":0,"_bbp_total_reply_count":0,"_bbp_voice_count":0,"_bbp_anonymous_reply_count":0,"_bbp_topic_count_hidden":0,"_bbp_reply_count_hidden":0,"_bbp_forum_subforum_count":0,"site-sidebar-layout":"default","site-content-layout":"","ast-site-content-layout":"","site-content-style":"default","site-sidebar-style":"default","ast-global-header-display":"","ast-banner-title-visibility":"","ast-main-header-display":"","ast-hfb-above-header-display":"","ast-hfb-below-header-display":"","ast-hfb-mobile-header-display":"","site-post-title":"","ast-breadcrumbs-content":"","ast-featured-img":"","footer-sml-layout":"","theme-transparent-header-meta":"","adv-header-id-meta":"","stick-header-meta":"","header-above-stick-meta":"","header-main-stick-meta":"","header-below-stick-meta":"","astra-migrate-meta-layouts":"default","ast-page-background-enabled":"default","ast-page-background-meta":{"desktop":{"background-color":"var(--ast-global-color-4)","background-image":"","background-repeat":"repeat","background-position":"center center","background-size":"auto","background-attachment":"scroll","background-type":"","background-media":"","overlay-type":"","overlay-color":"","overlay-opacity":"","overlay-gradient":""},"tablet":{"background-color":"","background-image":"","background-repeat":"repeat","background-position":"center center","background-size":"auto","background-attachment":"scroll","background-type":"","background-media":"","overlay-type":"","overlay-color":"","overlay-opacity":"","overlay-gradient":""},"mobile":{"background-color":"","background-image":"","background-repeat":"repeat","background-position":"center center","background-size":"auto","background-attachment":"scroll","background-type":"","background-media":"","overlay-type":"","overlay-color":"","overlay-opacity":"","overlay-gradient":""}},"ast-content-background-meta":{"desktop":{"background-color":"var(--ast-global-color-5)","background-image":"","background-repeat":"repeat","background-position":"center center","background-size":"auto","background-attachment":"scroll","background-type":"","background-media":"","overlay-type":"","overlay-color":"","overlay-opacity":"","overlay-gradient":""},"tablet":{"background-color":"var(--ast-global-color-5)","background-image":"","background-repeat":"repeat","background-position":"center center","background-size":"auto","background-attachment":"scroll","background-type":"","background-media":"","overlay-type":"","overlay-color":"","overlay-opacity":"","overlay-gradient":""},"mobile":{"background-color":"var(--ast-global-color-5)","background-image":"","background-repeat":"repeat","background-position":"center center","background-size":"auto","background-attachment":"scroll","background-type":"","background-media":"","overlay-type":"","overlay-color":"","overlay-opacity":"","overlay-gradient":""}},"footnotes":""},"categories":[1,2],"tags":[],"class_list":["post-3371","post","type-post","status-publish","format-standard","has-post-thumbnail","hentry","category-general","category-infantil"],"post_mailing_queue_ids":[],"_links":{"self":[{"href":"https:\/\/agora.xtec.cat\/esc-medipineda\/wp-json\/wp\/v2\/posts\/3371","targetHints":{"allow":["GET"]}}],"collection":[{"href":"https:\/\/agora.xtec.cat\/esc-medipineda\/wp-json\/wp\/v2\/posts"}],"about":[{"href":"https:\/\/agora.xtec.cat\/esc-medipineda\/wp-json\/wp\/v2\/types\/post"}],"author":[{"embeddable":true,"href":"https:\/\/agora.xtec.cat\/esc-medipineda\/wp-json\/wp\/v2\/users\/1"}],"replies":[{"embeddable":true,"href":"https:\/\/agora.xtec.cat\/esc-medipineda\/wp-json\/wp\/v2\/comments?post=3371"}],"version-history":[{"count":1,"href":"https:\/\/agora.xtec.cat\/esc-medipineda\/wp-json\/wp\/v2\/posts\/3371\/revisions"}],"predecessor-version":[{"id":3373,"href":"https:\/\/agora.xtec.cat\/esc-medipineda\/wp-json\/wp\/v2\/posts\/3371\/revisions\/3373"}],"wp:featuredmedia":[{"embeddable":true,"href":"https:\/\/agora.xtec.cat\/esc-medipineda\/wp-json\/wp\/v2\/media\/3372"}],"wp:attachment":[{"href":"https:\/\/agora.xtec.cat\/esc-medipineda\/wp-json\/wp\/v2\/media?parent=3371"}],"wp:term":[{"taxonomy":"category","embeddable":true,"href":"https:\/\/agora.xtec.cat\/esc-medipineda\/wp-json\/wp\/v2\/categories?post=3371"},{"taxonomy":"post_tag","embeddable":true,"href":"https:\/\/agora.xtec.cat\/esc-medipineda\/wp-json\/wp\/v2\/tags?post=3371"}],"curies":[{"name":"wp","href":"https:\/\/api.w.org\/{rel}","templated":true}]}}