{"id":9993,"date":"2023-11-23T15:51:44","date_gmt":"2023-11-23T14:51:44","guid":{"rendered":"https:\/\/agora.xtec.cat\/esc-mdmuntanya\/?p=9993"},"modified":"2025-02-19T10:26:09","modified_gmt":"2025-02-19T09:26:09","slug":"visita-de-les-gallines-de-la-colla-de-diables","status":"publish","type":"post","link":"https:\/\/agora.xtec.cat\/esc-mdmuntanya\/portada\/visita-de-les-gallines-de-la-colla-de-diables\/","title":{"rendered":"VISITA DE LES GALLINES DE LA COLLA DE DIABLES"},"content":{"rendered":"<p>La setmana passada l&#8217;alumnat del menjador vam tenir una visita molt entranyable. Una de les gallines divertides i un dels pollets de la Colla dels Diables d&#8217;Esparreguera van venir a veure als infants d&#8217;educaci\u00f3 infantil i primer cicle. Aquesta trobada est\u00e0 emmarcada dins el centre d&#8217;inter\u00e8s d&#8217;aquest mes: la festa major de Matar\u00f3 i donem una segona vida a la roba.<\/p>\n<p>Ens van explicar que eren cosins del Basilisc de Matar\u00f3 i la hist\u00f2ria del Llagasta. Despr\u00e9s vam poder ballar amb les torxes de foc i vam gaudir d&#8217;una magn\u00edfica festassa.<\/p>\n<p><img loading=\"lazy\" decoding=\"async\" class=\"alignleft size-full wp-image-9994\" src=\"https:\/\/agora.xtec.cat\/esc-mdmuntanya\/wp-content\/uploads\/usu526\/2023\/11\/WhatsApp-Image-2023-11-20-at-09.49.18-1.jpeg\" alt=\"\" width=\"1024\" height=\"768\" srcset=\"https:\/\/agora.xtec.cat\/esc-mdmuntanya\/wp-content\/uploads\/usu526\/2023\/11\/WhatsApp-Image-2023-11-20-at-09.49.18-1.jpeg 1024w, https:\/\/agora.xtec.cat\/esc-mdmuntanya\/wp-content\/uploads\/usu526\/2023\/11\/WhatsApp-Image-2023-11-20-at-09.49.18-1-300x225.jpeg 300w, https:\/\/agora.xtec.cat\/esc-mdmuntanya\/wp-content\/uploads\/usu526\/2023\/11\/WhatsApp-Image-2023-11-20-at-09.49.18-1-768x576.jpeg 768w, https:\/\/agora.xtec.cat\/esc-mdmuntanya\/wp-content\/uploads\/usu526\/2023\/11\/WhatsApp-Image-2023-11-20-at-09.49.18-1-200x150.jpeg 200w\" sizes=\"auto, (max-width: 1024px) 100vw, 1024px\" \/><\/p>\n<p>&nbsp;<\/p>\n","protected":false},"excerpt":{"rendered":"<p>La setmana passada l&#8217;alumnat del menjador vam tenir una visita molt entranyable. Una de les gallines divertides i un dels pollets de la Colla dels Diables d&#8217;Esparreguera van venir a veure als infants d&#8217;educaci\u00f3 infantil i primer cicle. Aquesta trobada est\u00e0 emmarcada dins el centre&hellip;  <a href=\"https:\/\/agora.xtec.cat\/esc-mdmuntanya\/portada\/visita-de-les-gallines-de-la-colla-de-diables\/\" title=\"Read VISITA DE LES GALLINES DE LA COLLA DE DIABLES\">Llegeix m\u00e9s\u00bb<\/a><\/p>\n","protected":false},"author":4,"featured_media":0,"comment_status":"closed","ping_status":"closed","sticky":false,"template":"","format":"standard","meta":{"_bbp_topic_count":0,"_bbp_reply_count":0,"_bbp_total_topic_count":0,"_bbp_total_reply_count":0,"_bbp_voice_count":0,"_bbp_anonymous_reply_count":0,"_bbp_topic_count_hidden":0,"_bbp_reply_count_hidden":0,"_bbp_forum_subforum_count":0,"footnotes":""},"categories":[92,4],"tags":[],"class_list":["post-9993","post","type-post","status-publish","format-standard","hentry","category-activitats-menjador","category-portada"],"post_mailing_queue_ids":[],"_links":{"self":[{"href":"https:\/\/agora.xtec.cat\/esc-mdmuntanya\/wp-json\/wp\/v2\/posts\/9993","targetHints":{"allow":["GET"]}}],"collection":[{"href":"https:\/\/agora.xtec.cat\/esc-mdmuntanya\/wp-json\/wp\/v2\/posts"}],"about":[{"href":"https:\/\/agora.xtec.cat\/esc-mdmuntanya\/wp-json\/wp\/v2\/types\/post"}],"author":[{"embeddable":true,"href":"https:\/\/agora.xtec.cat\/esc-mdmuntanya\/wp-json\/wp\/v2\/users\/4"}],"replies":[{"embeddable":true,"href":"https:\/\/agora.xtec.cat\/esc-mdmuntanya\/wp-json\/wp\/v2\/comments?post=9993"}],"version-history":[{"count":3,"href":"https:\/\/agora.xtec.cat\/esc-mdmuntanya\/wp-json\/wp\/v2\/posts\/9993\/revisions"}],"predecessor-version":[{"id":11018,"href":"https:\/\/agora.xtec.cat\/esc-mdmuntanya\/wp-json\/wp\/v2\/posts\/9993\/revisions\/11018"}],"wp:attachment":[{"href":"https:\/\/agora.xtec.cat\/esc-mdmuntanya\/wp-json\/wp\/v2\/media?parent=9993"}],"wp:term":[{"taxonomy":"category","embeddable":true,"href":"https:\/\/agora.xtec.cat\/esc-mdmuntanya\/wp-json\/wp\/v2\/categories?post=9993"},{"taxonomy":"post_tag","embeddable":true,"href":"https:\/\/agora.xtec.cat\/esc-mdmuntanya\/wp-json\/wp\/v2\/tags?post=9993"}],"curies":[{"name":"wp","href":"https:\/\/api.w.org\/{rel}","templated":true}]}}