{"id":7671,"date":"2021-10-28T07:20:17","date_gmt":"2021-10-28T05:20:17","guid":{"rendered":"https:\/\/agora.xtec.cat\/esc-mdmuntanya\/?p=7671"},"modified":"2022-06-28T13:55:51","modified_gmt":"2022-06-28T11:55:51","slug":"paisos-baixos-menjador","status":"publish","type":"post","link":"https:\/\/agora.xtec.cat\/esc-mdmuntanya\/menjador\/paisos-baixos-menjador\/","title":{"rendered":"PAISOS BAIXOS (MENJADOR)"},"content":{"rendered":"<div id=\":o8\" class=\"ii gt\">\n<div id=\":o7\" class=\"a3s aiL \">\n<div class=\"gmail_quote\"><\/div>\n<\/div>\n<\/div>\n<div dir=\"auto\">\n<p>Divendres 22 d octubre vam compartir al menjador un men\u00fa tipic dels <strong>Pa\u00efsos Baixos<\/strong> i vam parlar de la seva <strong>situaci\u00f3 geogr\u00e0fica<\/strong> i de les<strong> seves costums<\/strong>.Els alumnes de EI i CI van fer una <strong>manualitat d&#8217;un mol\u00ed.<\/strong><\/p>\n<\/div>\n<div id=\":o8\" class=\"ii gt\">\n<div id=\":o7\" class=\"a3s aiL \">\n<div class=\"gmail_quote\">\n<div class=\"yj6qo\"><a href=\"https:\/\/www.flickr.com\/photos\/186112665@N04\/albums\/72157720088979562\"><strong>CLIQUEU AQU\u00cd PER VEURE LES FOTOS<\/strong><\/a><\/div>\n<div><\/div>\n<\/div>\n<\/div>\n<\/div>\n<div class=\"adL\"><\/div>\n<div><\/div>\n<div id=\":o8\" class=\"ii gt\">\n<div id=\":o7\" class=\"a3s aiL \">\n<div class=\"adL\"><\/div>\n<\/div>\n<\/div>\n<div id=\":qw\" class=\"hq gt\"><a href=\"https:\/\/agora.xtec.cat\/esc-mdmuntanya\/wp-content\/uploads\/usu526\/2021\/10\/amsterdam.jpeg\"><img loading=\"lazy\" decoding=\"async\" class=\"aligncenter size-full wp-image-7672\" src=\"https:\/\/agora.xtec.cat\/esc-mdmuntanya\/wp-content\/uploads\/usu526\/2021\/10\/amsterdam.jpeg\" alt=\"\" width=\"1000\" height=\"525\" srcset=\"https:\/\/agora.xtec.cat\/esc-mdmuntanya\/wp-content\/uploads\/usu526\/2021\/10\/amsterdam.jpeg 1000w, https:\/\/agora.xtec.cat\/esc-mdmuntanya\/wp-content\/uploads\/usu526\/2021\/10\/amsterdam-300x158.jpeg 300w, https:\/\/agora.xtec.cat\/esc-mdmuntanya\/wp-content\/uploads\/usu526\/2021\/10\/amsterdam-768x403.jpeg 768w\" sizes=\"auto, (max-width: 1000px) 100vw, 1000px\" \/><\/a><\/div>\n","protected":false},"excerpt":{"rendered":"<p>Divendres 22 d octubre vam compartir al menjador un men\u00fa tipic dels Pa\u00efsos Baixos i vam parlar de la seva situaci\u00f3 geogr\u00e0fica i de les seves costums.Els alumnes de EI i CI van fer una manualitat d&#8217;un mol\u00ed.<\/p>\n<p><a href=\"https:\/\/www.flickr.com\/photos\/186112665@N04\/albums\/72157720088979562\">CLIQUEU AQU\u00cd PER VEURE LES FOTOS<\/a><\/p>\n<p><a href=\"https:\/\/agora.xtec.cat\/esc-mdmuntanya\/wp-content\/uploads\/usu526\/2021\/10\/amsterdam.jpeg\"><\/a><\/p>\n","protected":false},"author":19,"featured_media":0,"comment_status":"closed","ping_status":"closed","sticky":false,"template":"","format":"standard","meta":{"_bbp_topic_count":0,"_bbp_reply_count":0,"_bbp_total_topic_count":0,"_bbp_total_reply_count":0,"_bbp_voice_count":0,"_bbp_anonymous_reply_count":0,"_bbp_topic_count_hidden":0,"_bbp_reply_count_hidden":0,"_bbp_forum_subforum_count":0,"footnotes":""},"categories":[92,91],"tags":[135],"class_list":["post-7671","post","type-post","status-publish","format-standard","hentry","category-activitats-menjador","category-menjador","tag-menjador"],"post_mailing_queue_ids":[],"_links":{"self":[{"href":"https:\/\/agora.xtec.cat\/esc-mdmuntanya\/wp-json\/wp\/v2\/posts\/7671","targetHints":{"allow":["GET"]}}],"collection":[{"href":"https:\/\/agora.xtec.cat\/esc-mdmuntanya\/wp-json\/wp\/v2\/posts"}],"about":[{"href":"https:\/\/agora.xtec.cat\/esc-mdmuntanya\/wp-json\/wp\/v2\/types\/post"}],"author":[{"embeddable":true,"href":"https:\/\/agora.xtec.cat\/esc-mdmuntanya\/wp-json\/wp\/v2\/users\/19"}],"replies":[{"embeddable":true,"href":"https:\/\/agora.xtec.cat\/esc-mdmuntanya\/wp-json\/wp\/v2\/comments?post=7671"}],"version-history":[{"count":3,"href":"https:\/\/agora.xtec.cat\/esc-mdmuntanya\/wp-json\/wp\/v2\/posts\/7671\/revisions"}],"predecessor-version":[{"id":7694,"href":"https:\/\/agora.xtec.cat\/esc-mdmuntanya\/wp-json\/wp\/v2\/posts\/7671\/revisions\/7694"}],"wp:attachment":[{"href":"https:\/\/agora.xtec.cat\/esc-mdmuntanya\/wp-json\/wp\/v2\/media?parent=7671"}],"wp:term":[{"taxonomy":"category","embeddable":true,"href":"https:\/\/agora.xtec.cat\/esc-mdmuntanya\/wp-json\/wp\/v2\/categories?post=7671"},{"taxonomy":"post_tag","embeddable":true,"href":"https:\/\/agora.xtec.cat\/esc-mdmuntanya\/wp-json\/wp\/v2\/tags?post=7671"}],"curies":[{"name":"wp","href":"https:\/\/api.w.org\/{rel}","templated":true}]}}