{"id":7617,"date":"2021-10-21T18:25:55","date_gmt":"2021-10-21T16:25:55","guid":{"rendered":"https:\/\/agora.xtec.cat\/esc-mdmuntanya\/?p=7617"},"modified":"2022-06-28T13:58:21","modified_gmt":"2022-06-28T11:58:21","slug":"menu-dels-paisos-baixos-menjador","status":"publish","type":"post","link":"https:\/\/agora.xtec.cat\/esc-mdmuntanya\/menjador\/menu-dels-paisos-baixos-menjador\/","title":{"rendered":"MEN\u00da DELS PA\u00cfSOS BAIXOS (Menjador)"},"content":{"rendered":"<p>Avui, divendres 22 d&#8217;octubre, des del servei de menjador fem un <strong>men\u00fa tradicional dels Pa\u00efsos Baixos<\/strong>.<\/p>\n<p>L<strong>&#8216;Imanol<\/strong>, monitor del curs passat, est\u00e0 vivint en aquell pa\u00eds i us vol fer cinc c\u00e8ntims de com \u00e9s la seva capital i els seus costums gastron\u00f2mics. <a href=\"https:\/\/drive.google.com\/file\/d\/1Xj_uDoZLMwvTjtcFu4-PcrEoBzu9RPYu\/view?usp=sharing\" target=\"_blank\" rel=\"noopener\"><strong>Cliqueu la seva imatge<\/strong><\/a> i sabreu moltes coses sobre aquest pa\u00eds.<\/p>\n<p>Molt bon profit!<\/p>\n<p><a href=\"https:\/\/drive.google.com\/file\/d\/1Xj_uDoZLMwvTjtcFu4-PcrEoBzu9RPYu\/view?usp=sharing\" target=\"_blank\" rel=\"noopener\"><img loading=\"lazy\" decoding=\"async\" class=\"alignleft wp-image-7618 size-full\" src=\"https:\/\/agora.xtec.cat\/esc-mdmuntanya\/wp-content\/uploads\/usu526\/2021\/10\/Diseno-sin-titulo.png\" alt=\"\" width=\"1000\" height=\"1000\" srcset=\"https:\/\/agora.xtec.cat\/esc-mdmuntanya\/wp-content\/uploads\/usu526\/2021\/10\/Diseno-sin-titulo.png 1000w, https:\/\/agora.xtec.cat\/esc-mdmuntanya\/wp-content\/uploads\/usu526\/2021\/10\/Diseno-sin-titulo-300x300.png 300w, https:\/\/agora.xtec.cat\/esc-mdmuntanya\/wp-content\/uploads\/usu526\/2021\/10\/Diseno-sin-titulo-150x150.png 150w, https:\/\/agora.xtec.cat\/esc-mdmuntanya\/wp-content\/uploads\/usu526\/2021\/10\/Diseno-sin-titulo-768x768.png 768w\" sizes=\"auto, (max-width: 1000px) 100vw, 1000px\" \/><\/a><\/p>\n<p>&nbsp;<\/p>\n","protected":false},"excerpt":{"rendered":"<p>Avui, divendres 22 d&#8217;octubre, des del servei de menjador fem un men\u00fa tradicional dels Pa\u00efsos Baixos.<br \/>\nL&#8216;Imanol, monitor del curs passat, est\u00e0 vivint en aquell pa\u00eds i us vol fer cinc c\u00e8ntims de com \u00e9s la seva capital i els seus costums gastron\u00f2mics. <a href=\"https:\/\/drive.google.com\/file\/d\/1Xj_uDoZLMwvTjtcFu4-PcrEoBzu9RPYu\/view?usp=sharing\" target=\"_blank\"&hellip;  <a href=\"https:\/\/agora.xtec.cat\/esc-mdmuntanya\/menjador\/menu-dels-paisos-baixos-menjador\/\" title=\"Read MEN\u00da DELS PA\u00cfSOS BAIXOS (Menjador)\">Llegeix m\u00e9s\u00bb<\/a><\/p>\n","protected":false},"author":4,"featured_media":0,"comment_status":"closed","ping_status":"closed","sticky":false,"template":"","format":"standard","meta":{"_bbp_topic_count":0,"_bbp_reply_count":0,"_bbp_total_topic_count":0,"_bbp_total_reply_count":0,"_bbp_voice_count":0,"_bbp_anonymous_reply_count":0,"_bbp_topic_count_hidden":0,"_bbp_reply_count_hidden":0,"_bbp_forum_subforum_count":0,"footnotes":""},"categories":[92,91],"tags":[135],"class_list":["post-7617","post","type-post","status-publish","format-standard","hentry","category-activitats-menjador","category-menjador","tag-menjador"],"post_mailing_queue_ids":[],"_links":{"self":[{"href":"https:\/\/agora.xtec.cat\/esc-mdmuntanya\/wp-json\/wp\/v2\/posts\/7617","targetHints":{"allow":["GET"]}}],"collection":[{"href":"https:\/\/agora.xtec.cat\/esc-mdmuntanya\/wp-json\/wp\/v2\/posts"}],"about":[{"href":"https:\/\/agora.xtec.cat\/esc-mdmuntanya\/wp-json\/wp\/v2\/types\/post"}],"author":[{"embeddable":true,"href":"https:\/\/agora.xtec.cat\/esc-mdmuntanya\/wp-json\/wp\/v2\/users\/4"}],"replies":[{"embeddable":true,"href":"https:\/\/agora.xtec.cat\/esc-mdmuntanya\/wp-json\/wp\/v2\/comments?post=7617"}],"version-history":[{"count":1,"href":"https:\/\/agora.xtec.cat\/esc-mdmuntanya\/wp-json\/wp\/v2\/posts\/7617\/revisions"}],"predecessor-version":[{"id":7619,"href":"https:\/\/agora.xtec.cat\/esc-mdmuntanya\/wp-json\/wp\/v2\/posts\/7617\/revisions\/7619"}],"wp:attachment":[{"href":"https:\/\/agora.xtec.cat\/esc-mdmuntanya\/wp-json\/wp\/v2\/media?parent=7617"}],"wp:term":[{"taxonomy":"category","embeddable":true,"href":"https:\/\/agora.xtec.cat\/esc-mdmuntanya\/wp-json\/wp\/v2\/categories?post=7617"},{"taxonomy":"post_tag","embeddable":true,"href":"https:\/\/agora.xtec.cat\/esc-mdmuntanya\/wp-json\/wp\/v2\/tags?post=7617"}],"curies":[{"name":"wp","href":"https:\/\/api.w.org\/{rel}","templated":true}]}}