{"id":10025,"date":"2023-12-14T15:52:18","date_gmt":"2023-12-14T14:52:18","guid":{"rendered":"https:\/\/agora.xtec.cat\/esc-mdmuntanya\/?p=10025"},"modified":"2025-02-19T10:29:24","modified_gmt":"2025-02-19T09:29:24","slug":"autoservei-a-lestona-de-menjador","status":"publish","type":"post","link":"https:\/\/agora.xtec.cat\/esc-mdmuntanya\/portada\/autoservei-a-lestona-de-menjador\/","title":{"rendered":"AUTOSERVEI A L&#8217;ESTONA DE MENJADOR"},"content":{"rendered":"<p>Els nens i nenes de l&#8217;escola ja han comen\u00e7at el <strong>projecte d&#8217;autoservei a l&#8217;estona de menjador<\/strong>\ud83c\udf74<\/p>\n<p><span class=\"\"><span class=\"\"><strong>Som valors<\/strong><\/span><\/span> acompanya aix\u00ed als infants a <strong>aprendre a decidir de forma aut\u00f2noma i responsable<\/strong>, atenent a la seva sensaci\u00f3 de sacietat i permetent que facin previsions del que creuen que es menjaran. Tot plegat els ajudar\u00e0 a ser m\u00e9s conseq\u00fcents i responsables.<\/p>\n<p>D&#8217;aquesta manera es podr\u00e0 treballar tamb\u00e9 sobre la <strong>consci\u00e8ncia<\/strong> i la<strong> lluita contra el malbaratament alimentari<\/strong> i el seu impacte en la nostra societat.<\/p>\n<p><img decoding=\"async\" loading=\"lazy\" class=\"alignleft size-full wp-image-10026\" src=\"https:\/\/agora.xtec.cat\/esc-mdmuntanya\/wp-content\/uploads\/usu526\/2023\/12\/WhatsApp-Image-2023-12-01-at-12.46.24.jpeg\" alt=\"\" width=\"1600\" height=\"1057\" srcset=\"https:\/\/agora.xtec.cat\/esc-mdmuntanya\/wp-content\/uploads\/usu526\/2023\/12\/WhatsApp-Image-2023-12-01-at-12.46.24.jpeg 1600w, https:\/\/agora.xtec.cat\/esc-mdmuntanya\/wp-content\/uploads\/usu526\/2023\/12\/WhatsApp-Image-2023-12-01-at-12.46.24-300x198.jpeg 300w, https:\/\/agora.xtec.cat\/esc-mdmuntanya\/wp-content\/uploads\/usu526\/2023\/12\/WhatsApp-Image-2023-12-01-at-12.46.24-1024x676.jpeg 1024w, https:\/\/agora.xtec.cat\/esc-mdmuntanya\/wp-content\/uploads\/usu526\/2023\/12\/WhatsApp-Image-2023-12-01-at-12.46.24-768x507.jpeg 768w, https:\/\/agora.xtec.cat\/esc-mdmuntanya\/wp-content\/uploads\/usu526\/2023\/12\/WhatsApp-Image-2023-12-01-at-12.46.24-1536x1015.jpeg 1536w\" sizes=\"auto, (max-width: 1600px) 100vw, 1600px\" \/><\/p>\n","protected":false},"excerpt":{"rendered":"<p>Els nens i nenes de l&#8217;escola ja han comen\u00e7at el projecte d&#8217;autoservei a l&#8217;estona de menjador\ud83c\udf74<br \/>\nSom valors acompanya aix\u00ed als infants a aprendre a decidir de forma aut\u00f2noma i responsable, atenent a la seva sensaci\u00f3 de sacietat i permetent que facin previsions del que creuen&hellip;  <a href=\"https:\/\/agora.xtec.cat\/esc-mdmuntanya\/portada\/autoservei-a-lestona-de-menjador\/\" title=\"Read AUTOSERVEI A L&#8217;ESTONA DE MENJADOR\">Llegeix m\u00e9s\u00bb<\/a><\/p>\n","protected":false},"author":4,"featured_media":0,"comment_status":"closed","ping_status":"closed","sticky":false,"template":"","format":"standard","meta":{"_bbp_topic_count":0,"_bbp_reply_count":0,"_bbp_total_topic_count":0,"_bbp_total_reply_count":0,"_bbp_voice_count":0,"_bbp_anonymous_reply_count":0,"_bbp_topic_count_hidden":0,"_bbp_reply_count_hidden":0,"_bbp_forum_subforum_count":0,"footnotes":""},"categories":[92,4],"tags":[],"class_list":["post-10025","post","type-post","status-publish","format-standard","hentry","category-activitats-menjador","category-portada"],"post_mailing_queue_ids":[],"_links":{"self":[{"href":"https:\/\/agora.xtec.cat\/esc-mdmuntanya\/wp-json\/wp\/v2\/posts\/10025","targetHints":{"allow":["GET"]}}],"collection":[{"href":"https:\/\/agora.xtec.cat\/esc-mdmuntanya\/wp-json\/wp\/v2\/posts"}],"about":[{"href":"https:\/\/agora.xtec.cat\/esc-mdmuntanya\/wp-json\/wp\/v2\/types\/post"}],"author":[{"embeddable":true,"href":"https:\/\/agora.xtec.cat\/esc-mdmuntanya\/wp-json\/wp\/v2\/users\/4"}],"replies":[{"embeddable":true,"href":"https:\/\/agora.xtec.cat\/esc-mdmuntanya\/wp-json\/wp\/v2\/comments?post=10025"}],"version-history":[{"count":5,"href":"https:\/\/agora.xtec.cat\/esc-mdmuntanya\/wp-json\/wp\/v2\/posts\/10025\/revisions"}],"predecessor-version":[{"id":11025,"href":"https:\/\/agora.xtec.cat\/esc-mdmuntanya\/wp-json\/wp\/v2\/posts\/10025\/revisions\/11025"}],"wp:attachment":[{"href":"https:\/\/agora.xtec.cat\/esc-mdmuntanya\/wp-json\/wp\/v2\/media?parent=10025"}],"wp:term":[{"taxonomy":"category","embeddable":true,"href":"https:\/\/agora.xtec.cat\/esc-mdmuntanya\/wp-json\/wp\/v2\/categories?post=10025"},{"taxonomy":"post_tag","embeddable":true,"href":"https:\/\/agora.xtec.cat\/esc-mdmuntanya\/wp-json\/wp\/v2\/tags?post=10025"}],"curies":[{"name":"wp","href":"https:\/\/api.w.org\/{rel}","templated":true}]}}