{"id":8350,"date":"2026-09-02T13:28:17","date_gmt":"2026-09-02T11:28:17","guid":{"rendered":"https:\/\/agora.xtec.cat\/esc-massanet\/?p=8350"},"modified":"2026-09-02T13:28:17","modified_gmt":"2026-09-02T11:28:17","slug":"reunio-de-families-i3","status":"publish","type":"post","link":"https:\/\/agora.xtec.cat\/esc-massanet\/general\/reunio-de-families-i3\/","title":{"rendered":"REUNI\u00d3 de fam\u00edlies i3"},"content":{"rendered":"<p class=\"isSelectedEnd\">El dia <strong>2 de setembre<\/strong> hem portat a terme la reuni\u00f3 d\u2019inici de curs amb les fam\u00edlies d\u2019<strong>I3<\/strong>.<\/p>\n<p class=\"isSelectedEnd\">Ja podeu consultar la <strong>presentaci\u00f3 de la reuni\u00f3<\/strong>, on trobareu informaci\u00f3 sobre l\u2019organitzaci\u00f3 del curs, el dia a dia a l\u2019aula, les propostes educatives i altres aspectes importants d\u2019aquesta nova etapa.<\/p>\n<p><strong>Podeu consultar la presentaci\u00f3 a continuaci\u00f3.<\/strong><\/p>\n<p style=\"text-align: center\"><a href=\"https:\/\/agora.xtec.cat\/esc-massanet\/wp-content\/uploads\/usu2095\/2026\/09\/INFANTILReunio-families-curs-26-27-2.pdf\">Reuni\u00f3 fam\u00edlies curs 26-27\u00a0<\/a><\/p>\n","protected":false},"excerpt":{"rendered":"<p>El dia 2 de setembre hem portat a terme la reuni\u00f3 d\u2019inici de curs amb les fam\u00edlies d\u2019I3.<br \/>\nJa podeu consultar la presentaci\u00f3 de la reuni\u00f3, on trobareu informaci\u00f3 sobre l\u2019organitzaci\u00f3 del curs, el dia a dia a l\u2019aula, les propostes educatives i altres aspectes importants&hellip;  <a href=\"https:\/\/agora.xtec.cat\/esc-massanet\/general\/reunio-de-families-i3\/\" title=\"Read REUNI\u00d3 de fam\u00edlies i3\">Llegeix m\u00e9s\u00bb<\/a><\/p>\n","protected":false},"author":65,"featured_media":8353,"comment_status":"open","ping_status":"open","sticky":false,"template":"","format":"standard","meta":{"_bbp_topic_count":0,"_bbp_reply_count":0,"_bbp_total_topic_count":0,"_bbp_total_reply_count":0,"_bbp_voice_count":0,"_bbp_anonymous_reply_count":0,"_bbp_topic_count_hidden":0,"_bbp_reply_count_hidden":0,"_bbp_forum_subforum_count":0,"footnotes":""},"categories":[1,2,9,8,3,4],"tags":[],"class_list":["post-8350","post","type-post","status-publish","format-standard","has-post-thumbnail","hentry","category-general","category-infantil","category-inf-mb","category-inf-pm","category-inf-stj","category-portada"],"post_mailing_queue_ids":[],"_links":{"self":[{"href":"https:\/\/agora.xtec.cat\/esc-massanet\/wp-json\/wp\/v2\/posts\/8350","targetHints":{"allow":["GET"]}}],"collection":[{"href":"https:\/\/agora.xtec.cat\/esc-massanet\/wp-json\/wp\/v2\/posts"}],"about":[{"href":"https:\/\/agora.xtec.cat\/esc-massanet\/wp-json\/wp\/v2\/types\/post"}],"author":[{"embeddable":true,"href":"https:\/\/agora.xtec.cat\/esc-massanet\/wp-json\/wp\/v2\/users\/65"}],"replies":[{"embeddable":true,"href":"https:\/\/agora.xtec.cat\/esc-massanet\/wp-json\/wp\/v2\/comments?post=8350"}],"version-history":[{"count":1,"href":"https:\/\/agora.xtec.cat\/esc-massanet\/wp-json\/wp\/v2\/posts\/8350\/revisions"}],"predecessor-version":[{"id":8354,"href":"https:\/\/agora.xtec.cat\/esc-massanet\/wp-json\/wp\/v2\/posts\/8350\/revisions\/8354"}],"wp:featuredmedia":[{"embeddable":true,"href":"https:\/\/agora.xtec.cat\/esc-massanet\/wp-json\/wp\/v2\/media\/8353"}],"wp:attachment":[{"href":"https:\/\/agora.xtec.cat\/esc-massanet\/wp-json\/wp\/v2\/media?parent=8350"}],"wp:term":[{"taxonomy":"category","embeddable":true,"href":"https:\/\/agora.xtec.cat\/esc-massanet\/wp-json\/wp\/v2\/categories?post=8350"},{"taxonomy":"post_tag","embeddable":true,"href":"https:\/\/agora.xtec.cat\/esc-massanet\/wp-json\/wp\/v2\/tags?post=8350"}],"curies":[{"name":"wp","href":"https:\/\/api.w.org\/{rel}","templated":true}]}}