{"id":8151,"date":"2026-03-09T13:05:40","date_gmt":"2026-03-09T12:05:40","guid":{"rendered":"https:\/\/agora.xtec.cat\/esc-massanet\/?p=8151"},"modified":"2026-03-09T13:05:40","modified_gmt":"2026-03-09T12:05:40","slug":"dia-de-la-dona-8-de-marc","status":"publish","type":"post","link":"https:\/\/agora.xtec.cat\/esc-massanet\/infantil\/dia-de-la-dona-8-de-marc\/","title":{"rendered":"DIA DE LA DONA (8 DE MAR\u00c7)"},"content":{"rendered":"<p>Durant la primera setmana de mar\u00e7, els diferents grups d\u2019infants de l\u2019escola han realitzat a les seves aules diverses activitats relacionades amb el Dia Internacional de la Dona.<\/p>\n<p>Una de les propostes ha estat la projecci\u00f3 d\u2019un v\u00eddeo protagonitzat per diferents dones del poble de Ma\u00e7anet de la Selva, que expliquen els treballs, esports i accions que duen a terme en el seu dia a dia, posant en valor la seva tasca i el seu paper dins la comunitat. Molts infants han pogut recon\u00e8ixer algunes de les protagonistes, ja que formen part del seu entorn m\u00e9s proper.<\/p>\n<p>A m\u00e9s, cada classe ha treballat una paraula que representa valors i drets pels quals les dones han lluitat al llarg del temps i continuen reivindicant avui en dia. Aquestes paraules s\u2019han penjat en un arbre situat al hall de prim\u00e0ria, creant aix\u00ed una representaci\u00f3 simb\u00f2lica i compartida de tot all\u00f2 que implica aquesta jornada tan significativa.<a href=\"https:\/\/agora.xtec.cat\/esc-massanet\/wp-content\/uploads\/usu2095\/2026\/03\/8-DE-MARC-1.png\"><img loading=\"lazy\" decoding=\"async\" class=\"alignnone size-large wp-image-8152\" src=\"https:\/\/agora.xtec.cat\/esc-massanet\/wp-content\/uploads\/usu2095\/2026\/03\/8-DE-MARC-1-1024x819.png\" alt=\"\" width=\"1024\" height=\"819\" srcset=\"https:\/\/agora.xtec.cat\/esc-massanet\/wp-content\/uploads\/usu2095\/2026\/03\/8-DE-MARC-1-1024x819.png 1024w, https:\/\/agora.xtec.cat\/esc-massanet\/wp-content\/uploads\/usu2095\/2026\/03\/8-DE-MARC-1-300x240.png 300w, https:\/\/agora.xtec.cat\/esc-massanet\/wp-content\/uploads\/usu2095\/2026\/03\/8-DE-MARC-1-768x614.png 768w, https:\/\/agora.xtec.cat\/esc-massanet\/wp-content\/uploads\/usu2095\/2026\/03\/8-DE-MARC-1-1536x1229.png 1536w, https:\/\/agora.xtec.cat\/esc-massanet\/wp-content\/uploads\/usu2095\/2026\/03\/8-DE-MARC-1.png 2000w\" sizes=\"auto, (max-width: 1024px) 100vw, 1024px\" \/><\/a><\/p>\n","protected":false},"excerpt":{"rendered":"<p>Durant la primera setmana de mar\u00e7, els diferents grups d\u2019infants de l\u2019escola han realitzat a les seves aules diverses activitats relacionades amb el Dia Internacional de la Dona.<br \/>\nUna de les propostes ha estat la projecci\u00f3 d\u2019un v\u00eddeo protagonitzat per diferents dones del poble de Ma\u00e7anet&hellip;  <a href=\"https:\/\/agora.xtec.cat\/esc-massanet\/infantil\/dia-de-la-dona-8-de-marc\/\" title=\"Read DIA DE LA DONA (8 DE MAR\u00c7)\">Llegeix m\u00e9s\u00bb<\/a><\/p>\n","protected":false},"author":65,"featured_media":8152,"comment_status":"open","ping_status":"open","sticky":false,"template":"","format":"standard","meta":{"_bbp_topic_count":0,"_bbp_reply_count":0,"_bbp_total_topic_count":0,"_bbp_total_reply_count":0,"_bbp_voice_count":0,"_bbp_anonymous_reply_count":0,"_bbp_topic_count_hidden":0,"_bbp_reply_count_hidden":0,"_bbp_forum_subforum_count":0,"footnotes":""},"categories":[2,9,8,3,4],"tags":[],"class_list":["post-8151","post","type-post","status-publish","format-standard","has-post-thumbnail","hentry","category-infantil","category-inf-mb","category-inf-pm","category-inf-stj","category-portada"],"post_mailing_queue_ids":[],"_links":{"self":[{"href":"https:\/\/agora.xtec.cat\/esc-massanet\/wp-json\/wp\/v2\/posts\/8151","targetHints":{"allow":["GET"]}}],"collection":[{"href":"https:\/\/agora.xtec.cat\/esc-massanet\/wp-json\/wp\/v2\/posts"}],"about":[{"href":"https:\/\/agora.xtec.cat\/esc-massanet\/wp-json\/wp\/v2\/types\/post"}],"author":[{"embeddable":true,"href":"https:\/\/agora.xtec.cat\/esc-massanet\/wp-json\/wp\/v2\/users\/65"}],"replies":[{"embeddable":true,"href":"https:\/\/agora.xtec.cat\/esc-massanet\/wp-json\/wp\/v2\/comments?post=8151"}],"version-history":[{"count":2,"href":"https:\/\/agora.xtec.cat\/esc-massanet\/wp-json\/wp\/v2\/posts\/8151\/revisions"}],"predecessor-version":[{"id":8154,"href":"https:\/\/agora.xtec.cat\/esc-massanet\/wp-json\/wp\/v2\/posts\/8151\/revisions\/8154"}],"wp:featuredmedia":[{"embeddable":true,"href":"https:\/\/agora.xtec.cat\/esc-massanet\/wp-json\/wp\/v2\/media\/8152"}],"wp:attachment":[{"href":"https:\/\/agora.xtec.cat\/esc-massanet\/wp-json\/wp\/v2\/media?parent=8151"}],"wp:term":[{"taxonomy":"category","embeddable":true,"href":"https:\/\/agora.xtec.cat\/esc-massanet\/wp-json\/wp\/v2\/categories?post=8151"},{"taxonomy":"post_tag","embeddable":true,"href":"https:\/\/agora.xtec.cat\/esc-massanet\/wp-json\/wp\/v2\/tags?post=8151"}],"curies":[{"name":"wp","href":"https:\/\/api.w.org\/{rel}","templated":true}]}}