{"id":8117,"date":"2026-02-17T09:00:51","date_gmt":"2026-02-17T08:00:51","guid":{"rendered":"https:\/\/agora.xtec.cat\/esc-massanet\/?p=8117"},"modified":"2026-02-17T06:06:44","modified_gmt":"2026-02-17T05:06:44","slug":"concurs-de-lectura-en-veu-alta","status":"publish","type":"post","link":"https:\/\/agora.xtec.cat\/esc-massanet\/portada\/concurs-de-lectura-en-veu-alta\/","title":{"rendered":"CONCURS DE LECTURA EN VEU ALTA"},"content":{"rendered":"<p>La setmana passada a l&#8217;escola vam dur a terme el concurs de lectura de lectura en veu alta intern.<\/p>\n<p data-start=\"454\" data-end=\"876\">&#8220;Llegir en veu alta obliga a l\u2019alumnat a anar m\u00e9s enll\u00e0 de la simple descodificaci\u00f3 del text. Cal comprendre\u2019l, interpretar-lo i transmetre\u2019n el sentit amb una entonaci\u00f3 adequada, un ritme coherent i una pronunciaci\u00f3 acurada. Aquest proc\u00e9s afavoreix una comprensi\u00f3 m\u00e9s profunda i fomenta una lectura m\u00e9s conscient i expressiva. A m\u00e9s, treballa aspectes fonamentals com la vocalitzaci\u00f3, la flu\u00efdesa i el domini del vocabulari.<\/p>\n<p data-start=\"454\" data-end=\"876\">Un altre benefici destacable \u00e9s el desenvolupament de les habilitats comunicatives. Enfrontar-se a un p\u00fablic \u2014encara que sigui el propi grup classe\u2014 ajuda a guanyar seguretat, a gestionar els nervis i a millorar l\u2019expressi\u00f3 oral. Aquestes compet\u00e8ncies s\u00f3n essencials no nom\u00e9s en l\u2019\u00e0mbit acad\u00e8mic, sin\u00f3 tamb\u00e9 en la vida quotidiana.<\/p>\n<p data-start=\"1210\" data-end=\"1505\">Finalment, la lectura en veu alta crea comunitat. Compartir hist\u00f2ries, emocions i paraules refor\u00e7a el vincle entre companys i desperta el gust per la literatura. Projectes com Veualta contribueixen a mantenir viva la llengua catalana, fent-la present, sonora i compartida dins i fora de l\u2019aula.<\/p>\n<p data-start=\"1507\" data-end=\"1686\" data-is-last-node=\"\" data-is-only-node=\"\">Amb iniciatives com aquesta, la lectura esdev\u00e9 una experi\u00e8ncia col\u00b7lectiva que ens enriqueix a tots i que consolida l\u2019escola com a espai de cultura, llengua i creixement personal.&#8221;<a href=\"https:\/\/agora.xtec.cat\/esc-massanet\/wp-content\/uploads\/usu2095\/2026\/02\/WhatsApp-Image-2026-02-17-at-05.26.08-1.jpeg\"><img loading=\"lazy\" decoding=\"async\" class=\"size-medium wp-image-8118 aligncenter\" src=\"https:\/\/agora.xtec.cat\/esc-massanet\/wp-content\/uploads\/usu2095\/2026\/02\/WhatsApp-Image-2026-02-17-at-05.26.08-1-300x225.jpeg\" alt=\"\" width=\"300\" height=\"225\" srcset=\"https:\/\/agora.xtec.cat\/esc-massanet\/wp-content\/uploads\/usu2095\/2026\/02\/WhatsApp-Image-2026-02-17-at-05.26.08-1-300x225.jpeg 300w, https:\/\/agora.xtec.cat\/esc-massanet\/wp-content\/uploads\/usu2095\/2026\/02\/WhatsApp-Image-2026-02-17-at-05.26.08-1-1024x768.jpeg 1024w, https:\/\/agora.xtec.cat\/esc-massanet\/wp-content\/uploads\/usu2095\/2026\/02\/WhatsApp-Image-2026-02-17-at-05.26.08-1-768x576.jpeg 768w, https:\/\/agora.xtec.cat\/esc-massanet\/wp-content\/uploads\/usu2095\/2026\/02\/WhatsApp-Image-2026-02-17-at-05.26.08-1-1536x1152.jpeg 1536w, https:\/\/agora.xtec.cat\/esc-massanet\/wp-content\/uploads\/usu2095\/2026\/02\/WhatsApp-Image-2026-02-17-at-05.26.08-1-200x150.jpeg 200w, https:\/\/agora.xtec.cat\/esc-massanet\/wp-content\/uploads\/usu2095\/2026\/02\/WhatsApp-Image-2026-02-17-at-05.26.08-1.jpeg 2048w\" sizes=\"auto, (max-width: 300px) 100vw, 300px\" \/><\/a> <a href=\"https:\/\/agora.xtec.cat\/esc-massanet\/wp-content\/uploads\/usu2095\/2026\/02\/WhatsApp-Image-2026-02-17-at-05.26.08-5.jpeg\"><img loading=\"lazy\" decoding=\"async\" class=\"size-medium wp-image-8119 aligncenter\" src=\"https:\/\/agora.xtec.cat\/esc-massanet\/wp-content\/uploads\/usu2095\/2026\/02\/WhatsApp-Image-2026-02-17-at-05.26.08-5-300x225.jpeg\" alt=\"\" width=\"300\" height=\"225\" srcset=\"https:\/\/agora.xtec.cat\/esc-massanet\/wp-content\/uploads\/usu2095\/2026\/02\/WhatsApp-Image-2026-02-17-at-05.26.08-5-300x225.jpeg 300w, https:\/\/agora.xtec.cat\/esc-massanet\/wp-content\/uploads\/usu2095\/2026\/02\/WhatsApp-Image-2026-02-17-at-05.26.08-5-1024x768.jpeg 1024w, https:\/\/agora.xtec.cat\/esc-massanet\/wp-content\/uploads\/usu2095\/2026\/02\/WhatsApp-Image-2026-02-17-at-05.26.08-5-768x576.jpeg 768w, https:\/\/agora.xtec.cat\/esc-massanet\/wp-content\/uploads\/usu2095\/2026\/02\/WhatsApp-Image-2026-02-17-at-05.26.08-5-1536x1152.jpeg 1536w, https:\/\/agora.xtec.cat\/esc-massanet\/wp-content\/uploads\/usu2095\/2026\/02\/WhatsApp-Image-2026-02-17-at-05.26.08-5-200x150.jpeg 200w, https:\/\/agora.xtec.cat\/esc-massanet\/wp-content\/uploads\/usu2095\/2026\/02\/WhatsApp-Image-2026-02-17-at-05.26.08-5.jpeg 1600w\" sizes=\"auto, (max-width: 300px) 100vw, 300px\" \/><\/a><\/p>\n","protected":false},"excerpt":{"rendered":"<p>La setmana passada a l&#8217;escola vam dur a terme el concurs de lectura de lectura en veu alta intern.<br \/>\n&#8220;Llegir en veu alta obliga a l\u2019alumnat a anar m\u00e9s enll\u00e0 de la simple descodificaci\u00f3 del text. Cal comprendre\u2019l, interpretar-lo i transmetre\u2019n el sentit amb una entonaci\u00f3&hellip;  <a href=\"https:\/\/agora.xtec.cat\/esc-massanet\/portada\/concurs-de-lectura-en-veu-alta\/\" title=\"Read CONCURS DE LECTURA EN VEU ALTA\">Llegeix m\u00e9s\u00bb<\/a><\/p>\n","protected":false},"author":68,"featured_media":8118,"comment_status":"open","ping_status":"open","sticky":false,"template":"","format":"standard","meta":{"_bbp_topic_count":0,"_bbp_reply_count":0,"_bbp_total_topic_count":0,"_bbp_total_reply_count":0,"_bbp_voice_count":0,"_bbp_anonymous_reply_count":0,"_bbp_topic_count_hidden":0,"_bbp_reply_count_hidden":0,"_bbp_forum_subforum_count":0,"footnotes":""},"categories":[11,4,5],"tags":[],"class_list":["post-8117","post","type-post","status-publish","format-standard","has-post-thumbnail","hentry","category-2n","category-portada","category-primaria"],"post_mailing_queue_ids":[],"_links":{"self":[{"href":"https:\/\/agora.xtec.cat\/esc-massanet\/wp-json\/wp\/v2\/posts\/8117","targetHints":{"allow":["GET"]}}],"collection":[{"href":"https:\/\/agora.xtec.cat\/esc-massanet\/wp-json\/wp\/v2\/posts"}],"about":[{"href":"https:\/\/agora.xtec.cat\/esc-massanet\/wp-json\/wp\/v2\/types\/post"}],"author":[{"embeddable":true,"href":"https:\/\/agora.xtec.cat\/esc-massanet\/wp-json\/wp\/v2\/users\/68"}],"replies":[{"embeddable":true,"href":"https:\/\/agora.xtec.cat\/esc-massanet\/wp-json\/wp\/v2\/comments?post=8117"}],"version-history":[{"count":3,"href":"https:\/\/agora.xtec.cat\/esc-massanet\/wp-json\/wp\/v2\/posts\/8117\/revisions"}],"predecessor-version":[{"id":8122,"href":"https:\/\/agora.xtec.cat\/esc-massanet\/wp-json\/wp\/v2\/posts\/8117\/revisions\/8122"}],"wp:featuredmedia":[{"embeddable":true,"href":"https:\/\/agora.xtec.cat\/esc-massanet\/wp-json\/wp\/v2\/media\/8118"}],"wp:attachment":[{"href":"https:\/\/agora.xtec.cat\/esc-massanet\/wp-json\/wp\/v2\/media?parent=8117"}],"wp:term":[{"taxonomy":"category","embeddable":true,"href":"https:\/\/agora.xtec.cat\/esc-massanet\/wp-json\/wp\/v2\/categories?post=8117"},{"taxonomy":"post_tag","embeddable":true,"href":"https:\/\/agora.xtec.cat\/esc-massanet\/wp-json\/wp\/v2\/tags?post=8117"}],"curies":[{"name":"wp","href":"https:\/\/api.w.org\/{rel}","templated":true}]}}