{"id":8112,"date":"2026-02-12T13:20:03","date_gmt":"2026-02-12T12:20:03","guid":{"rendered":"https:\/\/agora.xtec.cat\/esc-massanet\/?p=8112"},"modified":"2026-02-12T13:20:03","modified_gmt":"2026-02-12T12:20:03","slug":"dia-escolar-de-la-no-violencia-i-la-pau","status":"publish","type":"post","link":"https:\/\/agora.xtec.cat\/esc-massanet\/infantil\/dia-escolar-de-la-no-violencia-i-la-pau\/","title":{"rendered":"Dia escolar de la No-viol\u00e8ncia i la Pau"},"content":{"rendered":"<p data-start=\"82\" data-end=\"331\">El passat 30 de gener vam celebrar a l\u2019escola el Dia Escolar de la No-viol\u00e8ncia i la Pau amb una activitat molt especial. Padrins i fillols vam elaborar junts un mural fet amb les nostres mans dibuixades, com a s\u00edmbol de comprom\u00eds amb la pau i el respecte.<\/p>\n<p data-start=\"333\" data-end=\"552\">Despr\u00e9s, vam anar al pati per escoltar als alumnes de tercer, que ens van recitar un poema molt emotiu. Per acabar la celebraci\u00f3, vam cantar una can\u00e7\u00f3 tots junts i ens vam fer una fotografia de grup amb el nostre mural.\u00a0Va ser una jornada plena de conviv\u00e8ncia i bons valors. Felicitats!!!<\/p>\n<p data-start=\"333\" data-end=\"552\"><a href=\"https:\/\/agora.xtec.cat\/esc-massanet\/wp-content\/uploads\/usu2095\/2026\/02\/Post-de-Instagram-Recuerdos-Vacaciones-Amigos-Fotos-Scrapbook-Amarillo.jpg\"><img loading=\"lazy\" decoding=\"async\" class=\"alignnone size-large wp-image-8113\" src=\"https:\/\/agora.xtec.cat\/esc-massanet\/wp-content\/uploads\/usu2095\/2026\/02\/Post-de-Instagram-Recuerdos-Vacaciones-Amigos-Fotos-Scrapbook-Amarillo-819x1024.jpg\" alt=\"\" width=\"819\" height=\"1024\" srcset=\"https:\/\/agora.xtec.cat\/esc-massanet\/wp-content\/uploads\/usu2095\/2026\/02\/Post-de-Instagram-Recuerdos-Vacaciones-Amigos-Fotos-Scrapbook-Amarillo-819x1024.jpg 819w, https:\/\/agora.xtec.cat\/esc-massanet\/wp-content\/uploads\/usu2095\/2026\/02\/Post-de-Instagram-Recuerdos-Vacaciones-Amigos-Fotos-Scrapbook-Amarillo-240x300.jpg 240w, https:\/\/agora.xtec.cat\/esc-massanet\/wp-content\/uploads\/usu2095\/2026\/02\/Post-de-Instagram-Recuerdos-Vacaciones-Amigos-Fotos-Scrapbook-Amarillo-768x960.jpg 768w, https:\/\/agora.xtec.cat\/esc-massanet\/wp-content\/uploads\/usu2095\/2026\/02\/Post-de-Instagram-Recuerdos-Vacaciones-Amigos-Fotos-Scrapbook-Amarillo.jpg 1080w\" sizes=\"auto, (max-width: 819px) 100vw, 819px\" \/><\/a><\/p>\n","protected":false},"excerpt":{"rendered":"<p>El passat 30 de gener vam celebrar a l\u2019escola el Dia Escolar de la No-viol\u00e8ncia i la Pau amb una activitat molt especial. Padrins i fillols vam elaborar junts un mural fet amb les nostres mans dibuixades, com a s\u00edmbol de comprom\u00eds amb la pau&hellip;  <a href=\"https:\/\/agora.xtec.cat\/esc-massanet\/infantil\/dia-escolar-de-la-no-violencia-i-la-pau\/\" title=\"Read Dia escolar de la No-viol\u00e8ncia i la Pau\">Llegeix m\u00e9s\u00bb<\/a><\/p>\n","protected":false},"author":64,"featured_media":8113,"comment_status":"open","ping_status":"open","sticky":false,"template":"","format":"standard","meta":{"_bbp_topic_count":0,"_bbp_reply_count":0,"_bbp_total_topic_count":0,"_bbp_total_reply_count":0,"_bbp_voice_count":0,"_bbp_anonymous_reply_count":0,"_bbp_topic_count_hidden":0,"_bbp_reply_count_hidden":0,"_bbp_forum_subforum_count":0,"footnotes":""},"categories":[2,4],"tags":[],"class_list":["post-8112","post","type-post","status-publish","format-standard","has-post-thumbnail","hentry","category-infantil","category-portada"],"post_mailing_queue_ids":[],"_links":{"self":[{"href":"https:\/\/agora.xtec.cat\/esc-massanet\/wp-json\/wp\/v2\/posts\/8112","targetHints":{"allow":["GET"]}}],"collection":[{"href":"https:\/\/agora.xtec.cat\/esc-massanet\/wp-json\/wp\/v2\/posts"}],"about":[{"href":"https:\/\/agora.xtec.cat\/esc-massanet\/wp-json\/wp\/v2\/types\/post"}],"author":[{"embeddable":true,"href":"https:\/\/agora.xtec.cat\/esc-massanet\/wp-json\/wp\/v2\/users\/64"}],"replies":[{"embeddable":true,"href":"https:\/\/agora.xtec.cat\/esc-massanet\/wp-json\/wp\/v2\/comments?post=8112"}],"version-history":[{"count":1,"href":"https:\/\/agora.xtec.cat\/esc-massanet\/wp-json\/wp\/v2\/posts\/8112\/revisions"}],"predecessor-version":[{"id":8114,"href":"https:\/\/agora.xtec.cat\/esc-massanet\/wp-json\/wp\/v2\/posts\/8112\/revisions\/8114"}],"wp:featuredmedia":[{"embeddable":true,"href":"https:\/\/agora.xtec.cat\/esc-massanet\/wp-json\/wp\/v2\/media\/8113"}],"wp:attachment":[{"href":"https:\/\/agora.xtec.cat\/esc-massanet\/wp-json\/wp\/v2\/media?parent=8112"}],"wp:term":[{"taxonomy":"category","embeddable":true,"href":"https:\/\/agora.xtec.cat\/esc-massanet\/wp-json\/wp\/v2\/categories?post=8112"},{"taxonomy":"post_tag","embeddable":true,"href":"https:\/\/agora.xtec.cat\/esc-massanet\/wp-json\/wp\/v2\/tags?post=8112"}],"curies":[{"name":"wp","href":"https:\/\/api.w.org\/{rel}","templated":true}]}}