{"id":8103,"date":"2026-02-12T09:21:53","date_gmt":"2026-02-12T08:21:53","guid":{"rendered":"https:\/\/agora.xtec.cat\/esc-massanet\/?p=8103"},"modified":"2026-02-12T09:22:59","modified_gmt":"2026-02-12T08:22:59","slug":"infantil-visita-la-biblioteca-municipal","status":"publish","type":"post","link":"https:\/\/agora.xtec.cat\/esc-massanet\/general\/infantil-visita-la-biblioteca-municipal\/","title":{"rendered":"INFANTIL VISITA LA BIBLIOTECA MUNICIPAL"},"content":{"rendered":"<p data-start=\"109\" data-end=\"430\">Aquest mes de febrer, l\u2019alumnat d\u2019Infantil ha visitat la Biblioteca Municipal de Ma\u00e7anet de la Selva. Els diferents grups han pogut gaudir, en aquest espai tan acollidor, de la lectura de tres contes molt especials que els han agradat molt\u00edssim: <em data-start=\"355\" data-end=\"385\">L\u2019\u00f3s que abra\u00e7ava els arbres<\/em>, <em data-start=\"387\" data-end=\"405\">L\u2019\u00e0nec emmurriat<\/em> i <em data-start=\"408\" data-end=\"429\">Una gata vol cuinar<\/em>.<\/p>\n<p data-start=\"432\" data-end=\"782\">A partir d\u2019aquestes lectures, els infants han participat activament compartint les seves opinions. Abans de comen\u00e7ar els contes, han fet hip\u00f2tesis sobre qu\u00e8 creien que passaria nom\u00e9s observant la coberta o llegint el t\u00edtol. Despr\u00e9s, han intervingut comparant les hist\u00f2ries amb viv\u00e8ncies pr\u00f2pies o explicant situacions que els han recordat als contes.<\/p>\n<p data-start=\"784\" data-end=\"969\">Tamb\u00e9 han pogut gaudir d\u2019una estona lliure per mirar llibres i descobrir la gran diversitat de contes que ofereix la biblioteca, fomentant aix\u00ed el gust per la lectura des de ben petits.<\/p>\n<p data-start=\"971\" data-end=\"1087\">Per acabar la sortida, hem esmorzat en un dels parcs del voltant, gaudint tamb\u00e9 de l\u2019entorn proper del nostre poble.<\/p>\n<p data-start=\"971\" data-end=\"1087\"><a href=\"https:\/\/agora.xtec.cat\/esc-massanet\/wp-content\/uploads\/usu2095\/2026\/02\/WEB-BIBLIOTECA-1-1.png\"><img loading=\"lazy\" decoding=\"async\" class=\"alignnone size-large wp-image-8104\" src=\"https:\/\/agora.xtec.cat\/esc-massanet\/wp-content\/uploads\/usu2095\/2026\/02\/WEB-BIBLIOTECA-1-1-1024x819.png\" alt=\"\" width=\"1024\" height=\"819\" srcset=\"https:\/\/agora.xtec.cat\/esc-massanet\/wp-content\/uploads\/usu2095\/2026\/02\/WEB-BIBLIOTECA-1-1-1024x819.png 1024w, https:\/\/agora.xtec.cat\/esc-massanet\/wp-content\/uploads\/usu2095\/2026\/02\/WEB-BIBLIOTECA-1-1-300x240.png 300w, https:\/\/agora.xtec.cat\/esc-massanet\/wp-content\/uploads\/usu2095\/2026\/02\/WEB-BIBLIOTECA-1-1-768x614.png 768w, https:\/\/agora.xtec.cat\/esc-massanet\/wp-content\/uploads\/usu2095\/2026\/02\/WEB-BIBLIOTECA-1-1-1536x1229.png 1536w, https:\/\/agora.xtec.cat\/esc-massanet\/wp-content\/uploads\/usu2095\/2026\/02\/WEB-BIBLIOTECA-1-1.png 2000w\" sizes=\"auto, (max-width: 1024px) 100vw, 1024px\" \/><\/a><\/p>\n","protected":false},"excerpt":{"rendered":"<p>Aquest mes de febrer, l\u2019alumnat d\u2019Infantil ha visitat la Biblioteca Municipal de Ma\u00e7anet de la Selva. Els diferents grups han pogut gaudir, en aquest espai tan acollidor, de la lectura de tres contes molt especials que els han agradat molt\u00edssim: L\u2019\u00f3s que abra\u00e7ava els arbres,&hellip;  <a href=\"https:\/\/agora.xtec.cat\/esc-massanet\/general\/infantil-visita-la-biblioteca-municipal\/\" title=\"Read INFANTIL VISITA LA BIBLIOTECA MUNICIPAL\">Llegeix m\u00e9s\u00bb<\/a><\/p>\n","protected":false},"author":65,"featured_media":8104,"comment_status":"open","ping_status":"open","sticky":false,"template":"","format":"standard","meta":{"_bbp_topic_count":0,"_bbp_reply_count":0,"_bbp_total_topic_count":0,"_bbp_total_reply_count":0,"_bbp_voice_count":0,"_bbp_anonymous_reply_count":0,"_bbp_topic_count_hidden":0,"_bbp_reply_count_hidden":0,"_bbp_forum_subforum_count":0,"footnotes":""},"categories":[1,2,9,8,3,4],"tags":[],"class_list":["post-8103","post","type-post","status-publish","format-standard","has-post-thumbnail","hentry","category-general","category-infantil","category-inf-mb","category-inf-pm","category-inf-stj","category-portada"],"post_mailing_queue_ids":[],"_links":{"self":[{"href":"https:\/\/agora.xtec.cat\/esc-massanet\/wp-json\/wp\/v2\/posts\/8103","targetHints":{"allow":["GET"]}}],"collection":[{"href":"https:\/\/agora.xtec.cat\/esc-massanet\/wp-json\/wp\/v2\/posts"}],"about":[{"href":"https:\/\/agora.xtec.cat\/esc-massanet\/wp-json\/wp\/v2\/types\/post"}],"author":[{"embeddable":true,"href":"https:\/\/agora.xtec.cat\/esc-massanet\/wp-json\/wp\/v2\/users\/65"}],"replies":[{"embeddable":true,"href":"https:\/\/agora.xtec.cat\/esc-massanet\/wp-json\/wp\/v2\/comments?post=8103"}],"version-history":[{"count":2,"href":"https:\/\/agora.xtec.cat\/esc-massanet\/wp-json\/wp\/v2\/posts\/8103\/revisions"}],"predecessor-version":[{"id":8106,"href":"https:\/\/agora.xtec.cat\/esc-massanet\/wp-json\/wp\/v2\/posts\/8103\/revisions\/8106"}],"wp:featuredmedia":[{"embeddable":true,"href":"https:\/\/agora.xtec.cat\/esc-massanet\/wp-json\/wp\/v2\/media\/8104"}],"wp:attachment":[{"href":"https:\/\/agora.xtec.cat\/esc-massanet\/wp-json\/wp\/v2\/media?parent=8103"}],"wp:term":[{"taxonomy":"category","embeddable":true,"href":"https:\/\/agora.xtec.cat\/esc-massanet\/wp-json\/wp\/v2\/categories?post=8103"},{"taxonomy":"post_tag","embeddable":true,"href":"https:\/\/agora.xtec.cat\/esc-massanet\/wp-json\/wp\/v2\/tags?post=8103"}],"curies":[{"name":"wp","href":"https:\/\/api.w.org\/{rel}","templated":true}]}}