{"id":6968,"date":"2024-05-10T09:33:39","date_gmt":"2024-05-10T07:33:39","guid":{"rendered":"https:\/\/agora.xtec.cat\/esc-massanet\/?p=6968"},"modified":"2024-05-10T09:34:32","modified_gmt":"2024-05-10T07:34:32","slug":"trobada-esportiva-blanes-mou-te-per-lesport","status":"publish","type":"post","link":"https:\/\/agora.xtec.cat\/esc-massanet\/general\/trobada-esportiva-blanes-mou-te-per-lesport\/","title":{"rendered":"Trobada esportiva Blanes &#8220;Mou-te per l&#8217;esport&#8221;"},"content":{"rendered":"<p>Dijous 9 de maig els nens i les nenes de 6\u00e8 vam participar el la trobada esportiva Mou-te per l&#8217;esport, organitzada pel GTEF, formada pels mestres de les escoles participants.<\/p>\n<p>Sempre hem estat conven\u00e7uts de la import\u00e0ncia d&#8217;aquestes trobades per als nostres nens i nenes, i dels beneficis que aquestes generen, tant en la implantaci\u00f3 en els nostres alumnes de la relaci\u00f3 entre l&#8217;activitat f\u00edsica i un estil de vida saludable, com des del punt de vista de les relacions entre igual, la cooperaci\u00f3, el treball en grup, els valors, l&#8217;autonomia personal.<\/p>\n<p>Amb una participaci\u00f3 de 14 escoles i uns 600 alumnes.<\/p>\n<p>&nbsp;<\/p>\n<p><a href=\"https:\/\/www.tvlaselva.cat\/index.php\/noticies\/19-esports\/1231-a-prop-de-600-alumnes-participen-en-la-3a-jornada-escolar-mou-te-per-l-esport-del-gtef-blanes\">Enlla\u00e7 TV La selva<\/a><\/p>\n<p><a href=\"https:\/\/youtu.be\/HMw07S93PaE?si=EF8hXZw9xPBQZ8iO\">Enlla\u00e7 YouTube<\/a><\/p>\n<p>&nbsp;<\/p>\n<p>&nbsp;<\/p>\n","protected":false},"excerpt":{"rendered":"<p>Dijous 9 de maig els nens i les nenes de 6\u00e8 vam participar el la trobada esportiva Mou-te per l&#8217;esport, organitzada pel GTEF, formada pels mestres de les escoles participants.<br \/>\nSempre hem estat conven\u00e7uts de la import\u00e0ncia d&#8217;aquestes trobades per als nostres nens i nenes, i&hellip;  <a href=\"https:\/\/agora.xtec.cat\/esc-massanet\/general\/trobada-esportiva-blanes-mou-te-per-lesport\/\" title=\"Read Trobada esportiva Blanes &#8220;Mou-te per l&#8217;esport&#8221;\">Llegeix m\u00e9s\u00bb<\/a><\/p>\n","protected":false},"author":56,"featured_media":6970,"comment_status":"open","ping_status":"closed","sticky":false,"template":"","format":"standard","meta":{"_bbp_topic_count":0,"_bbp_reply_count":0,"_bbp_total_topic_count":0,"_bbp_total_reply_count":0,"_bbp_voice_count":0,"_bbp_anonymous_reply_count":0,"_bbp_topic_count_hidden":0,"_bbp_reply_count_hidden":0,"_bbp_forum_subforum_count":0,"footnotes":""},"categories":[15,90,1,4,5],"tags":[],"class_list":["post-6968","post","type-post","status-publish","format-standard","has-post-thumbnail","hentry","category-6e","category-e-f","category-general","category-portada","category-primaria"],"post_mailing_queue_ids":[],"_links":{"self":[{"href":"https:\/\/agora.xtec.cat\/esc-massanet\/wp-json\/wp\/v2\/posts\/6968","targetHints":{"allow":["GET"]}}],"collection":[{"href":"https:\/\/agora.xtec.cat\/esc-massanet\/wp-json\/wp\/v2\/posts"}],"about":[{"href":"https:\/\/agora.xtec.cat\/esc-massanet\/wp-json\/wp\/v2\/types\/post"}],"author":[{"embeddable":true,"href":"https:\/\/agora.xtec.cat\/esc-massanet\/wp-json\/wp\/v2\/users\/56"}],"replies":[{"embeddable":true,"href":"https:\/\/agora.xtec.cat\/esc-massanet\/wp-json\/wp\/v2\/comments?post=6968"}],"version-history":[{"count":1,"href":"https:\/\/agora.xtec.cat\/esc-massanet\/wp-json\/wp\/v2\/posts\/6968\/revisions"}],"predecessor-version":[{"id":6969,"href":"https:\/\/agora.xtec.cat\/esc-massanet\/wp-json\/wp\/v2\/posts\/6968\/revisions\/6969"}],"wp:featuredmedia":[{"embeddable":true,"href":"https:\/\/agora.xtec.cat\/esc-massanet\/wp-json\/wp\/v2\/media\/6970"}],"wp:attachment":[{"href":"https:\/\/agora.xtec.cat\/esc-massanet\/wp-json\/wp\/v2\/media?parent=6968"}],"wp:term":[{"taxonomy":"category","embeddable":true,"href":"https:\/\/agora.xtec.cat\/esc-massanet\/wp-json\/wp\/v2\/categories?post=6968"},{"taxonomy":"post_tag","embeddable":true,"href":"https:\/\/agora.xtec.cat\/esc-massanet\/wp-json\/wp\/v2\/tags?post=6968"}],"curies":[{"name":"wp","href":"https:\/\/api.w.org\/{rel}","templated":true}]}}