{"id":5041,"date":"2020-03-24T08:40:13","date_gmt":"2020-03-24T07:40:13","guid":{"rendered":"http:\/\/agora.xtec.cat\/esc-maragall-lh\/?p=5041"},"modified":"2020-06-08T20:32:40","modified_gmt":"2020-06-08T18:32:40","slug":"avui-el-conte-alla-on-viuen-els-monstres","status":"publish","type":"post","link":"https:\/\/agora.xtec.cat\/esc-maragall-lh\/general\/biblioteca\/avui-el-conte-alla-on-viuen-els-monstres\/","title":{"rendered":"De la Biblioteca, el conte &#8220;All\u00e0 on viuen els monstres&#8221;"},"content":{"rendered":"<p style=\"text-align: center;\"><span style=\"color: #ff0000;\"><strong>T\u00edtol:<em> All\u00e0 on viuen els monstres<\/em><\/strong><\/span><\/p>\n<p style=\"text-align: center;\"><span style=\"color: #ff0000;\">\u00a0Text i il\u00b7lustracions: Maurice Sendak<\/span><br \/>\n<span style=\"color: #ff0000;\">G\u00e8nere: \u00e0lbum il\u00b7lustrat; contes on\u00edrics<\/span><br \/>\n<span style=\"color: #ff0000;\">Edici\u00f3: Kalandraka<\/span><br \/>\n<span style=\"color: #ff0000;\">Edat: a partir de 3 anys<\/span><br \/>\n<span style=\"color: #ff0000;\">Tem\u00e0tica: viatge imaginari al m\u00f3n dels monstres<\/span><\/p>\n<p>\u00a0 \u00a0 \u00a0 <iframe loading=\"lazy\" src=\"https:\/\/www.youtube.com\/embed\/6odkH-ZEwgQ\" width=\"560\" height=\"315\" frameborder=\"0\"><\/iframe><\/p>\n<p style=\"text-align: center;\"><strong><span style=\"color: #ff0000;\">PER A PARES I MARES:<\/span><\/strong><\/p>\n<p style=\"text-align: justify;\"><em>All\u00e0 on viuen els monstres<\/em>, publicat per primera vegada al 1963, va ser una obra pol\u00e8mica per la visi\u00f3 poc ensucrada que ofereix dels infants. Aleshores l\u2019\u00e0lbum introdu\u00efa la representaci\u00f3 d\u2019un model d\u2019infant que s\u2019allunyava de la imatge de correcci\u00f3 que es projectava i s\u2019havia de projectar a l\u2019\u00e8poca.<\/p>\n<p style=\"text-align: justify;\">Per\u00f2 amb el temps, <em>All\u00e0 on viuen els monstres<\/em> ha esdevingut un cl\u00e0ssic de la literatura infantil i juvenil, i tot un referent, no nom\u00e9s per aquesta visi\u00f3 cr\u00edtica i trencadora amb els models educatius de la inf\u00e0ncia sin\u00f3, tamb\u00e9, per l\u2019obertura est\u00e8tica del format de l\u2019\u00e0lbum il\u00b7lustrat a noves aportacions art\u00edstiques vinculades a l\u2019art i l\u2019experimentaci\u00f3.<br \/>\nEn Max \u2013protagonista del conte- \u00e9s un nen d\u2019all\u00f2 m\u00e9s entremaliat. Un dia, la seva mare el castiga: la mare li diu que \u00e9s un monstre i el Max li contesta que se la menjar\u00e0. Llavors, la mare l\u2019envia a l\u2019habitaci\u00f3 sense sopar.<\/p>\n<p style=\"text-align: justify;\">I \u00e9s des d\u2019aqu\u00ed on en Max construeix un m\u00f3n imaginari en qu\u00e8 s\u2019aventura a rebel\u00b7lar-se i desafiar les pr\u00f2pies pors, a superar-les, a reivindicar-se en la seva forma de ser i estar per, posteriorment, moderar-se en el qu\u00e8 s\u2019insinua un exercici d\u2019autocr\u00edtica reflexiva \u2013conscient o inconscient- pr\u00f2pia del proc\u00e9s educatiu.<\/p>\n<p style=\"text-align: justify;\">Al llarg del conte, en Max transita per diferents emocions com el desconcert, la frustraci\u00f3 i la <span class=\"s1\">r\u00e0bia per no sentir-se ent\u00e8s i acceptat en all\u00f2 que ell \u00e9s: un infant innocent i pur que nom\u00e9s vol ser feli\u00e7.\u00a0<\/span><\/p>\n<p style=\"text-align: justify;\"><span class=\"s1\">El rebuig de la mare al seu mal comportament genera en el Max un desig de fugir de casa i escapar a un lloc on poder ser ell mateix: reivindicar el seu capteniment de monstre, exercir-lo lliure i salvatgement, per acabar domesticant-se i entrant en la part de ra\u00f3 que t\u00e9 la seva mare en el conflicte que ambd\u00f3s mantenen, propi de l\u2019educaci\u00f3 en acci\u00f3.\u00a0<\/span><\/p>\n<p style=\"text-align: justify;\"><span class=\"s1\">En\u00a0<i>All\u00e0 on viuen els monstres<\/i>, la interacci\u00f3 del Max amb els monstres \u00e9s la representaci\u00f3 del di\u00e0leg interior que viu el personatge dins la seva habitaci\u00f3. Transita des de la revolta contra els l\u00edmits que la mare l\u2019imposa i la reafirmaci\u00f3 del jo salvatge al reconeixement i l\u2019acceptaci\u00f3 (total o parcial) de les raons de la mare fins a la reconciliaci\u00f3.\u00a0<\/span><\/p>\n<p style=\"text-align: justify;\"><span class=\"s1\">L\u2019amor \u00e9s present a la hist\u00f2ria com un element subjacent que vincula els personatges de principi a final.<\/span><\/p>\n<p style=\"text-align: justify;\"><span class=\"s1\">L\u2019amor est\u00e0 en el conflicte, el distanciament i el retrobament. \u00c9s en l\u2019abs\u00e8ncia que els personatges prenen consci\u00e8ncia de la for\u00e7a de l\u2019amor que els vincula m\u00e9s que cap altra cosa.\u00a0<\/span><\/p>\n<p>&nbsp;<\/p>\n<p>Signat: en <span style=\"color: #339966;\"><strong>LLAGARAM<\/strong><\/span><\/p>\n","protected":false},"excerpt":{"rendered":"<p>Viatge imaginari al m\u00f3n dels monstres<\/p>\n","protected":false},"author":1,"featured_media":5042,"comment_status":"closed","ping_status":"closed","sticky":false,"template":"","format":"standard","meta":{"_bbp_topic_count":0,"_bbp_reply_count":0,"_bbp_total_topic_count":0,"_bbp_total_reply_count":0,"_bbp_voice_count":0,"_bbp_anonymous_reply_count":0,"_bbp_topic_count_hidden":0,"_bbp_reply_count_hidden":0,"_bbp_forum_subforum_count":0,"site-sidebar-layout":"default","site-content-layout":"","ast-site-content-layout":"","site-content-style":"default","site-sidebar-style":"default","ast-global-header-display":"","ast-banner-title-visibility":"","ast-main-header-display":"","ast-hfb-above-header-display":"","ast-hfb-below-header-display":"","ast-hfb-mobile-header-display":"","site-post-title":"","ast-breadcrumbs-content":"","ast-featured-img":"","footer-sml-layout":"","theme-transparent-header-meta":"","adv-header-id-meta":"","stick-header-meta":"","header-above-stick-meta":"","header-main-stick-meta":"","header-below-stick-meta":"","astra-migrate-meta-layouts":"default","ast-page-background-enabled":"default","ast-page-background-meta":{"desktop":{"background-color":"var(--ast-global-color-4)","background-image":"","background-repeat":"repeat","background-position":"center center","background-size":"auto","background-attachment":"scroll","background-type":"","background-media":"","overlay-type":"","overlay-color":"","overlay-opacity":"","overlay-gradient":""},"tablet":{"background-color":"","background-image":"","background-repeat":"repeat","background-position":"center center","background-size":"auto","background-attachment":"scroll","background-type":"","background-media":"","overlay-type":"","overlay-color":"","overlay-opacity":"","overlay-gradient":""},"mobile":{"background-color":"","background-image":"","background-repeat":"repeat","background-position":"center center","background-size":"auto","background-attachment":"scroll","background-type":"","background-media":"","overlay-type":"","overlay-color":"","overlay-opacity":"","overlay-gradient":""}},"ast-content-background-meta":{"desktop":{"background-color":"var(--ast-global-color-5)","background-image":"","background-repeat":"repeat","background-position":"center center","background-size":"auto","background-attachment":"scroll","background-type":"","background-media":"","overlay-type":"","overlay-color":"","overlay-opacity":"","overlay-gradient":""},"tablet":{"background-color":"var(--ast-global-color-5)","background-image":"","background-repeat":"repeat","background-position":"center center","background-size":"auto","background-attachment":"scroll","background-type":"","background-media":"","overlay-type":"","overlay-color":"","overlay-opacity":"","overlay-gradient":""},"mobile":{"background-color":"var(--ast-global-color-5)","background-image":"","background-repeat":"repeat","background-position":"center center","background-size":"auto","background-attachment":"scroll","background-type":"","background-media":"","overlay-type":"","overlay-color":"","overlay-opacity":"","overlay-gradient":""}},"footnotes":""},"categories":[55,429,428,427,426],"tags":[119,88,166],"class_list":["post-5041","post","type-post","status-publish","format-standard","has-post-thumbnail","hentry","category-biblioteca","category-429","category-sise-2022-23","category-sise-2023-24","category-sise-2024-25","tag-biblioteca","tag-cicle-inicial","tag-cicle-mitja"],"post_mailing_queue_ids":[],"_links":{"self":[{"href":"https:\/\/agora.xtec.cat\/esc-maragall-lh\/wp-json\/wp\/v2\/posts\/5041","targetHints":{"allow":["GET"]}}],"collection":[{"href":"https:\/\/agora.xtec.cat\/esc-maragall-lh\/wp-json\/wp\/v2\/posts"}],"about":[{"href":"https:\/\/agora.xtec.cat\/esc-maragall-lh\/wp-json\/wp\/v2\/types\/post"}],"author":[{"embeddable":true,"href":"https:\/\/agora.xtec.cat\/esc-maragall-lh\/wp-json\/wp\/v2\/users\/1"}],"replies":[{"embeddable":true,"href":"https:\/\/agora.xtec.cat\/esc-maragall-lh\/wp-json\/wp\/v2\/comments?post=5041"}],"version-history":[{"count":3,"href":"https:\/\/agora.xtec.cat\/esc-maragall-lh\/wp-json\/wp\/v2\/posts\/5041\/revisions"}],"predecessor-version":[{"id":5072,"href":"https:\/\/agora.xtec.cat\/esc-maragall-lh\/wp-json\/wp\/v2\/posts\/5041\/revisions\/5072"}],"wp:featuredmedia":[{"embeddable":true,"href":"https:\/\/agora.xtec.cat\/esc-maragall-lh\/wp-json\/wp\/v2\/media\/5042"}],"wp:attachment":[{"href":"https:\/\/agora.xtec.cat\/esc-maragall-lh\/wp-json\/wp\/v2\/media?parent=5041"}],"wp:term":[{"taxonomy":"category","embeddable":true,"href":"https:\/\/agora.xtec.cat\/esc-maragall-lh\/wp-json\/wp\/v2\/categories?post=5041"},{"taxonomy":"post_tag","embeddable":true,"href":"https:\/\/agora.xtec.cat\/esc-maragall-lh\/wp-json\/wp\/v2\/tags?post=5041"}],"curies":[{"name":"wp","href":"https:\/\/api.w.org\/{rel}","templated":true}]}}