{"id":4292,"date":"2019-12-18T13:28:06","date_gmt":"2019-12-18T12:28:06","guid":{"rendered":"http:\/\/agora.xtec.cat\/esc-maragall-lh\/?p=4292"},"modified":"2019-12-18T17:23:27","modified_gmt":"2019-12-18T16:23:27","slug":"club-de-lectura-familiar-6","status":"publish","type":"post","link":"https:\/\/agora.xtec.cat\/esc-maragall-lh\/general\/club-de-lectura-familiar-6\/","title":{"rendered":"Club de Lectura Familiar"},"content":{"rendered":"<ul>\n<li><img loading=\"lazy\" decoding=\"async\" class=\"size-full wp-image-4273 aligncenter\" src=\"https:\/\/agora.xtec.cat\/esc-maragall-lh\/wp-content\/uploads\/usu1598\/2019\/12\/20191212_155815.jpg\" alt=\"\" width=\"448\" height=\"336\" srcset=\"https:\/\/agora.xtec.cat\/esc-maragall-lh\/wp-content\/uploads\/usu1598\/2019\/12\/20191212_155815.jpg 448w, https:\/\/agora.xtec.cat\/esc-maragall-lh\/wp-content\/uploads\/usu1598\/2019\/12\/20191212_155815-300x225.jpg 300w, https:\/\/agora.xtec.cat\/esc-maragall-lh\/wp-content\/uploads\/usu1598\/2019\/12\/20191212_155815-200x150.jpg 200w\" sizes=\"auto, (max-width: 448px) 100vw, 448px\" \/><\/li>\n<\/ul>\n<p style=\"text-align: center;\">Dijous dia dotze de desembre es va dur a terme la segona trobada d&#8217;aquest curs escolar del Club de Lectura Familiar.<\/p>\n<p style=\"text-align: center;\">Recordar que es\u00a0 tracta d&#8217;una de les activitats <a href=\"http:\/\/xtec.gencat.cat\/web\/.content\/projectes\/biblioteca\/xarxa\/bones-practiques-treball-en-xarxa\/documents\/Fem-Tandem-LHospitalet-DE.pdf\" target=\"_blank\" rel=\"noopener noreferrer\">TANDEM de Foment de la Lectura<\/a> adre\u00e7ada a les fam\u00edlies.<\/p>\n<p style=\"text-align: center;\">La tert\u00falia va girar entorn el llibre <em>El fil invisible<\/em> de la Gemma Lienas.<\/p>\n<p><img loading=\"lazy\" decoding=\"async\" class=\"size-full wp-image-4274 aligncenter\" src=\"https:\/\/agora.xtec.cat\/esc-maragall-lh\/wp-content\/uploads\/usu1598\/2019\/12\/20191212_151822.jpg\" alt=\"\" width=\"336\" height=\"448\" srcset=\"https:\/\/agora.xtec.cat\/esc-maragall-lh\/wp-content\/uploads\/usu1598\/2019\/12\/20191212_151822.jpg 336w, https:\/\/agora.xtec.cat\/esc-maragall-lh\/wp-content\/uploads\/usu1598\/2019\/12\/20191212_151822-225x300.jpg 225w\" sizes=\"auto, (max-width: 336px) 100vw, 336px\" \/><\/p>\n<p style=\"text-align: center;\"><em>Seguim xerrant de llibres al club de lectura de pares i mares Llagaram de l&#8217;escola Joan maragall Biblioteques L&#8217;H i programa TANDEM i d&#8217;un llibre acabem parlant de g\u00e8nere, de patriarcat, d&#8217;\u00e8tica m\u00e8dica i de guerres <\/em>(<a href=\"https:\/\/edicionssecc.blogspot.com\/p\/alicia-gili.html\" target=\"_blank\" rel=\"noopener noreferrer\">Al\u00edcia Gili<\/a>, escriptora i dinamitzadora del club).<\/p>\n<p style=\"text-align: center;\">Gr\u00e0cies, Al\u00edcia, per tota la feina pr\u00e8via a cada lectura i la dinamitzaci\u00f3 on brollen munt d&#8217;aportacions i reflexions per part del grup.<\/p>\n<p><img loading=\"lazy\" decoding=\"async\" class=\"size-full wp-image-4275 aligncenter\" src=\"https:\/\/agora.xtec.cat\/esc-maragall-lh\/wp-content\/uploads\/usu1598\/2019\/12\/20191212_160436.jpg\" alt=\"\" width=\"448\" height=\"336\" srcset=\"https:\/\/agora.xtec.cat\/esc-maragall-lh\/wp-content\/uploads\/usu1598\/2019\/12\/20191212_160436.jpg 448w, https:\/\/agora.xtec.cat\/esc-maragall-lh\/wp-content\/uploads\/usu1598\/2019\/12\/20191212_160436-300x225.jpg 300w, https:\/\/agora.xtec.cat\/esc-maragall-lh\/wp-content\/uploads\/usu1598\/2019\/12\/20191212_160436-200x150.jpg 200w\" sizes=\"auto, (max-width: 448px) 100vw, 448px\" \/><\/p>\n<p style=\"text-align: center;\">A m\u00e9s a m\u00e9s, es va lliurar el nou llibre, <a href=\"http:\/\/quelibroleo.hola.com\/patria\" target=\"_blank\" rel=\"noopener noreferrer\"><em>Patria<\/em> de Fernando Aramburu<\/a>, la tert\u00falia del qual es realitzar\u00e0 el dia 12 de mar\u00e7 de 2020.<\/p>\n<p style=\"text-align: center;\">Clicant <a href=\"https:\/\/photos.app.goo.gl\/NYrFmevii1pyngP18\" target=\"_blank\" rel=\"noopener noreferrer\"><strong>AQU\u00cd<\/strong><\/a>, es poden veure m\u00e9s fotografies de la sessi\u00f3.<\/p>\n","protected":false},"excerpt":{"rendered":"<p>&#8220;El fil invisible&#8221; de la Gemma Lienas<\/p>\n","protected":false},"author":1,"featured_media":4274,"comment_status":"closed","ping_status":"closed","sticky":false,"template":"","format":"standard","meta":{"_bbp_topic_count":0,"_bbp_reply_count":0,"_bbp_total_topic_count":0,"_bbp_total_reply_count":0,"_bbp_voice_count":0,"_bbp_anonymous_reply_count":0,"_bbp_topic_count_hidden":0,"_bbp_reply_count_hidden":0,"_bbp_forum_subforum_count":0,"site-sidebar-layout":"default","site-content-layout":"","ast-site-content-layout":"","site-content-style":"default","site-sidebar-style":"default","ast-global-header-display":"","ast-banner-title-visibility":"","ast-main-header-display":"","ast-hfb-above-header-display":"","ast-hfb-below-header-display":"","ast-hfb-mobile-header-display":"","site-post-title":"","ast-breadcrumbs-content":"","ast-featured-img":"","footer-sml-layout":"","theme-transparent-header-meta":"","adv-header-id-meta":"","stick-header-meta":"","header-above-stick-meta":"","header-main-stick-meta":"","header-below-stick-meta":"","astra-migrate-meta-layouts":"default","ast-page-background-enabled":"default","ast-page-background-meta":{"desktop":{"background-color":"var(--ast-global-color-4)","background-image":"","background-repeat":"repeat","background-position":"center center","background-size":"auto","background-attachment":"scroll","background-type":"","background-media":"","overlay-type":"","overlay-color":"","overlay-opacity":"","overlay-gradient":""},"tablet":{"background-color":"","background-image":"","background-repeat":"repeat","background-position":"center center","background-size":"auto","background-attachment":"scroll","background-type":"","background-media":"","overlay-type":"","overlay-color":"","overlay-opacity":"","overlay-gradient":""},"mobile":{"background-color":"","background-image":"","background-repeat":"repeat","background-position":"center center","background-size":"auto","background-attachment":"scroll","background-type":"","background-media":"","overlay-type":"","overlay-color":"","overlay-opacity":"","overlay-gradient":""}},"ast-content-background-meta":{"desktop":{"background-color":"var(--ast-global-color-5)","background-image":"","background-repeat":"repeat","background-position":"center center","background-size":"auto","background-attachment":"scroll","background-type":"","background-media":"","overlay-type":"","overlay-color":"","overlay-opacity":"","overlay-gradient":""},"tablet":{"background-color":"var(--ast-global-color-5)","background-image":"","background-repeat":"repeat","background-position":"center center","background-size":"auto","background-attachment":"scroll","background-type":"","background-media":"","overlay-type":"","overlay-color":"","overlay-opacity":"","overlay-gradient":""},"mobile":{"background-color":"var(--ast-global-color-5)","background-image":"","background-repeat":"repeat","background-position":"center center","background-size":"auto","background-attachment":"scroll","background-type":"","background-media":"","overlay-type":"","overlay-color":"","overlay-opacity":"","overlay-gradient":""}},"footnotes":""},"categories":[1,4,55],"tags":[119,212,213,126,133,120],"class_list":["post-4292","post","type-post","status-publish","format-standard","has-post-thumbnail","hentry","category-general","category-portada","category-biblioteca","tag-biblioteca","tag-club-de-lectura","tag-families","tag-llibres","tag-tandem","tag-tecla-sala"],"post_mailing_queue_ids":[],"_links":{"self":[{"href":"https:\/\/agora.xtec.cat\/esc-maragall-lh\/wp-json\/wp\/v2\/posts\/4292","targetHints":{"allow":["GET"]}}],"collection":[{"href":"https:\/\/agora.xtec.cat\/esc-maragall-lh\/wp-json\/wp\/v2\/posts"}],"about":[{"href":"https:\/\/agora.xtec.cat\/esc-maragall-lh\/wp-json\/wp\/v2\/types\/post"}],"author":[{"embeddable":true,"href":"https:\/\/agora.xtec.cat\/esc-maragall-lh\/wp-json\/wp\/v2\/users\/1"}],"replies":[{"embeddable":true,"href":"https:\/\/agora.xtec.cat\/esc-maragall-lh\/wp-json\/wp\/v2\/comments?post=4292"}],"version-history":[{"count":3,"href":"https:\/\/agora.xtec.cat\/esc-maragall-lh\/wp-json\/wp\/v2\/posts\/4292\/revisions"}],"predecessor-version":[{"id":4323,"href":"https:\/\/agora.xtec.cat\/esc-maragall-lh\/wp-json\/wp\/v2\/posts\/4292\/revisions\/4323"}],"wp:featuredmedia":[{"embeddable":true,"href":"https:\/\/agora.xtec.cat\/esc-maragall-lh\/wp-json\/wp\/v2\/media\/4274"}],"wp:attachment":[{"href":"https:\/\/agora.xtec.cat\/esc-maragall-lh\/wp-json\/wp\/v2\/media?parent=4292"}],"wp:term":[{"taxonomy":"category","embeddable":true,"href":"https:\/\/agora.xtec.cat\/esc-maragall-lh\/wp-json\/wp\/v2\/categories?post=4292"},{"taxonomy":"post_tag","embeddable":true,"href":"https:\/\/agora.xtec.cat\/esc-maragall-lh\/wp-json\/wp\/v2\/tags?post=4292"}],"curies":[{"name":"wp","href":"https:\/\/api.w.org\/{rel}","templated":true}]}}