{"id":4256,"date":"2019-12-19T13:53:53","date_gmt":"2019-12-19T12:53:53","guid":{"rendered":"http:\/\/agora.xtec.cat\/esc-maragall-lh\/?p=4256"},"modified":"2020-03-18T21:10:44","modified_gmt":"2020-03-18T20:10:44","slug":"e-i-emocions-i-sorpreses-aquests-dies","status":"publish","type":"post","link":"https:\/\/agora.xtec.cat\/esc-maragall-lh\/general\/e-i-emocions-i-sorpreses-aquests-dies\/","title":{"rendered":"E.I. Emocions i sorpreses aquests dies"},"content":{"rendered":"<p style=\"text-align: center;\">S&#8217;apropa el Nadal i tot s\u00f3n emocions aquests dies&#8230;<\/p>\n<p style=\"text-align: center;\">Hem preparat un poema, una felicitaci\u00f3 i una can\u00e7\u00f3 nadalenques. A m\u00e9s a m\u00e9s d&#8217;altres treballets.<\/p>\n<p style=\"text-align: center;\">Vam rebre amb il\u00b7lusi\u00f3 el <strong>Ti\u00f3<\/strong> i hem vist com ha anat creixent amb la quantitat i varietat de menjar que li hem ofert. Com s&#8217;ha engreixat en pocs dies!<\/p>\n<p><img loading=\"lazy\" decoding=\"async\" class=\"aligncenter wp-image-4330\" src=\"https:\/\/agora.xtec.cat\/esc-maragall-lh\/wp-content\/uploads\/usu1598\/2019\/12\/IMG_20191213_125019399-COLLAGE-1024x1024.jpg\" alt=\"\" width=\"352\" height=\"352\" srcset=\"https:\/\/agora.xtec.cat\/esc-maragall-lh\/wp-content\/uploads\/usu1598\/2019\/12\/IMG_20191213_125019399-COLLAGE-1024x1024.jpg 1024w, https:\/\/agora.xtec.cat\/esc-maragall-lh\/wp-content\/uploads\/usu1598\/2019\/12\/IMG_20191213_125019399-COLLAGE-150x150.jpg 150w, https:\/\/agora.xtec.cat\/esc-maragall-lh\/wp-content\/uploads\/usu1598\/2019\/12\/IMG_20191213_125019399-COLLAGE-300x300.jpg 300w, https:\/\/agora.xtec.cat\/esc-maragall-lh\/wp-content\/uploads\/usu1598\/2019\/12\/IMG_20191213_125019399-COLLAGE-768x768.jpg 768w, https:\/\/agora.xtec.cat\/esc-maragall-lh\/wp-content\/uploads\/usu1598\/2019\/12\/IMG_20191213_125019399-COLLAGE.jpg 2046w\" sizes=\"auto, (max-width: 352px) 100vw, 352px\" \/><\/p>\n<p style=\"text-align: center;\">El <strong>Fumera<\/strong>, m\u00e9s tard, tamb\u00e9 ha aparegut a cada classe per a estar pendent de nosaltres i estar ben segur, des de m\u00e9s a prop, que ens portem com cal en uns dies que ni ell pot parar \ud83d\ude09\u00a0 Avui despr\u00e9s del pati hem vist que ja no hi era, per\u00f2 uns regalets amagats a cada classe en ha deixat. Bon senyal!<\/p>\n<p><img loading=\"lazy\" decoding=\"async\" class=\"aligncenter wp-image-4334\" src=\"https:\/\/agora.xtec.cat\/esc-maragall-lh\/wp-content\/uploads\/usu1598\/2019\/12\/IMG-20191219-WA0002-723x1024.jpg\" alt=\"\" width=\"261\" height=\"369\" srcset=\"https:\/\/agora.xtec.cat\/esc-maragall-lh\/wp-content\/uploads\/usu1598\/2019\/12\/IMG-20191219-WA0002-723x1024.jpg 723w, https:\/\/agora.xtec.cat\/esc-maragall-lh\/wp-content\/uploads\/usu1598\/2019\/12\/IMG-20191219-WA0002-212x300.jpg 212w, https:\/\/agora.xtec.cat\/esc-maragall-lh\/wp-content\/uploads\/usu1598\/2019\/12\/IMG-20191219-WA0002-768x1087.jpg 768w, https:\/\/agora.xtec.cat\/esc-maragall-lh\/wp-content\/uploads\/usu1598\/2019\/12\/IMG-20191219-WA0002.jpg 1308w\" sizes=\"auto, (max-width: 261px) 100vw, 261px\" \/><\/p>\n<p style=\"text-align: center;\">Com a comiat de la tardor, hem conviscut uns dies amb uns cargolets que el No\u00e8 de P-4 ens va portar. Algun, de m\u00e9s despert, se&#8217;ns ha escapat i tot!<\/p>\n<p><img loading=\"lazy\" decoding=\"async\" class=\"aligncenter wp-image-4257\" src=\"https:\/\/agora.xtec.cat\/esc-maragall-lh\/wp-content\/uploads\/usu1598\/2019\/12\/IMG_20191211_102954869-1024x768.jpg\" alt=\"\" width=\"364\" height=\"273\" srcset=\"https:\/\/agora.xtec.cat\/esc-maragall-lh\/wp-content\/uploads\/usu1598\/2019\/12\/IMG_20191211_102954869-1024x768.jpg 1024w, https:\/\/agora.xtec.cat\/esc-maragall-lh\/wp-content\/uploads\/usu1598\/2019\/12\/IMG_20191211_102954869-300x225.jpg 300w, https:\/\/agora.xtec.cat\/esc-maragall-lh\/wp-content\/uploads\/usu1598\/2019\/12\/IMG_20191211_102954869-768x576.jpg 768w, https:\/\/agora.xtec.cat\/esc-maragall-lh\/wp-content\/uploads\/usu1598\/2019\/12\/IMG_20191211_102954869-200x150.jpg 200w\" sizes=\"auto, (max-width: 364px) 100vw, 364px\" \/><\/p>\n<p style=\"text-align: center;\">El company Diego del curs passat a P-3 va passar a visitar-nos el dilluns a l&#8217;hora del pati. Quina alegria!<\/p>\n<p style=\"text-align: center;\">L&#8217;alumnat de 3r ens ha vingut a interpretar a cada classe la seva nadala. Espectacular!<\/p>\n<p><img loading=\"lazy\" decoding=\"async\" class=\"aligncenter wp-image-4258\" src=\"https:\/\/agora.xtec.cat\/esc-maragall-lh\/wp-content\/uploads\/usu1598\/2019\/12\/IMG_20191216_160535072-1024x768.jpg\" alt=\"\" width=\"374\" height=\"281\" srcset=\"https:\/\/agora.xtec.cat\/esc-maragall-lh\/wp-content\/uploads\/usu1598\/2019\/12\/IMG_20191216_160535072-1024x768.jpg 1024w, https:\/\/agora.xtec.cat\/esc-maragall-lh\/wp-content\/uploads\/usu1598\/2019\/12\/IMG_20191216_160535072-300x225.jpg 300w, https:\/\/agora.xtec.cat\/esc-maragall-lh\/wp-content\/uploads\/usu1598\/2019\/12\/IMG_20191216_160535072-768x576.jpg 768w, https:\/\/agora.xtec.cat\/esc-maragall-lh\/wp-content\/uploads\/usu1598\/2019\/12\/IMG_20191216_160535072-200x150.jpg 200w\" sizes=\"auto, (max-width: 374px) 100vw, 374px\" \/><\/p>\n<p style=\"text-align: center;\">P-4 ens hem ajuntat amb P-5 per a gaudir m\u00fatuament dels nostres poemes i nadales. Quin goig!<\/p>\n<p><img loading=\"lazy\" decoding=\"async\" class=\"aligncenter wp-image-4324\" src=\"https:\/\/agora.xtec.cat\/esc-maragall-lh\/wp-content\/uploads\/usu1598\/2019\/12\/IMG_20191218_120011473-1024x768.jpg\" alt=\"\" width=\"375\" height=\"282\" srcset=\"https:\/\/agora.xtec.cat\/esc-maragall-lh\/wp-content\/uploads\/usu1598\/2019\/12\/IMG_20191218_120011473-1024x768.jpg 1024w, https:\/\/agora.xtec.cat\/esc-maragall-lh\/wp-content\/uploads\/usu1598\/2019\/12\/IMG_20191218_120011473-300x225.jpg 300w, https:\/\/agora.xtec.cat\/esc-maragall-lh\/wp-content\/uploads\/usu1598\/2019\/12\/IMG_20191218_120011473-768x576.jpg 768w, https:\/\/agora.xtec.cat\/esc-maragall-lh\/wp-content\/uploads\/usu1598\/2019\/12\/IMG_20191218_120011473-200x150.jpg 200w\" sizes=\"auto, (max-width: 375px) 100vw, 375px\" \/><\/p>\n<p style=\"text-align: center;\">Ens hem desitjat un bon Nadal amb les fam\u00edlies a les aules cantant i recitant el nostre poema de Nadal ahir dimecres. Emocionant!<\/p>\n<p style=\"text-align: center;\">Tenim ja preparada la nostra <strong>carta als Reis<\/strong> per ficar-la a la b\u00fastia reial. Ens espera al vest\u00edbul de l&#8217;escola.<\/p>\n<p><img loading=\"lazy\" decoding=\"async\" class=\"aligncenter wp-image-4331\" src=\"https:\/\/agora.xtec.cat\/esc-maragall-lh\/wp-content\/uploads\/usu1598\/2019\/12\/IMG_20191219_084836917-768x1024.jpg\" alt=\"\" width=\"276\" height=\"368\" srcset=\"https:\/\/agora.xtec.cat\/esc-maragall-lh\/wp-content\/uploads\/usu1598\/2019\/12\/IMG_20191219_084836917-768x1024.jpg 768w, https:\/\/agora.xtec.cat\/esc-maragall-lh\/wp-content\/uploads\/usu1598\/2019\/12\/IMG_20191219_084836917-225x300.jpg 225w\" sizes=\"auto, (max-width: 276px) 100vw, 276px\" \/><\/p>\n<p style=\"text-align: center;\">Gaudirem tots plegats d&#8217;una obra de teatre de Nadal avui dijous per la tarda i dem\u00e0, m\u00e9s emocions i sorpreses assegurades!<\/p>\n<p style=\"text-align: center;\">Podeu veure m\u00e9s fotos clicant <a href=\"https:\/\/photos.app.goo.gl\/e8YU6ycu532j3RR39\">AQU\u00cd<\/a>.<\/p>\n","protected":false},"excerpt":{"rendered":"<p>Final de trimestre carregat d&#8217;il\u00b7lusions, emocions, sorpreses, nervis&#8230; a Educaci\u00f3 Infantil.<\/p>\n","protected":false},"author":1,"featured_media":4754,"comment_status":"closed","ping_status":"closed","sticky":false,"template":"","format":"standard","meta":{"_bbp_topic_count":0,"_bbp_reply_count":0,"_bbp_total_topic_count":0,"_bbp_total_reply_count":0,"_bbp_voice_count":0,"_bbp_anonymous_reply_count":0,"_bbp_topic_count_hidden":0,"_bbp_reply_count_hidden":0,"_bbp_forum_subforum_count":0,"site-sidebar-layout":"default","site-content-layout":"","ast-site-content-layout":"","site-content-style":"default","site-sidebar-style":"default","ast-global-header-display":"","ast-banner-title-visibility":"","ast-main-header-display":"","ast-hfb-above-header-display":"","ast-hfb-below-header-display":"","ast-hfb-mobile-header-display":"","site-post-title":"","ast-breadcrumbs-content":"","ast-featured-img":"","footer-sml-layout":"","theme-transparent-header-meta":"","adv-header-id-meta":"","stick-header-meta":"","header-above-stick-meta":"","header-main-stick-meta":"","header-below-stick-meta":"","astra-migrate-meta-layouts":"default","ast-page-background-enabled":"default","ast-page-background-meta":{"desktop":{"background-color":"var(--ast-global-color-4)","background-image":"","background-repeat":"repeat","background-position":"center center","background-size":"auto","background-attachment":"scroll","background-type":"","background-media":"","overlay-type":"","overlay-color":"","overlay-opacity":"","overlay-gradient":""},"tablet":{"background-color":"","background-image":"","background-repeat":"repeat","background-position":"center center","background-size":"auto","background-attachment":"scroll","background-type":"","background-media":"","overlay-type":"","overlay-color":"","overlay-opacity":"","overlay-gradient":""},"mobile":{"background-color":"","background-image":"","background-repeat":"repeat","background-position":"center center","background-size":"auto","background-attachment":"scroll","background-type":"","background-media":"","overlay-type":"","overlay-color":"","overlay-opacity":"","overlay-gradient":""}},"ast-content-background-meta":{"desktop":{"background-color":"var(--ast-global-color-5)","background-image":"","background-repeat":"repeat","background-position":"center center","background-size":"auto","background-attachment":"scroll","background-type":"","background-media":"","overlay-type":"","overlay-color":"","overlay-opacity":"","overlay-gradient":""},"tablet":{"background-color":"var(--ast-global-color-5)","background-image":"","background-repeat":"repeat","background-position":"center center","background-size":"auto","background-attachment":"scroll","background-type":"","background-media":"","overlay-type":"","overlay-color":"","overlay-opacity":"","overlay-gradient":""},"mobile":{"background-color":"var(--ast-global-color-5)","background-image":"","background-repeat":"repeat","background-position":"center center","background-size":"auto","background-attachment":"scroll","background-type":"","background-media":"","overlay-type":"","overlay-color":"","overlay-opacity":"","overlay-gradient":""}},"footnotes":""},"categories":[424,1,421,4,423,425],"tags":[144,391,57,453],"class_list":["post-4256","post","type-post","status-publish","format-standard","has-post-thumbnail","hentry","category-cinque-2025-26","category-general","category-inf-19-20","category-portada","category-quart-2025-26","category-sise-2025-26","tag-educacio-infantil","tag-emocions","tag-nadal","tag-nadales"],"post_mailing_queue_ids":[],"_links":{"self":[{"href":"https:\/\/agora.xtec.cat\/esc-maragall-lh\/wp-json\/wp\/v2\/posts\/4256","targetHints":{"allow":["GET"]}}],"collection":[{"href":"https:\/\/agora.xtec.cat\/esc-maragall-lh\/wp-json\/wp\/v2\/posts"}],"about":[{"href":"https:\/\/agora.xtec.cat\/esc-maragall-lh\/wp-json\/wp\/v2\/types\/post"}],"author":[{"embeddable":true,"href":"https:\/\/agora.xtec.cat\/esc-maragall-lh\/wp-json\/wp\/v2\/users\/1"}],"replies":[{"embeddable":true,"href":"https:\/\/agora.xtec.cat\/esc-maragall-lh\/wp-json\/wp\/v2\/comments?post=4256"}],"version-history":[{"count":3,"href":"https:\/\/agora.xtec.cat\/esc-maragall-lh\/wp-json\/wp\/v2\/posts\/4256\/revisions"}],"predecessor-version":[{"id":4751,"href":"https:\/\/agora.xtec.cat\/esc-maragall-lh\/wp-json\/wp\/v2\/posts\/4256\/revisions\/4751"}],"wp:featuredmedia":[{"embeddable":true,"href":"https:\/\/agora.xtec.cat\/esc-maragall-lh\/wp-json\/wp\/v2\/media\/4754"}],"wp:attachment":[{"href":"https:\/\/agora.xtec.cat\/esc-maragall-lh\/wp-json\/wp\/v2\/media?parent=4256"}],"wp:term":[{"taxonomy":"category","embeddable":true,"href":"https:\/\/agora.xtec.cat\/esc-maragall-lh\/wp-json\/wp\/v2\/categories?post=4256"},{"taxonomy":"post_tag","embeddable":true,"href":"https:\/\/agora.xtec.cat\/esc-maragall-lh\/wp-json\/wp\/v2\/tags?post=4256"}],"curies":[{"name":"wp","href":"https:\/\/api.w.org\/{rel}","templated":true}]}}