{"id":4229,"date":"2019-12-12T01:04:49","date_gmt":"2019-12-12T00:04:49","guid":{"rendered":"http:\/\/agora.xtec.cat\/esc-maragall-lh\/?p=4229"},"modified":"2019-12-12T01:12:00","modified_gmt":"2019-12-12T00:12:00","slug":"coneguem-la-guardia-urbana-a-p-4","status":"publish","type":"post","link":"https:\/\/agora.xtec.cat\/esc-maragall-lh\/general\/coneguem-la-guardia-urbana-a-p-4\/","title":{"rendered":"Coneguem la Gu\u00e0rdia Urbana a P-4"},"content":{"rendered":"<p style=\"text-align: center;\">Aquesta tarda, 11 de desembre, hem rebut la visita d&#8217;una parella de la Gu\u00e0rdia Urbana, els agents Joel i Jordi.<\/p>\n<p style=\"text-align: center;\">L&#8217;activitat ha consistit en una presentaci\u00f3 inicial a l&#8217;aula per part de l&#8217;agent monitor i l&#8217;explicaic\u00f3 del conte <em>La Martina i el Sergi 2<\/em> amb continguts per recon\u00e8ixer i analitzar les conductes de risc com a vianants i passatgers:<\/p>\n<p style=\"text-align: center;\"><span id=\"ctrlPage_ctrlLblContenidosConceptuales\">Les normes b\u00e0siques per anar pel carrer amb seguretat, com creuar el carrer, els sem\u00e0fors i el pas de vianants, normes b\u00e0siques per anar de passatger, el cintur\u00f2 de seguretat i com baixem del cotxe. Tot facilitant la participaci\u00f3 dels nens i nenes durant el desenvolupament de l&#8217;activitat i fomentant el seu inter\u00e8s.<\/span><\/p>\n<p style=\"text-align: center;\">Despr\u00e9s hem sortit al pati i hem fet una volta amb la seva moto.<\/p>\n<p style=\"text-align: center;\"><img loading=\"lazy\" decoding=\"async\" class=\"aligncenter wp-image-4233\" src=\"https:\/\/agora.xtec.cat\/esc-maragall-lh\/wp-content\/uploads\/usu1598\/2019\/12\/DSCN5174-1024x739.jpg\" alt=\"\" width=\"501\" height=\"362\" srcset=\"https:\/\/agora.xtec.cat\/esc-maragall-lh\/wp-content\/uploads\/usu1598\/2019\/12\/DSCN5174-1024x739.jpg 1024w, https:\/\/agora.xtec.cat\/esc-maragall-lh\/wp-content\/uploads\/usu1598\/2019\/12\/DSCN5174-300x217.jpg 300w, https:\/\/agora.xtec.cat\/esc-maragall-lh\/wp-content\/uploads\/usu1598\/2019\/12\/DSCN5174-768x555.jpg 768w\" sizes=\"auto, (max-width: 501px) 100vw, 501px\" \/><\/p>\n<p style=\"text-align: center;\">Ha estat una tarda molt enriquidora i profitosa. Us esperem el curs vinent!<\/p>\n<p style=\"text-align: center;\">Podeu veure les fotos clicant <a href=\"https:\/\/photos.app.goo.gl\/C4f2ct1SvRr6qgaE6\">AQU\u00cd.<\/a><\/p>\n","protected":false},"excerpt":{"rendered":"<p>Continuem l&#8217;educaci\u00f3 vi\u00e0ria iniciada a P-3 amb la visita de la Gu\u00e0rdia Urbana de la nostra ciutat.<\/p>\n","protected":false},"author":1,"featured_media":4230,"comment_status":"closed","ping_status":"closed","sticky":false,"template":"","format":"standard","meta":{"_bbp_topic_count":0,"_bbp_reply_count":0,"_bbp_total_topic_count":0,"_bbp_total_reply_count":0,"_bbp_voice_count":0,"_bbp_anonymous_reply_count":0,"_bbp_topic_count_hidden":0,"_bbp_reply_count_hidden":0,"_bbp_forum_subforum_count":0,"site-sidebar-layout":"default","site-content-layout":"","ast-site-content-layout":"","site-content-style":"default","site-sidebar-style":"default","ast-global-header-display":"","ast-banner-title-visibility":"","ast-main-header-display":"","ast-hfb-above-header-display":"","ast-hfb-below-header-display":"","ast-hfb-mobile-header-display":"","site-post-title":"","ast-breadcrumbs-content":"","ast-featured-img":"","footer-sml-layout":"","theme-transparent-header-meta":"","adv-header-id-meta":"","stick-header-meta":"","header-above-stick-meta":"","header-main-stick-meta":"","header-below-stick-meta":"","astra-migrate-meta-layouts":"default","ast-page-background-enabled":"default","ast-page-background-meta":{"desktop":{"background-color":"var(--ast-global-color-4)","background-image":"","background-repeat":"repeat","background-position":"center center","background-size":"auto","background-attachment":"scroll","background-type":"","background-media":"","overlay-type":"","overlay-color":"","overlay-opacity":"","overlay-gradient":""},"tablet":{"background-color":"","background-image":"","background-repeat":"repeat","background-position":"center center","background-size":"auto","background-attachment":"scroll","background-type":"","background-media":"","overlay-type":"","overlay-color":"","overlay-opacity":"","overlay-gradient":""},"mobile":{"background-color":"","background-image":"","background-repeat":"repeat","background-position":"center center","background-size":"auto","background-attachment":"scroll","background-type":"","background-media":"","overlay-type":"","overlay-color":"","overlay-opacity":"","overlay-gradient":""}},"ast-content-background-meta":{"desktop":{"background-color":"var(--ast-global-color-5)","background-image":"","background-repeat":"repeat","background-position":"center center","background-size":"auto","background-attachment":"scroll","background-type":"","background-media":"","overlay-type":"","overlay-color":"","overlay-opacity":"","overlay-gradient":""},"tablet":{"background-color":"var(--ast-global-color-5)","background-image":"","background-repeat":"repeat","background-position":"center center","background-size":"auto","background-attachment":"scroll","background-type":"","background-media":"","overlay-type":"","overlay-color":"","overlay-opacity":"","overlay-gradient":""},"mobile":{"background-color":"var(--ast-global-color-5)","background-image":"","background-repeat":"repeat","background-position":"center center","background-size":"auto","background-attachment":"scroll","background-type":"","background-media":"","overlay-type":"","overlay-color":"","overlay-opacity":"","overlay-gradient":""}},"footnotes":""},"categories":[424,1,421,4],"tags":[144,385,232,231],"class_list":["post-4229","post","type-post","status-publish","format-standard","has-post-thumbnail","hentry","category-cinque-2025-26","category-general","category-inf-19-20","category-portada","tag-educacio-infantil","tag-educacio-viaria","tag-guardia-urbana","tag-p-4"],"post_mailing_queue_ids":[],"_links":{"self":[{"href":"https:\/\/agora.xtec.cat\/esc-maragall-lh\/wp-json\/wp\/v2\/posts\/4229","targetHints":{"allow":["GET"]}}],"collection":[{"href":"https:\/\/agora.xtec.cat\/esc-maragall-lh\/wp-json\/wp\/v2\/posts"}],"about":[{"href":"https:\/\/agora.xtec.cat\/esc-maragall-lh\/wp-json\/wp\/v2\/types\/post"}],"author":[{"embeddable":true,"href":"https:\/\/agora.xtec.cat\/esc-maragall-lh\/wp-json\/wp\/v2\/users\/1"}],"replies":[{"embeddable":true,"href":"https:\/\/agora.xtec.cat\/esc-maragall-lh\/wp-json\/wp\/v2\/comments?post=4229"}],"version-history":[{"count":3,"href":"https:\/\/agora.xtec.cat\/esc-maragall-lh\/wp-json\/wp\/v2\/posts\/4229\/revisions"}],"predecessor-version":[{"id":4237,"href":"https:\/\/agora.xtec.cat\/esc-maragall-lh\/wp-json\/wp\/v2\/posts\/4229\/revisions\/4237"}],"wp:featuredmedia":[{"embeddable":true,"href":"https:\/\/agora.xtec.cat\/esc-maragall-lh\/wp-json\/wp\/v2\/media\/4230"}],"wp:attachment":[{"href":"https:\/\/agora.xtec.cat\/esc-maragall-lh\/wp-json\/wp\/v2\/media?parent=4229"}],"wp:term":[{"taxonomy":"category","embeddable":true,"href":"https:\/\/agora.xtec.cat\/esc-maragall-lh\/wp-json\/wp\/v2\/categories?post=4229"},{"taxonomy":"post_tag","embeddable":true,"href":"https:\/\/agora.xtec.cat\/esc-maragall-lh\/wp-json\/wp\/v2\/tags?post=4229"}],"curies":[{"name":"wp","href":"https:\/\/api.w.org\/{rel}","templated":true}]}}