{"id":4132,"date":"2019-12-11T14:07:01","date_gmt":"2019-12-11T13:07:01","guid":{"rendered":"http:\/\/agora.xtec.cat\/esc-maragall-lh\/?p=4132"},"modified":"2019-12-11T14:07:01","modified_gmt":"2019-12-11T13:07:01","slug":"c-i-anem-a-la-casa-dels-entremesos","status":"publish","type":"post","link":"https:\/\/agora.xtec.cat\/esc-maragall-lh\/general\/c-i-anem-a-la-casa-dels-entremesos\/","title":{"rendered":"C.I. Anem a la casa dels entremesos."},"content":{"rendered":"<p>Amb motiu del nostre projecte &#8220;La Festa Major&#8221; el passat divendres dia 29 de novembre els nens i nenes de cicle inicial vam anar a La Casa dels Entremesos, centre cultural que acull, difon i promociona la cultura popular,en m\u00faltiples aspectes: imatgeria festiva, dansa, m\u00fasica, foc, construccions humanes, trabucaires i art popular. La Casa dels Entremesos \u00e9s l\u2019espai on es troba exposada pr\u00e0cticament tota la imatgeria festiva de Ciutat Vella.<\/p>\n<p>El Biel va ser el nostre monitor que ens va explicar les caracter\u00edstiques de l&#8217;\u00c0liga, el Lle\u00f3, la Tarasca, el Drac i la V\u00edbria de Barcelona entre d&#8217;altres aix\u00ed com tamb\u00e9 curiositats sobre els gegants del PI.<\/p>\n<p><span style=\"font-family: inherit;font-size: 1em\">Com que ja estem a prop de les festes de Nadal tamb\u00e9 vam tenir la sort de poder gaudir d&#8217;un pessebre representat amb figures de la imatgeria festiva!!<\/span><\/p>\n<p>Despr\u00e9s de fer aquesta visita vam fer un taller on ens van ensenyar cinc danses populars.<\/p>\n<p><a href=\"https:\/\/agora.xtec.cat\/esc-maragall-lh\/wp-content\/uploads\/usu1598\/2019\/11\/foto-grup-casa-entremesos.jpg\"><img loading=\"lazy\" decoding=\"async\" class=\"alignnone wp-image-4158\" src=\"https:\/\/agora.xtec.cat\/esc-maragall-lh\/wp-content\/uploads\/usu1598\/2019\/11\/foto-grup-casa-entremesos-1024x768.jpg\" alt=\"\" width=\"462\" height=\"346\" srcset=\"https:\/\/agora.xtec.cat\/esc-maragall-lh\/wp-content\/uploads\/usu1598\/2019\/11\/foto-grup-casa-entremesos-1024x768.jpg 1024w, https:\/\/agora.xtec.cat\/esc-maragall-lh\/wp-content\/uploads\/usu1598\/2019\/11\/foto-grup-casa-entremesos-300x225.jpg 300w, https:\/\/agora.xtec.cat\/esc-maragall-lh\/wp-content\/uploads\/usu1598\/2019\/11\/foto-grup-casa-entremesos-768x576.jpg 768w, https:\/\/agora.xtec.cat\/esc-maragall-lh\/wp-content\/uploads\/usu1598\/2019\/11\/foto-grup-casa-entremesos-200x150.jpg 200w\" sizes=\"auto, (max-width: 462px) 100vw, 462px\" \/><\/a><\/p>\n<p>Per veure la resta de fotos feu clic <a href=\"https:\/\/photos.app.goo.gl\/abbhBx2hGZ461mtv7\">aqu\u00ed.<\/a><\/p>\n<p>&nbsp;<\/p>\n","protected":false},"excerpt":{"rendered":"<p>Amb motiu del nostre projecte &#8220;La Festa Major&#8221; el passat divendres dia 29 de novembre els nens i nenes de cicle inicial vam anar a La Casa dels Entremesos, centre cultural que acull, difon i promociona la cultura popular,en m\u00faltiples aspectes: <\/p>\n","protected":false},"author":11,"featured_media":4158,"comment_status":"closed","ping_status":"closed","sticky":false,"template":"","format":"standard","meta":{"_bbp_topic_count":0,"_bbp_reply_count":0,"_bbp_total_topic_count":0,"_bbp_total_reply_count":0,"_bbp_voice_count":0,"_bbp_anonymous_reply_count":0,"_bbp_topic_count_hidden":0,"_bbp_reply_count_hidden":0,"_bbp_forum_subforum_count":0,"site-sidebar-layout":"default","site-content-layout":"","ast-site-content-layout":"","site-content-style":"default","site-sidebar-style":"default","ast-global-header-display":"","ast-banner-title-visibility":"","ast-main-header-display":"","ast-hfb-above-header-display":"","ast-hfb-below-header-display":"","ast-hfb-mobile-header-display":"","site-post-title":"","ast-breadcrumbs-content":"","ast-featured-img":"","footer-sml-layout":"","theme-transparent-header-meta":"","adv-header-id-meta":"","stick-header-meta":"","header-above-stick-meta":"","header-main-stick-meta":"","header-below-stick-meta":"","astra-migrate-meta-layouts":"default","ast-page-background-enabled":"default","ast-page-background-meta":{"desktop":{"background-color":"var(--ast-global-color-4)","background-image":"","background-repeat":"repeat","background-position":"center center","background-size":"auto","background-attachment":"scroll","background-type":"","background-media":"","overlay-type":"","overlay-color":"","overlay-opacity":"","overlay-gradient":""},"tablet":{"background-color":"","background-image":"","background-repeat":"repeat","background-position":"center center","background-size":"auto","background-attachment":"scroll","background-type":"","background-media":"","overlay-type":"","overlay-color":"","overlay-opacity":"","overlay-gradient":""},"mobile":{"background-color":"","background-image":"","background-repeat":"repeat","background-position":"center center","background-size":"auto","background-attachment":"scroll","background-type":"","background-media":"","overlay-type":"","overlay-color":"","overlay-opacity":"","overlay-gradient":""}},"ast-content-background-meta":{"desktop":{"background-color":"var(--ast-global-color-5)","background-image":"","background-repeat":"repeat","background-position":"center center","background-size":"auto","background-attachment":"scroll","background-type":"","background-media":"","overlay-type":"","overlay-color":"","overlay-opacity":"","overlay-gradient":""},"tablet":{"background-color":"var(--ast-global-color-5)","background-image":"","background-repeat":"repeat","background-position":"center center","background-size":"auto","background-attachment":"scroll","background-type":"","background-media":"","overlay-type":"","overlay-color":"","overlay-opacity":"","overlay-gradient":""},"mobile":{"background-color":"var(--ast-global-color-5)","background-image":"","background-repeat":"repeat","background-position":"center center","background-size":"auto","background-attachment":"scroll","background-type":"","background-media":"","overlay-type":"","overlay-color":"","overlay-opacity":"","overlay-gradient":""}},"footnotes":""},"categories":[1,4,427,426],"tags":[446,88,75,447,84],"class_list":["post-4132","post","type-post","status-publish","format-standard","has-post-thumbnail","hentry","category-general","category-portada","category-sise-2023-24","category-sise-2024-25","tag-casa-dels-entremesos","tag-cicle-inicial","tag-primer","tag-projecte-festa-major","tag-segon"],"post_mailing_queue_ids":[],"_links":{"self":[{"href":"https:\/\/agora.xtec.cat\/esc-maragall-lh\/wp-json\/wp\/v2\/posts\/4132","targetHints":{"allow":["GET"]}}],"collection":[{"href":"https:\/\/agora.xtec.cat\/esc-maragall-lh\/wp-json\/wp\/v2\/posts"}],"about":[{"href":"https:\/\/agora.xtec.cat\/esc-maragall-lh\/wp-json\/wp\/v2\/types\/post"}],"author":[{"embeddable":true,"href":"https:\/\/agora.xtec.cat\/esc-maragall-lh\/wp-json\/wp\/v2\/users\/11"}],"replies":[{"embeddable":true,"href":"https:\/\/agora.xtec.cat\/esc-maragall-lh\/wp-json\/wp\/v2\/comments?post=4132"}],"version-history":[{"count":3,"href":"https:\/\/agora.xtec.cat\/esc-maragall-lh\/wp-json\/wp\/v2\/posts\/4132\/revisions"}],"predecessor-version":[{"id":4160,"href":"https:\/\/agora.xtec.cat\/esc-maragall-lh\/wp-json\/wp\/v2\/posts\/4132\/revisions\/4160"}],"wp:featuredmedia":[{"embeddable":true,"href":"https:\/\/agora.xtec.cat\/esc-maragall-lh\/wp-json\/wp\/v2\/media\/4158"}],"wp:attachment":[{"href":"https:\/\/agora.xtec.cat\/esc-maragall-lh\/wp-json\/wp\/v2\/media?parent=4132"}],"wp:term":[{"taxonomy":"category","embeddable":true,"href":"https:\/\/agora.xtec.cat\/esc-maragall-lh\/wp-json\/wp\/v2\/categories?post=4132"},{"taxonomy":"post_tag","embeddable":true,"href":"https:\/\/agora.xtec.cat\/esc-maragall-lh\/wp-json\/wp\/v2\/tags?post=4132"}],"curies":[{"name":"wp","href":"https:\/\/api.w.org\/{rel}","templated":true}]}}