{"id":3651,"date":"2019-06-14T00:17:53","date_gmt":"2019-06-13T22:17:53","guid":{"rendered":"http:\/\/agora.xtec.cat\/esc-maragall-lh\/?p=3651"},"modified":"2019-06-14T00:32:08","modified_gmt":"2019-06-13T22:32:08","slug":"p-3-projecte-els-avions-4a-5a-6a-i-7a-exposicio","status":"publish","type":"post","link":"https:\/\/agora.xtec.cat\/esc-maragall-lh\/general\/p-3-projecte-els-avions-4a-5a-6a-i-7a-exposicio\/","title":{"rendered":"P-3 Projecte &#8220;Els avions&#8221;: 4a, 5a, 6a i 7a exposici\u00f3"},"content":{"rendered":"<p style=\"text-align: center;\">A P-3 hem continuat treballant el<strong>\u00a0projecte de treball &#8220;Els avions&#8221;<\/strong>, nom de la nostra classe.<\/p>\n<p><img loading=\"lazy\" decoding=\"async\" class=\"aligncenter wp-image-3655\" src=\"https:\/\/agora.xtec.cat\/esc-maragall-lh\/wp-content\/uploads\/usu1598\/2019\/06\/IMG_20190502_101911215-1024x758.jpg\" alt=\"\" width=\"428\" height=\"317\" srcset=\"https:\/\/agora.xtec.cat\/esc-maragall-lh\/wp-content\/uploads\/usu1598\/2019\/06\/IMG_20190502_101911215-1024x758.jpg 1024w, https:\/\/agora.xtec.cat\/esc-maragall-lh\/wp-content\/uploads\/usu1598\/2019\/06\/IMG_20190502_101911215-300x222.jpg 300w, https:\/\/agora.xtec.cat\/esc-maragall-lh\/wp-content\/uploads\/usu1598\/2019\/06\/IMG_20190502_101911215-768x569.jpg 768w\" sizes=\"auto, (max-width: 428px) 100vw, 428px\" \/><\/p>\n<p style=\"text-align: justify;\">El Joan i el No\u00e8 ens van explicar quines s\u00f3n les professions relacionades amb els avions, donant resposta a la quarta pregunta del projecte: <strong>Qui treballa als avions i als aeroports? <\/strong>A dins de l&#8217;avi\u00f3 el\/la pilot i copilot s\u00f3n els encarregats de conduir-lo i les hostesses tenen cura dels passatgers. Els controladors aeris, des de la torre de control, organitzen les sortides i arribades dels vols amb ajuda dels senyalers a terra. Els mec\u00e0nics s&#8217;encarreguen de que els avions estiguin a punt. Tamb\u00e9 hi ha diferents botiguers, bombers, metges, policies,&#8230; que vetllen per la nostra seguretat i benestar a l&#8217;aeroport.<\/p>\n<p><img loading=\"lazy\" decoding=\"async\" class=\"aligncenter wp-image-3685\" src=\"https:\/\/agora.xtec.cat\/esc-maragall-lh\/wp-content\/uploads\/usu1598\/2019\/06\/IMG_20190517_102419020-COLLAGE-1024x1024.jpg\" alt=\"\" width=\"511\" height=\"511\" srcset=\"https:\/\/agora.xtec.cat\/esc-maragall-lh\/wp-content\/uploads\/usu1598\/2019\/06\/IMG_20190517_102419020-COLLAGE-1024x1024.jpg 1024w, https:\/\/agora.xtec.cat\/esc-maragall-lh\/wp-content\/uploads\/usu1598\/2019\/06\/IMG_20190517_102419020-COLLAGE-150x150.jpg 150w, https:\/\/agora.xtec.cat\/esc-maragall-lh\/wp-content\/uploads\/usu1598\/2019\/06\/IMG_20190517_102419020-COLLAGE-300x300.jpg 300w, https:\/\/agora.xtec.cat\/esc-maragall-lh\/wp-content\/uploads\/usu1598\/2019\/06\/IMG_20190517_102419020-COLLAGE-768x768.jpg 768w, https:\/\/agora.xtec.cat\/esc-maragall-lh\/wp-content\/uploads\/usu1598\/2019\/06\/IMG_20190517_102419020-COLLAGE.jpg 2046w\" sizes=\"auto, (max-width: 511px) 100vw, 511px\" \/><\/p>\n<p style=\"text-align: justify;\">La Nour, l&#8217;Ainhoa, l&#8217;Ainara, el Bruno i la Violet ens van fer la seva exposici\u00f3 sobre la pregunta: <strong>Quins tipus d&#8217;avions hi ha? <\/strong>Hem vist que s\u00f3n molts i variats segons quin criteri seguim. Alguns d&#8217;ells s\u00f3n: avions de passatgers, avions de c\u00e0rrega (que poden arribar a transportar autobusos, trens i grans mercaderies), avionetes (amb diferents funcions), hidroavions i avions militars (molt diversos i alguns molt velo\u00e7os).<\/p>\n<p><img loading=\"lazy\" decoding=\"async\" class=\"aligncenter wp-image-3652\" src=\"https:\/\/agora.xtec.cat\/esc-maragall-lh\/wp-content\/uploads\/usu1598\/2019\/06\/IMG_20190530_100940855-1024x768.jpg\" alt=\"\" width=\"488\" height=\"366\" srcset=\"https:\/\/agora.xtec.cat\/esc-maragall-lh\/wp-content\/uploads\/usu1598\/2019\/06\/IMG_20190530_100940855-1024x768.jpg 1024w, https:\/\/agora.xtec.cat\/esc-maragall-lh\/wp-content\/uploads\/usu1598\/2019\/06\/IMG_20190530_100940855-300x225.jpg 300w, https:\/\/agora.xtec.cat\/esc-maragall-lh\/wp-content\/uploads\/usu1598\/2019\/06\/IMG_20190530_100940855-768x576.jpg 768w, https:\/\/agora.xtec.cat\/esc-maragall-lh\/wp-content\/uploads\/usu1598\/2019\/06\/IMG_20190530_100940855-200x150.jpg 200w\" sizes=\"auto, (max-width: 488px) 100vw, 488px\" \/><\/p>\n<p style=\"text-align: justify;\">L&#8217;Ariadna, La Martina i la Jade van investigar <strong>quin \u00e9s l&#8217;avi\u00f3 m\u00e9s gran<\/strong>. Van sorgir dos models diferents. El <strong>Stratolaunch<\/strong> \u00e9s el que t\u00e9 m\u00e9s envergadura. De punta a punta de cada ala fa 117 metres; m\u00e9s que un camp de futbol! T\u00e9 dues cabines (semblen dos avions junts), 6 motors i 28 rodes.\u00a0 L&#8217;<strong>Antonov 225<\/strong> t\u00e9 una envergadura menor (88 m), per\u00f2 \u00e9s el m\u00e9s llarg (84 m) i, a m\u00e9s a m\u00e9s, el que m\u00e9s pesa. T\u00e9 tamb\u00e9 6 motors, i 32 rodes! Els dos serveixen per llan\u00e7ar coets i sat\u00e8l\u00b7lits cap a l&#8217;espai.<\/p>\n<p><img loading=\"lazy\" decoding=\"async\" class=\"aligncenter wp-image-3684\" src=\"https:\/\/agora.xtec.cat\/esc-maragall-lh\/wp-content\/uploads\/usu1598\/2019\/06\/IMG_20190611_123543710-COLLAGE-1-1024x768.jpg\" alt=\"\" width=\"508\" height=\"381\" srcset=\"https:\/\/agora.xtec.cat\/esc-maragall-lh\/wp-content\/uploads\/usu1598\/2019\/06\/IMG_20190611_123543710-COLLAGE-1-1024x768.jpg 1024w, https:\/\/agora.xtec.cat\/esc-maragall-lh\/wp-content\/uploads\/usu1598\/2019\/06\/IMG_20190611_123543710-COLLAGE-1-300x225.jpg 300w, https:\/\/agora.xtec.cat\/esc-maragall-lh\/wp-content\/uploads\/usu1598\/2019\/06\/IMG_20190611_123543710-COLLAGE-1-768x576.jpg 768w, https:\/\/agora.xtec.cat\/esc-maragall-lh\/wp-content\/uploads\/usu1598\/2019\/06\/IMG_20190611_123543710-COLLAGE-1-200x150.jpg 200w, https:\/\/agora.xtec.cat\/esc-maragall-lh\/wp-content\/uploads\/usu1598\/2019\/06\/IMG_20190611_123543710-COLLAGE-1.jpg 2046w\" sizes=\"auto, (max-width: 508px) 100vw, 508px\" \/><\/p>\n<p style=\"text-align: center;\">La Ruth, el Shahir i el Javier ens van explicar <strong>la import\u00e0ncia de l&#8217;invent de l&#8217;avi\u00f3<\/strong>. Els avions ens permeten viatjar en poc temps a llocs llunyans, transportar molta c\u00e0rrega i arribar a llocs dif\u00edcils. \u00c9s segur, per\u00f2 car.<\/p>\n<p style=\"text-align: center;\">Per veure les fotos i el v\u00eddeo feu clic <a href=\"https:\/\/photos.app.goo.gl\/9KwyJY6cFQRuh6ci8\">AQU\u00cd.<\/a><\/p>\n<p>&nbsp;<\/p>\n<p>&nbsp;<\/p>\n<p>&nbsp;<\/p>\n","protected":false},"excerpt":{"rendered":"<p>Hem continuat aprenent sobre els avions: professions relacionades, tipus d&#8217;avions, l&#8217;avi\u00f3 m\u00e9s gran i la import\u00e0ncia d&#8217;aquest invent.<\/p>\n","protected":false},"author":1,"featured_media":3652,"comment_status":"closed","ping_status":"closed","sticky":false,"template":"","format":"standard","meta":{"_bbp_topic_count":0,"_bbp_reply_count":0,"_bbp_total_topic_count":0,"_bbp_total_reply_count":0,"_bbp_voice_count":0,"_bbp_anonymous_reply_count":0,"_bbp_topic_count_hidden":0,"_bbp_reply_count_hidden":0,"_bbp_forum_subforum_count":0,"site-sidebar-layout":"default","site-content-layout":"","ast-site-content-layout":"","site-content-style":"default","site-sidebar-style":"default","ast-global-header-display":"","ast-banner-title-visibility":"","ast-main-header-display":"","ast-hfb-above-header-display":"","ast-hfb-below-header-display":"","ast-hfb-mobile-header-display":"","site-post-title":"","ast-breadcrumbs-content":"","ast-featured-img":"","footer-sml-layout":"","theme-transparent-header-meta":"","adv-header-id-meta":"","stick-header-meta":"","header-above-stick-meta":"","header-main-stick-meta":"","header-below-stick-meta":"","astra-migrate-meta-layouts":"default","ast-page-background-enabled":"default","ast-page-background-meta":{"desktop":{"background-color":"var(--ast-global-color-4)","background-image":"","background-repeat":"repeat","background-position":"center center","background-size":"auto","background-attachment":"scroll","background-type":"","background-media":"","overlay-type":"","overlay-color":"","overlay-opacity":"","overlay-gradient":""},"tablet":{"background-color":"","background-image":"","background-repeat":"repeat","background-position":"center center","background-size":"auto","background-attachment":"scroll","background-type":"","background-media":"","overlay-type":"","overlay-color":"","overlay-opacity":"","overlay-gradient":""},"mobile":{"background-color":"","background-image":"","background-repeat":"repeat","background-position":"center center","background-size":"auto","background-attachment":"scroll","background-type":"","background-media":"","overlay-type":"","overlay-color":"","overlay-opacity":"","overlay-gradient":""}},"ast-content-background-meta":{"desktop":{"background-color":"var(--ast-global-color-5)","background-image":"","background-repeat":"repeat","background-position":"center center","background-size":"auto","background-attachment":"scroll","background-type":"","background-media":"","overlay-type":"","overlay-color":"","overlay-opacity":"","overlay-gradient":""},"tablet":{"background-color":"var(--ast-global-color-5)","background-image":"","background-repeat":"repeat","background-position":"center center","background-size":"auto","background-attachment":"scroll","background-type":"","background-media":"","overlay-type":"","overlay-color":"","overlay-opacity":"","overlay-gradient":""},"mobile":{"background-color":"var(--ast-global-color-5)","background-image":"","background-repeat":"repeat","background-position":"center center","background-size":"auto","background-attachment":"scroll","background-type":"","background-media":"","overlay-type":"","overlay-color":"","overlay-opacity":"","overlay-gradient":""}},"footnotes":""},"categories":[341,1,346,4],"tags":[404,149,355,147],"class_list":["post-3651","post","type-post","status-publish","format-standard","has-post-thumbnail","hentry","category-curs-2018-19","category-general","category-p-3-201819","category-portada","tag-avions","tag-exposicions","tag-p-3","tag-projecte"],"post_mailing_queue_ids":[],"_links":{"self":[{"href":"https:\/\/agora.xtec.cat\/esc-maragall-lh\/wp-json\/wp\/v2\/posts\/3651","targetHints":{"allow":["GET"]}}],"collection":[{"href":"https:\/\/agora.xtec.cat\/esc-maragall-lh\/wp-json\/wp\/v2\/posts"}],"about":[{"href":"https:\/\/agora.xtec.cat\/esc-maragall-lh\/wp-json\/wp\/v2\/types\/post"}],"author":[{"embeddable":true,"href":"https:\/\/agora.xtec.cat\/esc-maragall-lh\/wp-json\/wp\/v2\/users\/1"}],"replies":[{"embeddable":true,"href":"https:\/\/agora.xtec.cat\/esc-maragall-lh\/wp-json\/wp\/v2\/comments?post=3651"}],"version-history":[{"count":3,"href":"https:\/\/agora.xtec.cat\/esc-maragall-lh\/wp-json\/wp\/v2\/posts\/3651\/revisions"}],"predecessor-version":[{"id":3688,"href":"https:\/\/agora.xtec.cat\/esc-maragall-lh\/wp-json\/wp\/v2\/posts\/3651\/revisions\/3688"}],"wp:featuredmedia":[{"embeddable":true,"href":"https:\/\/agora.xtec.cat\/esc-maragall-lh\/wp-json\/wp\/v2\/media\/3652"}],"wp:attachment":[{"href":"https:\/\/agora.xtec.cat\/esc-maragall-lh\/wp-json\/wp\/v2\/media?parent=3651"}],"wp:term":[{"taxonomy":"category","embeddable":true,"href":"https:\/\/agora.xtec.cat\/esc-maragall-lh\/wp-json\/wp\/v2\/categories?post=3651"},{"taxonomy":"post_tag","embeddable":true,"href":"https:\/\/agora.xtec.cat\/esc-maragall-lh\/wp-json\/wp\/v2\/tags?post=3651"}],"curies":[{"name":"wp","href":"https:\/\/api.w.org\/{rel}","templated":true}]}}