{"id":3199,"date":"2019-03-29T21:46:25","date_gmt":"2019-03-29T20:46:25","guid":{"rendered":"http:\/\/agora.xtec.cat\/esc-maragall-lh\/?p=3199"},"modified":"2019-04-13T16:19:37","modified_gmt":"2019-04-13T14:19:37","slug":"e-i-i-c-i-exposicio-deugenio-ampudia-centre-dart-tecla-sala","status":"publish","type":"post","link":"https:\/\/agora.xtec.cat\/esc-maragall-lh\/general\/e-i-i-c-i-exposicio-deugenio-ampudia-centre-dart-tecla-sala\/","title":{"rendered":"E.I. i C.I. gaudim de l&#8217;art d&#8217;Eugenio Ampudia"},"content":{"rendered":"<p>Aquest curs, un cop m\u00e9s, hem gaudit d&#8217;una de les exposicions que ens ofereix el Centre d&#8217;Art Tecla Sala, fant\u00e0stic centre ve\u00ed de la nostra escola.<\/p>\n<p>La Teresa i l&#8217;\u00darsula, guies del Centre que coneixem des de fa ja uns quants anys, ens van apropar a l&#8217;obra d&#8217;<strong>Eugenio Ampudia<\/strong>\u00a0en un recorregut per la seva exposici\u00f3<em><strong> I tu, qu\u00e8 fas per l&#8217;art?<\/strong>.<\/em> <em><strong>\u00a0<\/strong><\/em>Ens van fer pensar, reflexionar, participar, imaginar i, en definitiva,\u00a0gaudir d&#8217;all\u00f2 que l&#8217;artista presenta, sempre de forma amena, divertida i adaptada a la nostra edat.<\/p>\n<p>El grup de segon, a m\u00e9s a m\u00e9s, despr\u00e9s de la visita, va fer un taller on cada nen i nena va elaborar un collage relacionat amb l&#8217;exposici\u00f3.<\/p>\n<p>Eugenio Ampudia (Melgar, Valladolidid, 1958) \u00e9s un\u00a0artista que utilitza llenguatges habituals dels mitjans de comunicaci\u00f3 pels seus treballs cr\u00edtics, que volen generar dubtes i preguntes a l&#8217;espectador sobre l&#8217;art en general<i>.<\/i><\/p>\n<p>Podeu veure un\u00a0<strong>v\u00eddeo<\/strong> clicant\u00a0<a href=\"https:\/\/photos.app.goo.gl\/NV5nJgrj2dHU7gvo8\">AQU\u00cd<\/a>\u00a0i les <strong>fotos\u00a0<\/strong><a href=\"https:\/\/photos.app.goo.gl\/TFuFrjnpwZkLHVri9\">AQU\u00cd<\/a>.<\/p>\n","protected":false},"excerpt":{"rendered":"<p>Aquest mes de mar\u00e7, les classes d&#8217;Educaci\u00f3 Infantil i Cicle Inicial hem visitat l&#8217;exposici\u00f3 &#8220;I tu, qu\u00e8 fas per l&#8217;art?&#8221; d&#8217;Eugenio Ampudia al Centre d&#8217;Art Tecla Sala.<\/p>\n","protected":false},"author":1,"featured_media":3200,"comment_status":"closed","ping_status":"closed","sticky":false,"template":"","format":"standard","meta":{"_bbp_topic_count":0,"_bbp_reply_count":0,"_bbp_total_topic_count":0,"_bbp_total_reply_count":0,"_bbp_voice_count":0,"_bbp_anonymous_reply_count":0,"_bbp_topic_count_hidden":0,"_bbp_reply_count_hidden":0,"_bbp_forum_subforum_count":0,"site-sidebar-layout":"default","site-content-layout":"","ast-site-content-layout":"","site-content-style":"default","site-sidebar-style":"default","ast-global-header-display":"","ast-banner-title-visibility":"","ast-main-header-display":"","ast-hfb-above-header-display":"","ast-hfb-below-header-display":"","ast-hfb-mobile-header-display":"","site-post-title":"","ast-breadcrumbs-content":"","ast-featured-img":"","footer-sml-layout":"","theme-transparent-header-meta":"","adv-header-id-meta":"","stick-header-meta":"","header-above-stick-meta":"","header-main-stick-meta":"","header-below-stick-meta":"","astra-migrate-meta-layouts":"default","ast-page-background-enabled":"default","ast-page-background-meta":{"desktop":{"background-color":"var(--ast-global-color-4)","background-image":"","background-repeat":"repeat","background-position":"center center","background-size":"auto","background-attachment":"scroll","background-type":"","background-media":"","overlay-type":"","overlay-color":"","overlay-opacity":"","overlay-gradient":""},"tablet":{"background-color":"","background-image":"","background-repeat":"repeat","background-position":"center center","background-size":"auto","background-attachment":"scroll","background-type":"","background-media":"","overlay-type":"","overlay-color":"","overlay-opacity":"","overlay-gradient":""},"mobile":{"background-color":"","background-image":"","background-repeat":"repeat","background-position":"center center","background-size":"auto","background-attachment":"scroll","background-type":"","background-media":"","overlay-type":"","overlay-color":"","overlay-opacity":"","overlay-gradient":""}},"ast-content-background-meta":{"desktop":{"background-color":"var(--ast-global-color-5)","background-image":"","background-repeat":"repeat","background-position":"center center","background-size":"auto","background-attachment":"scroll","background-type":"","background-media":"","overlay-type":"","overlay-color":"","overlay-opacity":"","overlay-gradient":""},"tablet":{"background-color":"var(--ast-global-color-5)","background-image":"","background-repeat":"repeat","background-position":"center center","background-size":"auto","background-attachment":"scroll","background-type":"","background-media":"","overlay-type":"","overlay-color":"","overlay-opacity":"","overlay-gradient":""},"mobile":{"background-color":"var(--ast-global-color-5)","background-image":"","background-repeat":"repeat","background-position":"center center","background-size":"auto","background-attachment":"scroll","background-type":"","background-media":"","overlay-type":"","overlay-color":"","overlay-opacity":"","overlay-gradient":""}},"footnotes":""},"categories":[345,350,341,1,342,346,347,348,4],"tags":[369,400,88,144,150],"class_list":["post-3199","post","type-post","status-publish","format-standard","has-post-thumbnail","hentry","category-1r-201819","category-2n-201819","category-curs-2018-19","category-general","category-infantil-201819","category-p-3-201819","category-p-4-201819","category-p-5-201819","category-portada","tag-art","tag-centre-dart-tecla-sala","tag-cicle-inicial","tag-educacio-infantil","tag-exposicio"],"post_mailing_queue_ids":[],"_links":{"self":[{"href":"https:\/\/agora.xtec.cat\/esc-maragall-lh\/wp-json\/wp\/v2\/posts\/3199","targetHints":{"allow":["GET"]}}],"collection":[{"href":"https:\/\/agora.xtec.cat\/esc-maragall-lh\/wp-json\/wp\/v2\/posts"}],"about":[{"href":"https:\/\/agora.xtec.cat\/esc-maragall-lh\/wp-json\/wp\/v2\/types\/post"}],"author":[{"embeddable":true,"href":"https:\/\/agora.xtec.cat\/esc-maragall-lh\/wp-json\/wp\/v2\/users\/1"}],"replies":[{"embeddable":true,"href":"https:\/\/agora.xtec.cat\/esc-maragall-lh\/wp-json\/wp\/v2\/comments?post=3199"}],"version-history":[{"count":3,"href":"https:\/\/agora.xtec.cat\/esc-maragall-lh\/wp-json\/wp\/v2\/posts\/3199\/revisions"}],"predecessor-version":[{"id":3350,"href":"https:\/\/agora.xtec.cat\/esc-maragall-lh\/wp-json\/wp\/v2\/posts\/3199\/revisions\/3350"}],"wp:featuredmedia":[{"embeddable":true,"href":"https:\/\/agora.xtec.cat\/esc-maragall-lh\/wp-json\/wp\/v2\/media\/3200"}],"wp:attachment":[{"href":"https:\/\/agora.xtec.cat\/esc-maragall-lh\/wp-json\/wp\/v2\/media?parent=3199"}],"wp:term":[{"taxonomy":"category","embeddable":true,"href":"https:\/\/agora.xtec.cat\/esc-maragall-lh\/wp-json\/wp\/v2\/categories?post=3199"},{"taxonomy":"post_tag","embeddable":true,"href":"https:\/\/agora.xtec.cat\/esc-maragall-lh\/wp-json\/wp\/v2\/tags?post=3199"}],"curies":[{"name":"wp","href":"https:\/\/api.w.org\/{rel}","templated":true}]}}